{"id":157818,"date":"2016-10-19T18:00:47","date_gmt":"2016-10-19T20:00:47","guid":{"rendered":"http:\/\/www.agrund.com\/?p=157818"},"modified":"2016-10-19T18:30:23","modified_gmt":"2016-10-19T20:30:23","slug":"o-maxi-colete-salvador-de-cada-dia","status":"publish","type":"post","link":"https:\/\/agrund.com\/index.php\/o-maxi-colete-salvador-de-cada-dia\/","title":{"rendered":"O maxi colete salvador de cada dia"},"content":{"rendered":"<p>As pe\u00e7as masculinas definitivamente invadiram o closet feminino. E n\u00e3o \u00e9 de hoje que isso acontece. Na d\u00e9cada de 20, Chanel trouxe a camiseta listrada e a silhueta mais confort\u00e1vel. Depois, Yves Saint Laurent vestiu a mulher de smoking. E, agora, a pe\u00e7a de vez &#8211; em pleno 2016 &#8211; \u00e9 o maxi colete. Tenho visto algumas mulheres aqui no Brasil usando a pe\u00e7a. Ent\u00e3o, para incentiv\u00e1-las, vou dar algumas dicas para esta pe\u00e7a que fica super bem no corpo da mulher brasileira. O maxi colete salvador de cada dia!<\/p>\n<p>A mistura de estilos. O maxi colete com uma pegada mais masculina fica excelente com pe\u00e7as mais sensuais e femininas. Saltos, shorts e regata resultam numa boa trinca para ser usada com a pe\u00e7a.<\/p>\n<div id=\"attachment_157819\" style=\"width: 510px\" class=\"wp-caption aligncenter\"><img aria-describedby=\"caption-attachment-157819\" data-attachment-id=\"157819\" data-permalink=\"https:\/\/agrund.com\/index.php\/o-maxi-colete-salvador-de-cada-dia\/1-810\/\" data-orig-file=\"https:\/\/i0.wp.com\/agrund.com\/wp-content\/uploads\/sites\/6\/2016\/10\/1.png?fit=500%2C791&amp;ssl=1\" data-orig-size=\"500,791\" data-comments-opened=\"1\" data-image-meta=\"{&quot;aperture&quot;:&quot;0&quot;,&quot;credit&quot;:&quot;&quot;,&quot;camera&quot;:&quot;&quot;,&quot;caption&quot;:&quot;&quot;,&quot;created_timestamp&quot;:&quot;0&quot;,&quot;copyright&quot;:&quot;&quot;,&quot;focal_length&quot;:&quot;0&quot;,&quot;iso&quot;:&quot;0&quot;,&quot;shutter_speed&quot;:&quot;0&quot;,&quot;title&quot;:&quot;&quot;,&quot;orientation&quot;:&quot;0&quot;}\" data-image-title=\"O maxi colete salvador de cada dia\" data-image-description=\"\" data-image-caption=\"&lt;p&gt;O maxi colete salvador de cada dia&lt;\/p&gt;\n\" data-medium-file=\"https:\/\/i0.wp.com\/agrund.com\/wp-content\/uploads\/sites\/6\/2016\/10\/1.png?fit=190%2C300&amp;ssl=1\" data-large-file=\"https:\/\/i0.wp.com\/agrund.com\/wp-content\/uploads\/sites\/6\/2016\/10\/1.png?fit=500%2C791&amp;ssl=1\" decoding=\"async\" loading=\"lazy\" class=\"size-full wp-image-157819\" src=\"https:\/\/i0.wp.com\/www.agrund.com\/wp-content\/uploads\/sites\/6\/2016\/10\/1.png?resize=500%2C791\" alt=\"O maxi colete salvador de cada dia\" width=\"500\" height=\"791\" srcset=\"https:\/\/i0.wp.com\/agrund.com\/wp-content\/uploads\/sites\/6\/2016\/10\/1.png?w=500&amp;ssl=1 500w, https:\/\/i0.wp.com\/agrund.com\/wp-content\/uploads\/sites\/6\/2016\/10\/1.png?resize=190%2C300&amp;ssl=1 190w\" sizes=\"(max-width: 500px) 100vw, 500px\" data-recalc-dims=\"1\" \/><p id=\"caption-attachment-157819\" class=\"wp-caption-text\">O maxi colete salvador de cada dia<\/p><\/div>\n<p>&nbsp;<\/p>\n<p>Direto dos anos 80. O maxi colete de jeans, com o ombro mais ca\u00eddo, \u00e9 a pe\u00e7a que vem direto da d\u00e9cada do brilho e do exagero. Para o visual n\u00e3o ficar datado, misture as d\u00e9cadas e estilos. Aqui, a estampa de bicho cl\u00e1ssica foi usada com a saia geom\u00e9trica que remete aos anos 90.<\/p>\n<div id=\"attachment_157820\" style=\"width: 510px\" class=\"wp-caption aligncenter\"><img aria-describedby=\"caption-attachment-157820\" data-attachment-id=\"157820\" data-permalink=\"https:\/\/agrund.com\/index.php\/o-maxi-colete-salvador-de-cada-dia\/2-776\/\" data-orig-file=\"https:\/\/i0.wp.com\/agrund.com\/wp-content\/uploads\/sites\/6\/2016\/10\/2-17-e1476908762321.jpg?fit=500%2C500&amp;ssl=1\" data-orig-size=\"500,500\" data-comments-opened=\"1\" data-image-meta=\"{&quot;aperture&quot;:&quot;0&quot;,&quot;credit&quot;:&quot;&quot;,&quot;camera&quot;:&quot;&quot;,&quot;caption&quot;:&quot;&quot;,&quot;created_timestamp&quot;:&quot;0&quot;,&quot;copyright&quot;:&quot;&quot;,&quot;focal_length&quot;:&quot;0&quot;,&quot;iso&quot;:&quot;0&quot;,&quot;shutter_speed&quot;:&quot;0&quot;,&quot;title&quot;:&quot;&quot;,&quot;orientation&quot;:&quot;0&quot;}\" data-image-title=\"O maxi colete salvador de cada dia\" data-image-description=\"\" data-image-caption=\"&lt;p&gt;O maxi colete salvador de cada dia&lt;\/p&gt;\n\" data-medium-file=\"https:\/\/i0.wp.com\/agrund.com\/wp-content\/uploads\/sites\/6\/2016\/10\/2-17-e1476908762321.jpg?fit=300%2C300&amp;ssl=1\" data-large-file=\"https:\/\/i0.wp.com\/agrund.com\/wp-content\/uploads\/sites\/6\/2016\/10\/2-17-e1476908762321.jpg?fit=500%2C500&amp;ssl=1\" decoding=\"async\" loading=\"lazy\" class=\"size-full wp-image-157820\" src=\"https:\/\/i0.wp.com\/www.agrund.com\/wp-content\/uploads\/sites\/6\/2016\/10\/2-17-e1476908762321.jpg?resize=500%2C500\" alt=\"O maxi colete salvador de cada dia\" width=\"500\" height=\"500\" data-recalc-dims=\"1\" \/><p id=\"caption-attachment-157820\" class=\"wp-caption-text\">O maxi colete salvador de cada dia<\/p><\/div>\n<p>&nbsp;<\/p>\n<p>Para o trabalho. Se sua ideia \u00e9 usar o maxi colete no ambiente mais formal, n\u00e3o esque\u00e7a que as demais pe\u00e7as devem acompanhar o c\u00f3digo de vestimenta. E, nesse caso, as cores mais s\u00f3brias tamb\u00e9m s\u00e3o bem-vindas.<\/p>\n<div id=\"attachment_157821\" style=\"width: 510px\" class=\"wp-caption aligncenter\"><img aria-describedby=\"caption-attachment-157821\" data-attachment-id=\"157821\" data-permalink=\"https:\/\/agrund.com\/index.php\/o-maxi-colete-salvador-de-cada-dia\/3-749\/\" data-orig-file=\"https:\/\/i0.wp.com\/agrund.com\/wp-content\/uploads\/sites\/6\/2016\/10\/3-15-e1476908853742.jpg?fit=500%2C500&amp;ssl=1\" data-orig-size=\"500,500\" data-comments-opened=\"1\" data-image-meta=\"{&quot;aperture&quot;:&quot;0&quot;,&quot;credit&quot;:&quot;&quot;,&quot;camera&quot;:&quot;&quot;,&quot;caption&quot;:&quot;&quot;,&quot;created_timestamp&quot;:&quot;0&quot;,&quot;copyright&quot;:&quot;&quot;,&quot;focal_length&quot;:&quot;0&quot;,&quot;iso&quot;:&quot;0&quot;,&quot;shutter_speed&quot;:&quot;0&quot;,&quot;title&quot;:&quot;&quot;,&quot;orientation&quot;:&quot;0&quot;}\" data-image-title=\"O maxi colete salvador de cada dia\" data-image-description=\"\" data-image-caption=\"&lt;p&gt;O maxi colete salvador de cada dia&lt;\/p&gt;\n\" data-medium-file=\"https:\/\/i0.wp.com\/agrund.com\/wp-content\/uploads\/sites\/6\/2016\/10\/3-15-e1476908853742.jpg?fit=300%2C300&amp;ssl=1\" data-large-file=\"https:\/\/i0.wp.com\/agrund.com\/wp-content\/uploads\/sites\/6\/2016\/10\/3-15-e1476908853742.jpg?fit=500%2C500&amp;ssl=1\" decoding=\"async\" loading=\"lazy\" class=\"size-full wp-image-157821\" src=\"https:\/\/i0.wp.com\/www.agrund.com\/wp-content\/uploads\/sites\/6\/2016\/10\/3-15-e1476908853742.jpg?resize=500%2C500\" alt=\"O maxi colete salvador de cada dia\" width=\"500\" height=\"500\" data-recalc-dims=\"1\" \/><p id=\"caption-attachment-157821\" class=\"wp-caption-text\">O maxi colete salvador de cada dia<\/p><\/div>\n<p>&nbsp;<\/p>\n<p>Os bordados. Por fim, quando voc\u00ea estiver segura de suas produ\u00e7\u00f5es com o maxi colete, misture com pe\u00e7as ousadas. Estampas, bordados 3D, jeans rasgados e muito estilo! Aqui, a pe\u00e7a traz personalidade ao look.<\/p>\n<div id=\"attachment_157822\" style=\"width: 510px\" class=\"wp-caption aligncenter\"><img aria-describedby=\"caption-attachment-157822\" data-attachment-id=\"157822\" data-permalink=\"https:\/\/agrund.com\/index.php\/o-maxi-colete-salvador-de-cada-dia\/4-713\/\" data-orig-file=\"https:\/\/i0.wp.com\/agrund.com\/wp-content\/uploads\/sites\/6\/2016\/10\/4-16-e1476908864598.jpg?fit=500%2C902&amp;ssl=1\" data-orig-size=\"500,902\" data-comments-opened=\"1\" data-image-meta=\"{&quot;aperture&quot;:&quot;0&quot;,&quot;credit&quot;:&quot;&quot;,&quot;camera&quot;:&quot;&quot;,&quot;caption&quot;:&quot;&quot;,&quot;created_timestamp&quot;:&quot;0&quot;,&quot;copyright&quot;:&quot;&quot;,&quot;focal_length&quot;:&quot;0&quot;,&quot;iso&quot;:&quot;0&quot;,&quot;shutter_speed&quot;:&quot;0&quot;,&quot;title&quot;:&quot;&quot;,&quot;orientation&quot;:&quot;0&quot;}\" data-image-title=\"O maxi colete salvador de cada dia\" data-image-description=\"\" data-image-caption=\"&lt;p&gt;O maxi colete salvador de cada dia&lt;\/p&gt;\n\" data-medium-file=\"https:\/\/i0.wp.com\/agrund.com\/wp-content\/uploads\/sites\/6\/2016\/10\/4-16-e1476908864598.jpg?fit=166%2C300&amp;ssl=1\" data-large-file=\"https:\/\/i0.wp.com\/agrund.com\/wp-content\/uploads\/sites\/6\/2016\/10\/4-16-e1476908864598.jpg?fit=500%2C902&amp;ssl=1\" decoding=\"async\" loading=\"lazy\" class=\"size-full wp-image-157822\" src=\"https:\/\/i0.wp.com\/www.agrund.com\/wp-content\/uploads\/sites\/6\/2016\/10\/4-16-e1476908864598.jpg?resize=500%2C902\" alt=\"O maxi colete salvador de cada dia\" width=\"500\" height=\"902\" data-recalc-dims=\"1\" \/><p id=\"caption-attachment-157822\" class=\"wp-caption-text\">O maxi colete salvador de cada dia<\/p><\/div>\n<p>&nbsp;<\/p>\n<p>Imagens: Reprodu\u00e7\u00e3o.<\/p>\n","protected":false},"excerpt":{"rendered":"<p>As pe\u00e7as masculinas definitivamente invadiram o closet feminino. E n\u00e3o \u00e9 de hoje que isso acontece. Na d\u00e9cada de 20, Chanel trouxe a camiseta listrada e a silhueta mais confort\u00e1vel. Depois, Yves Saint Laurent vestiu a mulher de smoking. E, agora, a pe\u00e7a de vez &#8211; em pleno 2016 &#8211; \u00e9 o maxi colete. Tenho [&hellip;]<\/p>\n","protected":false},"author":8,"featured_media":157823,"comment_status":"open","ping_status":"open","sticky":false,"template":"","format":"standard","meta":{"jetpack_post_was_ever_published":false,"_jetpack_newsletter_access":"","jetpack_publicize_message":"","jetpack_is_tweetstorm":false,"jetpack_publicize_feature_enabled":true,"jetpack_social_post_already_shared":true,"jetpack_social_options":{"image_generator_settings":{"template":"highway","enabled":false}}},"categories":[2],"tags":[],"jetpack_publicize_connections":[],"jetpack_featured_media_url":"https:\/\/i0.wp.com\/agrund.com\/wp-content\/uploads\/sites\/6\/2016\/10\/s-73.jpg?fit=960%2C300&ssl=1","jetpack_sharing_enabled":true,"jetpack_shortlink":"https:\/\/wp.me\/p3Hz0n-F3s","jetpack_likes_enabled":true,"_links":{"self":[{"href":"https:\/\/agrund.com\/index.php\/wp-json\/wp\/v2\/posts\/157818"}],"collection":[{"href":"https:\/\/agrund.com\/index.php\/wp-json\/wp\/v2\/posts"}],"about":[{"href":"https:\/\/agrund.com\/index.php\/wp-json\/wp\/v2\/types\/post"}],"author":[{"embeddable":true,"href":"https:\/\/agrund.com\/index.php\/wp-json\/wp\/v2\/users\/8"}],"replies":[{"embeddable":true,"href":"https:\/\/agrund.com\/index.php\/wp-json\/wp\/v2\/comments?post=157818"}],"version-history":[{"count":0,"href":"https:\/\/agrund.com\/index.php\/wp-json\/wp\/v2\/posts\/157818\/revisions"}],"wp:featuredmedia":[{"embeddable":true,"href":"https:\/\/agrund.com\/index.php\/wp-json\/wp\/v2\/media\/157823"}],"wp:attachment":[{"href":"https:\/\/agrund.com\/index.php\/wp-json\/wp\/v2\/media?parent=157818"}],"wp:term":[{"taxonomy":"category","embeddable":true,"href":"https:\/\/agrund.com\/index.php\/wp-json\/wp\/v2\/categories?post=157818"},{"taxonomy":"post_tag","embeddable":true,"href":"https:\/\/agrund.com\/index.php\/wp-json\/wp\/v2\/tags?post=157818"}],"curies":[{"name":"wp","href":"https:\/\/api.w.org\/{rel}","templated":true}]}}