{"id":157622,"date":"2016-10-14T16:00:21","date_gmt":"2016-10-14T19:00:21","guid":{"rendered":"http:\/\/www.agrund.com\/?p=157622"},"modified":"2016-10-14T15:02:02","modified_gmt":"2016-10-14T18:02:02","slug":"ready-to-go-investindo-no-futuro-da-moda","status":"publish","type":"post","link":"https:\/\/agrund.com\/index.php\/ready-to-go-investindo-no-futuro-da-moda\/","title":{"rendered":"Ready To Go :: Investindo no futuro da moda"},"content":{"rendered":"<p>Por Thay Sanqueta<\/p>\n<p>O Ready To Go \u00e9 o maior concurso mineiro voltado para os talentos criativos de MG, com o intuito de identificar, capacitar e apresentar novos talentos com potencial, destacando o trabalho dos jovens designers e suas marcas para o mercado nacional. Essa j\u00e1 \u00e9 a oitava edi\u00e7\u00e3o do projeto, que \u00e9 realizado pelo TS Studio com o apoio do Sindivest-MG.<\/p>\n<p>O concurso j\u00e1 revelou marcas como Lucas Magalh\u00e3es, que apresentou lindamente sua cole\u00e7\u00e3o no desfile do Minas Trend, al\u00e9m de outros nomes que v\u00eam se destacando no mercado, entre elas Plural, Anne est Folle, Jardin, Grama, Unit 7, Thays Temponi, Virg\u00edlio Couture e Ammis.<\/p>\n<p>O processo para conquistar espa\u00e7o no coletivo come\u00e7a por uma sele\u00e7\u00e3o feita por Tereza Santos, diretora do TS Studio, ao longo do semestre. Em seguida, as 12 escolhidas passam por uma consultoria da empresa nas \u00e1reas de produtos, tend\u00eancia e gest\u00e3o. E no Minas Trend s\u00e3o avaliados e julgados por um j\u00fari formado por jornalistas mineiros e de fora do Estado, al\u00e9m de formadores de opini\u00e3o, estilistas renomados, arquitetos, designers e empres\u00e1rios. O vencedor recebe como pr\u00eamio um estande cedido pelo Sindivest-MG para participar, individualmente, do pr\u00f3ximo MT. Nesta edi\u00e7\u00e3o os escolhidos foram Ana Fran\u00e7a, Cand\u00ea, Denise Valadares, Gabriella Diniz, Le Beau, Manda &amp; Nal\u00fa, Silvia &amp; Co, Sua, Ti\u00ea, Uplen e Val\u00e9ria Mansur.<\/p>\n<p>Tereza Santos, que faz a curadoria do concurso, contou que tem muito prazer em executar o projeto, que sua contribui\u00e7\u00e3o maior \u00e9 na qualifica\u00e7\u00e3o, na gest\u00e3o produtiva e comercial, pois eles j\u00e1 est\u00e3o ali entre os 12 pela criatividade.\u00a0Estive no estande conferindo cada cole\u00e7\u00e3o e conversei com as tr\u00eas marcas que mais gostei.<\/p>\n<p>Denise Valadares, com a cole\u00e7\u00e3o Mem\u00f3rias Barrocas, reflete as lembran\u00e7as que a estilista hom\u00f4nima guarda de Mariana e Ouro Preto, cidades hist\u00f3ricas de Minas. A marca possui um DNA que valoriza t\u00e9cnicas artesanais, com ricos bordados trabalhados em cristais, pedrarias, p\u00e9rolas e metalizados.<\/p>\n<p>Gabriella Diniz, com a cole\u00e7\u00e3o Pedra Fundamental, na qual gemas brasileiras s\u00e3o o ponto de partida de um trabalho minimalista e elegante. Os sistemas cristalinos internos de uma gema foram analisados e transformados em design de superf\u00edcie: texturas e bordados pontuais. Neles, a pr\u00f3pria gema, na forma de cascalho, \u00e9 a mat\u00e9ria prima principal. Em destaque, saias com aplica\u00e7\u00f5es que lembrava origami japon\u00eas com at\u00e9 cinco mil aplica\u00e7\u00f5es.<\/p>\n<p>Val\u00e9ria Mansur, com a cole\u00e7\u00e3o Fios, inspirada na nobreza das fibras naturais. Como ponto de partida, ela foi pensada para explorar todas as riquezas que esse tipo de mat\u00e9ria-prima pode oferecer, como cortes a fio, caimentos irregulares, enviesados, desfiados e rasgados. A partir da\u00ed, surgiram pe\u00e7as atemporais, sempre focadas no design. O estilo tamb\u00e9m passou por uma desconstru\u00e7\u00e3o, um novo olhar para as tend\u00eancias, criando volumes estrat\u00e9gicos, shapes novos e inusitados, moulages, recortes assim\u00e9tricos e amarra\u00e7\u00f5es, por\u00e9m sem nunca perder o foco na feminilidade. A cria\u00e7\u00e3o brinca com volumes e silhuetas, ora fluidas ora esculturais, encorajando uma express\u00e3o pessoal. Em algumas pe\u00e7as foi desenvolvido um trabalho de tingimento com pigmentos naturais, trazendo um complemento \u00e0 cole\u00e7\u00e3o, basicamente de cores neutras. Fiquei apaixonada nas pe\u00e7as dela, descrevendo bem o que quero vestir no agora.<\/p>\n<p>\u00c9, estou com o gosto apurado, pois Val\u00e9ria Mansur foi a vencedora do Ready to Go edi\u00e7\u00e3o inverno 2017 e Denise Valadares obteve a terceira coloca\u00e7\u00e3o.<\/p>\n<div id=\"attachment_157627\" style=\"width: 610px\" class=\"wp-caption aligncenter\"><img aria-describedby=\"caption-attachment-157627\" data-attachment-id=\"157627\" data-permalink=\"https:\/\/agrund.com\/index.php\/ready-to-go-investindo-no-futuro-da-moda\/equipe-ready-to-go\/\" data-orig-file=\"https:\/\/i0.wp.com\/agrund.com\/wp-content\/uploads\/sites\/6\/2016\/10\/Equipe-Ready-to-Go.jpg?fit=600%2C400&amp;ssl=1\" data-orig-size=\"600,400\" data-comments-opened=\"1\" data-image-meta=\"{&quot;aperture&quot;:&quot;4&quot;,&quot;credit&quot;:&quot;&quot;,&quot;camera&quot;:&quot;NIKON D800&quot;,&quot;caption&quot;:&quot;&quot;,&quot;created_timestamp&quot;:&quot;1475695837&quot;,&quot;copyright&quot;:&quot;&quot;,&quot;focal_length&quot;:&quot;24&quot;,&quot;iso&quot;:&quot;1250&quot;,&quot;shutter_speed&quot;:&quot;0.0166666666667&quot;,&quot;title&quot;:&quot;&quot;,&quot;orientation&quot;:&quot;1&quot;}\" data-image-title=\"Ready To Go :: Investindo no futuro da moda\" data-image-description=\"\" data-image-caption=\"&lt;p&gt;Ready To Go :: Investindo no futuro da moda &lt;\/p&gt;\n\" data-medium-file=\"https:\/\/i0.wp.com\/agrund.com\/wp-content\/uploads\/sites\/6\/2016\/10\/Equipe-Ready-to-Go.jpg?fit=300%2C200&amp;ssl=1\" data-large-file=\"https:\/\/i0.wp.com\/agrund.com\/wp-content\/uploads\/sites\/6\/2016\/10\/Equipe-Ready-to-Go.jpg?fit=600%2C400&amp;ssl=1\" decoding=\"async\" loading=\"lazy\" class=\"size-full wp-image-157627\" src=\"https:\/\/i0.wp.com\/www.agrund.com\/wp-content\/uploads\/sites\/6\/2016\/10\/Equipe-Ready-to-Go.jpg?resize=600%2C400\" alt=\"Ready To Go :: Investindo no futuro da moda \" width=\"600\" height=\"400\" srcset=\"https:\/\/i0.wp.com\/agrund.com\/wp-content\/uploads\/sites\/6\/2016\/10\/Equipe-Ready-to-Go.jpg?w=600&amp;ssl=1 600w, https:\/\/i0.wp.com\/agrund.com\/wp-content\/uploads\/sites\/6\/2016\/10\/Equipe-Ready-to-Go.jpg?resize=300%2C200&amp;ssl=1 300w\" sizes=\"(max-width: 600px) 100vw, 600px\" data-recalc-dims=\"1\" \/><p id=\"caption-attachment-157627\" class=\"wp-caption-text\">Ready To Go :: Investindo no futuro da moda<\/p><\/div>\n<div id=\"attachment_157629\" style=\"width: 610px\" class=\"wp-caption aligncenter\"><img aria-describedby=\"caption-attachment-157629\" data-attachment-id=\"157629\" data-permalink=\"https:\/\/agrund.com\/index.php\/ready-to-go-investindo-no-futuro-da-moda\/valeria-mansur\/\" data-orig-file=\"https:\/\/i0.wp.com\/agrund.com\/wp-content\/uploads\/sites\/6\/2016\/10\/Vale\u0301ria-Mansur.jpg?fit=600%2C400&amp;ssl=1\" data-orig-size=\"600,400\" data-comments-opened=\"1\" data-image-meta=\"{&quot;aperture&quot;:&quot;4&quot;,&quot;credit&quot;:&quot;&quot;,&quot;camera&quot;:&quot;NIKON D800&quot;,&quot;caption&quot;:&quot;&quot;,&quot;created_timestamp&quot;:&quot;1475696201&quot;,&quot;copyright&quot;:&quot;&quot;,&quot;focal_length&quot;:&quot;30&quot;,&quot;iso&quot;:&quot;1250&quot;,&quot;shutter_speed&quot;:&quot;0.0166666666667&quot;,&quot;title&quot;:&quot;&quot;,&quot;orientation&quot;:&quot;1&quot;}\" data-image-title=\"Ready To Go :: Investindo no futuro da moda\" data-image-description=\"\" data-image-caption=\"&lt;p&gt;Val\u00e9ria Mansur&lt;\/p&gt;\n\" data-medium-file=\"https:\/\/i0.wp.com\/agrund.com\/wp-content\/uploads\/sites\/6\/2016\/10\/Vale\u0301ria-Mansur.jpg?fit=300%2C200&amp;ssl=1\" data-large-file=\"https:\/\/i0.wp.com\/agrund.com\/wp-content\/uploads\/sites\/6\/2016\/10\/Vale\u0301ria-Mansur.jpg?fit=600%2C400&amp;ssl=1\" decoding=\"async\" loading=\"lazy\" class=\"size-full wp-image-157629\" src=\"https:\/\/i0.wp.com\/www.agrund.com\/wp-content\/uploads\/sites\/6\/2016\/10\/Vale\u0301ria-Mansur.jpg?resize=600%2C400\" alt=\"Val\u00e9ria Mansur\" width=\"600\" height=\"400\" srcset=\"https:\/\/i0.wp.com\/agrund.com\/wp-content\/uploads\/sites\/6\/2016\/10\/Vale\u0301ria-Mansur.jpg?w=600&amp;ssl=1 600w, https:\/\/i0.wp.com\/agrund.com\/wp-content\/uploads\/sites\/6\/2016\/10\/Vale\u0301ria-Mansur.jpg?resize=300%2C200&amp;ssl=1 300w\" sizes=\"(max-width: 600px) 100vw, 600px\" data-recalc-dims=\"1\" \/><p id=\"caption-attachment-157629\" class=\"wp-caption-text\">Val\u00e9ria Mansur<\/p><\/div>\n<div id=\"attachment_157623\" style=\"width: 610px\" class=\"wp-caption aligncenter\"><img aria-describedby=\"caption-attachment-157623\" data-attachment-id=\"157623\" data-permalink=\"https:\/\/agrund.com\/index.php\/ready-to-go-investindo-no-futuro-da-moda\/denise-valadares\/\" data-orig-file=\"https:\/\/i0.wp.com\/agrund.com\/wp-content\/uploads\/sites\/6\/2016\/10\/Denise-Valadares.jpg?fit=600%2C400&amp;ssl=1\" data-orig-size=\"600,400\" data-comments-opened=\"1\" data-image-meta=\"{&quot;aperture&quot;:&quot;4&quot;,&quot;credit&quot;:&quot;&quot;,&quot;camera&quot;:&quot;Canon EOS REBEL T3i&quot;,&quot;caption&quot;:&quot;&quot;,&quot;created_timestamp&quot;:&quot;1475674751&quot;,&quot;copyright&quot;:&quot;&quot;,&quot;focal_length&quot;:&quot;25&quot;,&quot;iso&quot;:&quot;400&quot;,&quot;shutter_speed&quot;:&quot;0.0166666666667&quot;,&quot;title&quot;:&quot;&quot;,&quot;orientation&quot;:&quot;1&quot;}\" data-image-title=\"Ready To Go :: Investindo no futuro da moda\" data-image-description=\"\" data-image-caption=\"&lt;p&gt;Denise Valadares&lt;\/p&gt;\n\" data-medium-file=\"https:\/\/i0.wp.com\/agrund.com\/wp-content\/uploads\/sites\/6\/2016\/10\/Denise-Valadares.jpg?fit=300%2C200&amp;ssl=1\" data-large-file=\"https:\/\/i0.wp.com\/agrund.com\/wp-content\/uploads\/sites\/6\/2016\/10\/Denise-Valadares.jpg?fit=600%2C400&amp;ssl=1\" decoding=\"async\" loading=\"lazy\" class=\"size-full wp-image-157623\" src=\"https:\/\/i0.wp.com\/www.agrund.com\/wp-content\/uploads\/sites\/6\/2016\/10\/Denise-Valadares.jpg?resize=600%2C400\" alt=\"Denise Valadares\" width=\"600\" height=\"400\" srcset=\"https:\/\/i0.wp.com\/agrund.com\/wp-content\/uploads\/sites\/6\/2016\/10\/Denise-Valadares.jpg?w=600&amp;ssl=1 600w, https:\/\/i0.wp.com\/agrund.com\/wp-content\/uploads\/sites\/6\/2016\/10\/Denise-Valadares.jpg?resize=300%2C200&amp;ssl=1 300w\" sizes=\"(max-width: 600px) 100vw, 600px\" data-recalc-dims=\"1\" \/><p id=\"caption-attachment-157623\" class=\"wp-caption-text\">Denise Valadares<\/p><\/div>\n<div id=\"attachment_157624\" style=\"width: 610px\" class=\"wp-caption aligncenter\"><img aria-describedby=\"caption-attachment-157624\" data-attachment-id=\"157624\" data-permalink=\"https:\/\/agrund.com\/index.php\/ready-to-go-investindo-no-futuro-da-moda\/gabriella-diniz\/\" data-orig-file=\"https:\/\/i0.wp.com\/agrund.com\/wp-content\/uploads\/sites\/6\/2016\/10\/Gabriella-Diniz.jpg?fit=600%2C400&amp;ssl=1\" data-orig-size=\"600,400\" data-comments-opened=\"1\" data-image-meta=\"{&quot;aperture&quot;:&quot;4&quot;,&quot;credit&quot;:&quot;&quot;,&quot;camera&quot;:&quot;Canon EOS REBEL T3i&quot;,&quot;caption&quot;:&quot;&quot;,&quot;created_timestamp&quot;:&quot;1475676458&quot;,&quot;copyright&quot;:&quot;&quot;,&quot;focal_length&quot;:&quot;25&quot;,&quot;iso&quot;:&quot;400&quot;,&quot;shutter_speed&quot;:&quot;0.0166666666667&quot;,&quot;title&quot;:&quot;&quot;,&quot;orientation&quot;:&quot;1&quot;}\" data-image-title=\"Ready To Go :: Investindo no futuro da moda\" data-image-description=\"\" data-image-caption=\"&lt;p&gt;Gabriella Diniz&lt;\/p&gt;\n\" data-medium-file=\"https:\/\/i0.wp.com\/agrund.com\/wp-content\/uploads\/sites\/6\/2016\/10\/Gabriella-Diniz.jpg?fit=300%2C200&amp;ssl=1\" data-large-file=\"https:\/\/i0.wp.com\/agrund.com\/wp-content\/uploads\/sites\/6\/2016\/10\/Gabriella-Diniz.jpg?fit=600%2C400&amp;ssl=1\" decoding=\"async\" loading=\"lazy\" class=\"size-full wp-image-157624\" src=\"https:\/\/i0.wp.com\/www.agrund.com\/wp-content\/uploads\/sites\/6\/2016\/10\/Gabriella-Diniz.jpg?resize=600%2C400\" alt=\"Gabriella Diniz\" width=\"600\" height=\"400\" srcset=\"https:\/\/i0.wp.com\/agrund.com\/wp-content\/uploads\/sites\/6\/2016\/10\/Gabriella-Diniz.jpg?w=600&amp;ssl=1 600w, https:\/\/i0.wp.com\/agrund.com\/wp-content\/uploads\/sites\/6\/2016\/10\/Gabriella-Diniz.jpg?resize=300%2C200&amp;ssl=1 300w\" sizes=\"(max-width: 600px) 100vw, 600px\" data-recalc-dims=\"1\" \/><p id=\"caption-attachment-157624\" class=\"wp-caption-text\">Gabriella Diniz<\/p><\/div>\n<div id=\"attachment_157626\" style=\"width: 610px\" class=\"wp-caption aligncenter\"><img aria-describedby=\"caption-attachment-157626\" data-attachment-id=\"157626\" data-permalink=\"https:\/\/agrund.com\/index.php\/ready-to-go-investindo-no-futuro-da-moda\/tereza-santos\/\" data-orig-file=\"https:\/\/i0.wp.com\/agrund.com\/wp-content\/uploads\/sites\/6\/2016\/10\/Tereza-Santos.jpg?fit=600%2C400&amp;ssl=1\" data-orig-size=\"600,400\" data-comments-opened=\"1\" data-image-meta=\"{&quot;aperture&quot;:&quot;5&quot;,&quot;credit&quot;:&quot;&quot;,&quot;camera&quot;:&quot;Canon EOS REBEL T3i&quot;,&quot;caption&quot;:&quot;&quot;,&quot;created_timestamp&quot;:&quot;1475674240&quot;,&quot;copyright&quot;:&quot;&quot;,&quot;focal_length&quot;:&quot;35&quot;,&quot;iso&quot;:&quot;2500&quot;,&quot;shutter_speed&quot;:&quot;0.02&quot;,&quot;title&quot;:&quot;&quot;,&quot;orientation&quot;:&quot;1&quot;}\" data-image-title=\"Ready To Go :: Investindo no futuro da moda\" data-image-description=\"\" data-image-caption=\"&lt;p&gt;Tereza Santos&lt;\/p&gt;\n\" data-medium-file=\"https:\/\/i0.wp.com\/agrund.com\/wp-content\/uploads\/sites\/6\/2016\/10\/Tereza-Santos.jpg?fit=300%2C200&amp;ssl=1\" data-large-file=\"https:\/\/i0.wp.com\/agrund.com\/wp-content\/uploads\/sites\/6\/2016\/10\/Tereza-Santos.jpg?fit=600%2C400&amp;ssl=1\" decoding=\"async\" loading=\"lazy\" class=\"size-full wp-image-157626\" src=\"https:\/\/i0.wp.com\/www.agrund.com\/wp-content\/uploads\/sites\/6\/2016\/10\/Tereza-Santos.jpg?resize=600%2C400\" alt=\"Tereza Santos\" width=\"600\" height=\"400\" srcset=\"https:\/\/i0.wp.com\/agrund.com\/wp-content\/uploads\/sites\/6\/2016\/10\/Tereza-Santos.jpg?w=600&amp;ssl=1 600w, https:\/\/i0.wp.com\/agrund.com\/wp-content\/uploads\/sites\/6\/2016\/10\/Tereza-Santos.jpg?resize=300%2C200&amp;ssl=1 300w\" sizes=\"(max-width: 600px) 100vw, 600px\" data-recalc-dims=\"1\" \/><p id=\"caption-attachment-157626\" class=\"wp-caption-text\">Tereza Santos<\/p><\/div>\n<p>Imagens: Reprodu\u00e7\u00e3o.<\/p>\n","protected":false},"excerpt":{"rendered":"<p>Por Thay Sanqueta O Ready To Go \u00e9 o maior concurso mineiro voltado para os talentos criativos de MG, com o intuito de identificar, capacitar e apresentar novos talentos com potencial, destacando o trabalho dos jovens designers e suas marcas para o mercado nacional. Essa j\u00e1 \u00e9 a oitava edi\u00e7\u00e3o do projeto, que \u00e9 realizado [&hellip;]<\/p>\n","protected":false},"author":8,"featured_media":157625,"comment_status":"open","ping_status":"open","sticky":false,"template":"","format":"standard","meta":{"jetpack_post_was_ever_published":false,"_jetpack_newsletter_access":"","jetpack_publicize_message":"","jetpack_is_tweetstorm":false,"jetpack_publicize_feature_enabled":true,"jetpack_social_post_already_shared":true,"jetpack_social_options":{"image_generator_settings":{"template":"highway","enabled":false}}},"categories":[2],"tags":[],"jetpack_publicize_connections":[],"jetpack_featured_media_url":"https:\/\/i0.wp.com\/agrund.com\/wp-content\/uploads\/sites\/6\/2016\/10\/s-58.jpg?fit=960%2C300&ssl=1","jetpack_sharing_enabled":true,"jetpack_shortlink":"https:\/\/wp.me\/p3Hz0n-F0i","jetpack_likes_enabled":true,"_links":{"self":[{"href":"https:\/\/agrund.com\/index.php\/wp-json\/wp\/v2\/posts\/157622"}],"collection":[{"href":"https:\/\/agrund.com\/index.php\/wp-json\/wp\/v2\/posts"}],"about":[{"href":"https:\/\/agrund.com\/index.php\/wp-json\/wp\/v2\/types\/post"}],"author":[{"embeddable":true,"href":"https:\/\/agrund.com\/index.php\/wp-json\/wp\/v2\/users\/8"}],"replies":[{"embeddable":true,"href":"https:\/\/agrund.com\/index.php\/wp-json\/wp\/v2\/comments?post=157622"}],"version-history":[{"count":0,"href":"https:\/\/agrund.com\/index.php\/wp-json\/wp\/v2\/posts\/157622\/revisions"}],"wp:featuredmedia":[{"embeddable":true,"href":"https:\/\/agrund.com\/index.php\/wp-json\/wp\/v2\/media\/157625"}],"wp:attachment":[{"href":"https:\/\/agrund.com\/index.php\/wp-json\/wp\/v2\/media?parent=157622"}],"wp:term":[{"taxonomy":"category","embeddable":true,"href":"https:\/\/agrund.com\/index.php\/wp-json\/wp\/v2\/categories?post=157622"},{"taxonomy":"post_tag","embeddable":true,"href":"https:\/\/agrund.com\/index.php\/wp-json\/wp\/v2\/tags?post=157622"}],"curies":[{"name":"wp","href":"https:\/\/api.w.org\/{rel}","templated":true}]}}