{"id":157441,"date":"2016-10-13T17:00:06","date_gmt":"2016-10-13T20:00:06","guid":{"rendered":"http:\/\/www.agrund.com\/?p=157441"},"modified":"2016-10-13T09:20:54","modified_gmt":"2016-10-13T12:20:54","slug":"video-a-nova-campanha-de-charlize-theron-para-a-dior","status":"publish","type":"post","link":"https:\/\/agrund.com\/index.php\/video-a-nova-campanha-de-charlize-theron-para-a-dior\/","title":{"rendered":"V\u00eddeo :: A nova campanha de Charlize Theron para a Dior"},"content":{"rendered":"<div id=\"attachment_157442\" style=\"width: 610px\" class=\"wp-caption aligncenter\"><img aria-describedby=\"caption-attachment-157442\" data-attachment-id=\"157442\" data-permalink=\"https:\/\/agrund.com\/index.php\/video-a-nova-campanha-de-charlize-theron-para-a-dior\/charlize-theron-jadore-dior-commercial\/\" data-orig-file=\"https:\/\/i0.wp.com\/agrund.com\/wp-content\/uploads\/sites\/6\/2016\/10\/Charlize-Theron-Jadore-Dior-Commercial-e1476361201591.jpg?fit=600%2C324&amp;ssl=1\" data-orig-size=\"600,324\" data-comments-opened=\"1\" data-image-meta=\"{&quot;aperture&quot;:&quot;0&quot;,&quot;credit&quot;:&quot;&quot;,&quot;camera&quot;:&quot;&quot;,&quot;caption&quot;:&quot;&quot;,&quot;created_timestamp&quot;:&quot;0&quot;,&quot;copyright&quot;:&quot;&quot;,&quot;focal_length&quot;:&quot;0&quot;,&quot;iso&quot;:&quot;0&quot;,&quot;shutter_speed&quot;:&quot;0&quot;,&quot;title&quot;:&quot;&quot;,&quot;orientation&quot;:&quot;0&quot;}\" data-image-title=\"V\u00eddeo :: A nova campanha de Charlize Theron para a Dior\" data-image-description=\"\" data-image-caption=\"&lt;p&gt;V\u00eddeo :: A nova campanha de Charlize Theron para a Dior &lt;\/p&gt;\n\" data-medium-file=\"https:\/\/i0.wp.com\/agrund.com\/wp-content\/uploads\/sites\/6\/2016\/10\/Charlize-Theron-Jadore-Dior-Commercial-e1476361201591.jpg?fit=300%2C162&amp;ssl=1\" data-large-file=\"https:\/\/i0.wp.com\/agrund.com\/wp-content\/uploads\/sites\/6\/2016\/10\/Charlize-Theron-Jadore-Dior-Commercial-e1476361201591.jpg?fit=600%2C324&amp;ssl=1\" decoding=\"async\" loading=\"lazy\" class=\"size-full wp-image-157442\" src=\"https:\/\/i0.wp.com\/www.agrund.com\/wp-content\/uploads\/sites\/6\/2016\/10\/Charlize-Theron-Jadore-Dior-Commercial-e1476361201591.jpg?resize=600%2C324\" alt=\"V\u00eddeo :: A nova campanha de Charlize Theron para a Dior \" width=\"600\" height=\"324\" data-recalc-dims=\"1\" \/><p id=\"caption-attachment-157442\" class=\"wp-caption-text\">V\u00eddeo :: A nova campanha de Charlize Theron para a Dior<\/p><\/div>\n<p>A parceria entre a Dior e Charlize Theron segue firme e acaba de ganhar mais um cap\u00edtulo. A atriz posou novamente para a campanha do perfume J&#8217;Adore, do qual j\u00e1 \u00e9 estrela h\u00e1 doze anos, acredita?<\/p>\n<p>Desta vez usando um vestido dourado e um messy hair, Charlize aparece andando em meio \u00e0s \u00e1guas. A fragr\u00e2ncia \u00e9 descrita como sensual e muito feminina.\u00a0A fotografia \u00e9 dire\u00e7\u00e3o \u00e9 de Jean-Baptiste Mondino. Aperte o play!<\/p>\n<span class=\"embed-youtube\" style=\"text-align:center; display: block;\"><iframe class=\"youtube-player\" width=\"600\" height=\"338\" src=\"https:\/\/www.youtube.com\/embed\/OaJ-TE1xZVA?version=3&#038;rel=1&#038;showsearch=0&#038;showinfo=1&#038;iv_load_policy=1&#038;fs=1&#038;hl=pt-BR&#038;autohide=2&#038;wmode=transparent\" allowfullscreen=\"true\" style=\"border:0;\" sandbox=\"allow-scripts allow-same-origin allow-popups allow-presentation\"><\/iframe><\/span>\n<p>Imagem e V\u00eddeo: Reprodu\u00e7\u00e3o.<\/p>\n","protected":false},"excerpt":{"rendered":"<p>A parceria entre a Dior e Charlize Theron segue firme e acaba de ganhar mais um cap\u00edtulo. A atriz posou novamente para a campanha do perfume J&#8217;Adore, do qual j\u00e1 \u00e9 estrela h\u00e1 doze anos, acredita? Desta vez usando um vestido dourado e um messy hair, Charlize aparece andando em meio \u00e0s \u00e1guas. A fragr\u00e2ncia [&hellip;]<\/p>\n","protected":false},"author":8,"featured_media":157443,"comment_status":"open","ping_status":"open","sticky":false,"template":"","format":"standard","meta":{"jetpack_post_was_ever_published":false,"_jetpack_newsletter_access":"","jetpack_publicize_message":"","jetpack_is_tweetstorm":false,"jetpack_publicize_feature_enabled":true,"jetpack_social_post_already_shared":true,"jetpack_social_options":{"image_generator_settings":{"template":"highway","enabled":false}}},"categories":[2],"tags":[],"jetpack_publicize_connections":[],"jetpack_featured_media_url":"https:\/\/i0.wp.com\/agrund.com\/wp-content\/uploads\/sites\/6\/2016\/10\/sd.jpg?fit=960%2C300&ssl=1","jetpack_sharing_enabled":true,"jetpack_shortlink":"https:\/\/wp.me\/p3Hz0n-EXn","jetpack_likes_enabled":true,"_links":{"self":[{"href":"https:\/\/agrund.com\/index.php\/wp-json\/wp\/v2\/posts\/157441"}],"collection":[{"href":"https:\/\/agrund.com\/index.php\/wp-json\/wp\/v2\/posts"}],"about":[{"href":"https:\/\/agrund.com\/index.php\/wp-json\/wp\/v2\/types\/post"}],"author":[{"embeddable":true,"href":"https:\/\/agrund.com\/index.php\/wp-json\/wp\/v2\/users\/8"}],"replies":[{"embeddable":true,"href":"https:\/\/agrund.com\/index.php\/wp-json\/wp\/v2\/comments?post=157441"}],"version-history":[{"count":0,"href":"https:\/\/agrund.com\/index.php\/wp-json\/wp\/v2\/posts\/157441\/revisions"}],"wp:featuredmedia":[{"embeddable":true,"href":"https:\/\/agrund.com\/index.php\/wp-json\/wp\/v2\/media\/157443"}],"wp:attachment":[{"href":"https:\/\/agrund.com\/index.php\/wp-json\/wp\/v2\/media?parent=157441"}],"wp:term":[{"taxonomy":"category","embeddable":true,"href":"https:\/\/agrund.com\/index.php\/wp-json\/wp\/v2\/categories?post=157441"},{"taxonomy":"post_tag","embeddable":true,"href":"https:\/\/agrund.com\/index.php\/wp-json\/wp\/v2\/tags?post=157441"}],"curies":[{"name":"wp","href":"https:\/\/api.w.org\/{rel}","templated":true}]}}