{"id":157403,"date":"2016-10-11T18:00:10","date_gmt":"2016-10-11T21:00:10","guid":{"rendered":"http:\/\/www.agrund.com\/?p=157403"},"modified":"2016-10-11T16:36:32","modified_gmt":"2016-10-11T19:36:32","slug":"kim-kardashian-ou-kendall-jenner-quem-usou-melhor","status":"publish","type":"post","link":"https:\/\/agrund.com\/index.php\/kim-kardashian-ou-kendall-jenner-quem-usou-melhor\/","title":{"rendered":"Kim Kardashian ou Kendall Jenner: Quem usou melhor?"},"content":{"rendered":"<p>A disputa fashion de hoje ser\u00e1 em fam\u00edlia. Isso porque Kim Kardashian e Kendall Jenner mostraram que tem um gosto parecido e usaram a mesma cal\u00e7a em eventos diferentes.<\/p>\n<p>O modelo sexy da marca Unravel Project tem a frente toda tran\u00e7ada, deixando parte da pele \u00e0 mostra.\u00a0Kendall foi b\u00e1sica, combinou a pe\u00e7a com t-shirt branca e t\u00eanis, enquanto Kim fez um look all black, com direito a um casaco de pelo.<\/p>\n<p>E a\u00ed, quem usou melhor?<\/p>\n<div id=\"attachment_157404\" style=\"width: 610px\" class=\"wp-caption aligncenter\"><img aria-describedby=\"caption-attachment-157404\" data-attachment-id=\"157404\" data-permalink=\"https:\/\/agrund.com\/index.php\/kim-kardashian-ou-kendall-jenner-quem-usou-melhor\/kendall-jenner1-2\/\" data-orig-file=\"https:\/\/i0.wp.com\/agrund.com\/wp-content\/uploads\/sites\/6\/2016\/10\/kendall-jenner1-e1476214512779.jpg?fit=600%2C800&amp;ssl=1\" data-orig-size=\"600,800\" data-comments-opened=\"1\" data-image-meta=\"{&quot;aperture&quot;:&quot;0&quot;,&quot;credit&quot;:&quot;&quot;,&quot;camera&quot;:&quot;&quot;,&quot;caption&quot;:&quot;&quot;,&quot;created_timestamp&quot;:&quot;0&quot;,&quot;copyright&quot;:&quot;&quot;,&quot;focal_length&quot;:&quot;0&quot;,&quot;iso&quot;:&quot;0&quot;,&quot;shutter_speed&quot;:&quot;0&quot;,&quot;title&quot;:&quot;&quot;,&quot;orientation&quot;:&quot;0&quot;}\" data-image-title=\"Kim Kardashian ou Kendall Jenner: Quem usou melhor?\" data-image-description=\"\" data-image-caption=\"&lt;p&gt;Kim Kardashian ou Kendall Jenner: Quem usou melhor? &lt;\/p&gt;\n\" data-medium-file=\"https:\/\/i0.wp.com\/agrund.com\/wp-content\/uploads\/sites\/6\/2016\/10\/kendall-jenner1-e1476214512779.jpg?fit=225%2C300&amp;ssl=1\" data-large-file=\"https:\/\/i0.wp.com\/agrund.com\/wp-content\/uploads\/sites\/6\/2016\/10\/kendall-jenner1-e1476214512779.jpg?fit=600%2C800&amp;ssl=1\" decoding=\"async\" loading=\"lazy\" class=\"size-full wp-image-157404\" src=\"https:\/\/i0.wp.com\/www.agrund.com\/wp-content\/uploads\/sites\/6\/2016\/10\/kendall-jenner1-e1476214512779.jpg?resize=600%2C800\" alt=\"Kim Kardashian ou Kendall Jenner: Quem usou melhor? \" width=\"600\" height=\"800\" data-recalc-dims=\"1\" \/><p id=\"caption-attachment-157404\" class=\"wp-caption-text\">Kim Kardashian ou Kendall Jenner: Quem usou melhor?<\/p><\/div>\n<p>Imagens: Reprodu\u00e7\u00e3o.<\/p>\n<p>&nbsp;<\/p>\n","protected":false},"excerpt":{"rendered":"<p>A disputa fashion de hoje ser\u00e1 em fam\u00edlia. Isso porque Kim Kardashian e Kendall Jenner mostraram que tem um gosto parecido e usaram a mesma cal\u00e7a em eventos diferentes. O modelo sexy da marca Unravel Project tem a frente toda tran\u00e7ada, deixando parte da pele \u00e0 mostra.\u00a0Kendall foi b\u00e1sica, combinou a pe\u00e7a com t-shirt branca [&hellip;]<\/p>\n","protected":false},"author":8,"featured_media":157405,"comment_status":"open","ping_status":"open","sticky":false,"template":"","format":"standard","meta":{"jetpack_post_was_ever_published":false,"_jetpack_newsletter_access":"","jetpack_publicize_message":"","jetpack_is_tweetstorm":false,"jetpack_publicize_feature_enabled":true,"jetpack_social_post_already_shared":true,"jetpack_social_options":{"image_generator_settings":{"template":"highway","enabled":false}}},"categories":[2],"tags":[],"jetpack_publicize_connections":[],"jetpack_featured_media_url":"https:\/\/i0.wp.com\/agrund.com\/wp-content\/uploads\/sites\/6\/2016\/10\/s-40.jpg?fit=960%2C300&ssl=1","jetpack_sharing_enabled":true,"jetpack_shortlink":"https:\/\/wp.me\/p3Hz0n-EWL","jetpack_likes_enabled":true,"_links":{"self":[{"href":"https:\/\/agrund.com\/index.php\/wp-json\/wp\/v2\/posts\/157403"}],"collection":[{"href":"https:\/\/agrund.com\/index.php\/wp-json\/wp\/v2\/posts"}],"about":[{"href":"https:\/\/agrund.com\/index.php\/wp-json\/wp\/v2\/types\/post"}],"author":[{"embeddable":true,"href":"https:\/\/agrund.com\/index.php\/wp-json\/wp\/v2\/users\/8"}],"replies":[{"embeddable":true,"href":"https:\/\/agrund.com\/index.php\/wp-json\/wp\/v2\/comments?post=157403"}],"version-history":[{"count":0,"href":"https:\/\/agrund.com\/index.php\/wp-json\/wp\/v2\/posts\/157403\/revisions"}],"wp:featuredmedia":[{"embeddable":true,"href":"https:\/\/agrund.com\/index.php\/wp-json\/wp\/v2\/media\/157405"}],"wp:attachment":[{"href":"https:\/\/agrund.com\/index.php\/wp-json\/wp\/v2\/media?parent=157403"}],"wp:term":[{"taxonomy":"category","embeddable":true,"href":"https:\/\/agrund.com\/index.php\/wp-json\/wp\/v2\/categories?post=157403"},{"taxonomy":"post_tag","embeddable":true,"href":"https:\/\/agrund.com\/index.php\/wp-json\/wp\/v2\/tags?post=157403"}],"curies":[{"name":"wp","href":"https:\/\/api.w.org\/{rel}","templated":true}]}}