{"id":157206,"date":"2016-10-07T13:00:43","date_gmt":"2016-10-07T16:00:43","guid":{"rendered":"http:\/\/www.agrund.com\/?p=157206"},"modified":"2016-10-07T12:49:37","modified_gmt":"2016-10-07T15:49:37","slug":"agenda-2a-pedalada-rosa","status":"publish","type":"post","link":"https:\/\/agrund.com\/index.php\/agenda-2a-pedalada-rosa\/","title":{"rendered":"Agenda :: 2\u00aa Pedalada Rosa"},"content":{"rendered":"<p>Que tal fazer exerc\u00edcio e ainda apoiar uma causa nobre? Amanh\u00e3 (08), acontece em S\u00e3o Paulo a 2\u00aa Pedalada Rosa. Organizado pelo Instituto Quimioterapia e Beleza, o evento \u00e9 em prol da preven\u00e7\u00e3o e luta contra o c\u00e2ncer de mama e tem o intuito de chamar a aten\u00e7\u00e3o do p\u00fablico para os projetos da ONG, que s\u00e3o voltados para levar for\u00e7a e leveza \u00e0s pacientes na supera\u00e7\u00e3o da doen\u00e7a.<\/p>\n<p>Para participar, basta adquirir o kit, composto por sacobag, camiseta e bandana, que custa R$30. O valor ser\u00e1 doado para o Instituto, onde ser\u00e3o confeccionados len\u00e7os no projeto Banco de Len\u00e7os Fl\u00e1via Flores, que atende cerca de 500 pacientes por m\u00eas.<\/p>\n<div id=\"attachment_157207\" style=\"width: 610px\" class=\"wp-caption aligncenter\"><img aria-describedby=\"caption-attachment-157207\" data-attachment-id=\"157207\" data-permalink=\"https:\/\/agrund.com\/index.php\/agenda-2a-pedalada-rosa\/p\/\" data-orig-file=\"https:\/\/i0.wp.com\/agrund.com\/wp-content\/uploads\/sites\/6\/2016\/10\/p.jpg?fit=600%2C176&amp;ssl=1\" data-orig-size=\"600,176\" data-comments-opened=\"1\" data-image-meta=\"{&quot;aperture&quot;:&quot;0&quot;,&quot;credit&quot;:&quot;&quot;,&quot;camera&quot;:&quot;&quot;,&quot;caption&quot;:&quot;&quot;,&quot;created_timestamp&quot;:&quot;0&quot;,&quot;copyright&quot;:&quot;&quot;,&quot;focal_length&quot;:&quot;0&quot;,&quot;iso&quot;:&quot;0&quot;,&quot;shutter_speed&quot;:&quot;0&quot;,&quot;title&quot;:&quot;&quot;,&quot;orientation&quot;:&quot;1&quot;}\" data-image-title=\"Agenda :: 2\u00aa Pedalada Rosa\" data-image-description=\"\" data-image-caption=\"&lt;p&gt;Agenda :: 2\u00aa Pedalada Rosa&lt;\/p&gt;\n\" data-medium-file=\"https:\/\/i0.wp.com\/agrund.com\/wp-content\/uploads\/sites\/6\/2016\/10\/p.jpg?fit=300%2C88&amp;ssl=1\" data-large-file=\"https:\/\/i0.wp.com\/agrund.com\/wp-content\/uploads\/sites\/6\/2016\/10\/p.jpg?fit=600%2C176&amp;ssl=1\" decoding=\"async\" loading=\"lazy\" class=\"size-full wp-image-157207\" src=\"https:\/\/i0.wp.com\/www.agrund.com\/wp-content\/uploads\/sites\/6\/2016\/10\/p.jpg?resize=600%2C176\" alt=\"Agenda :: 2\u00aa Pedalada Rosa\" width=\"600\" height=\"176\" srcset=\"https:\/\/i0.wp.com\/agrund.com\/wp-content\/uploads\/sites\/6\/2016\/10\/p.jpg?w=600&amp;ssl=1 600w, https:\/\/i0.wp.com\/agrund.com\/wp-content\/uploads\/sites\/6\/2016\/10\/p.jpg?resize=300%2C88&amp;ssl=1 300w\" sizes=\"(max-width: 600px) 100vw, 600px\" data-recalc-dims=\"1\" \/><p id=\"caption-attachment-157207\" class=\"wp-caption-text\">Agenda :: 2\u00aa Pedalada Rosa<\/p><\/div>\n<p>Quer participar? Ent\u00e3o veja todas as informa\u00e7\u00f5es:<\/p>\n<p><strong>2\u00aa Pedalada Rosa Quimioterapia e Beleza<\/strong><\/p>\n<p>Onde: Na Ciclofaixa da Av. Paulista, saindo da Pra\u00e7a dos Arcos at\u00e9 a Pra\u00e7a Osvaldo Cruz (ida e volta). Tenda principal: Pra\u00e7a dos Arcos.<\/p>\n<p>Data: dia 08 de outubro.<br \/>\nPrograma\u00e7\u00e3o:<br \/>\n8h- Entrega de Kits<br \/>\n9h- Alongamento<br \/>\n9h20 \u2013 In\u00edcio da Pedalada Rosa<br \/>\n12h- Encerramento<\/p>\n<p>Para participar: os interessados precisam se inscrever pelo site www.quimioterapiaebeleza.com.br .\u00a0Os kits s\u00e3o entregues na lavanderia Landry Deluxe, parceira do Instituto Q&amp;B, ou antes\u00a0da pedalada.<\/p>\n","protected":false},"excerpt":{"rendered":"<p>Que tal fazer exerc\u00edcio e ainda apoiar uma causa nobre? Amanh\u00e3 (08), acontece em S\u00e3o Paulo a 2\u00aa Pedalada Rosa. Organizado pelo Instituto Quimioterapia e Beleza, o evento \u00e9 em prol da preven\u00e7\u00e3o e luta contra o c\u00e2ncer de mama e tem o intuito de chamar a aten\u00e7\u00e3o do p\u00fablico para os projetos da ONG, [&hellip;]<\/p>\n","protected":false},"author":8,"featured_media":157209,"comment_status":"open","ping_status":"open","sticky":false,"template":"","format":"standard","meta":{"jetpack_post_was_ever_published":false,"_jetpack_newsletter_access":"","jetpack_publicize_message":"","jetpack_is_tweetstorm":false,"jetpack_publicize_feature_enabled":true,"jetpack_social_post_already_shared":true,"jetpack_social_options":{"image_generator_settings":{"template":"highway","enabled":false}}},"categories":[2],"tags":[],"jetpack_publicize_connections":[],"jetpack_featured_media_url":"https:\/\/i0.wp.com\/agrund.com\/wp-content\/uploads\/sites\/6\/2016\/10\/po.png?fit=1104%2C343&ssl=1","jetpack_sharing_enabled":true,"jetpack_shortlink":"https:\/\/wp.me\/p3Hz0n-ETA","jetpack_likes_enabled":true,"_links":{"self":[{"href":"https:\/\/agrund.com\/index.php\/wp-json\/wp\/v2\/posts\/157206"}],"collection":[{"href":"https:\/\/agrund.com\/index.php\/wp-json\/wp\/v2\/posts"}],"about":[{"href":"https:\/\/agrund.com\/index.php\/wp-json\/wp\/v2\/types\/post"}],"author":[{"embeddable":true,"href":"https:\/\/agrund.com\/index.php\/wp-json\/wp\/v2\/users\/8"}],"replies":[{"embeddable":true,"href":"https:\/\/agrund.com\/index.php\/wp-json\/wp\/v2\/comments?post=157206"}],"version-history":[{"count":0,"href":"https:\/\/agrund.com\/index.php\/wp-json\/wp\/v2\/posts\/157206\/revisions"}],"wp:featuredmedia":[{"embeddable":true,"href":"https:\/\/agrund.com\/index.php\/wp-json\/wp\/v2\/media\/157209"}],"wp:attachment":[{"href":"https:\/\/agrund.com\/index.php\/wp-json\/wp\/v2\/media?parent=157206"}],"wp:term":[{"taxonomy":"category","embeddable":true,"href":"https:\/\/agrund.com\/index.php\/wp-json\/wp\/v2\/categories?post=157206"},{"taxonomy":"post_tag","embeddable":true,"href":"https:\/\/agrund.com\/index.php\/wp-json\/wp\/v2\/tags?post=157206"}],"curies":[{"name":"wp","href":"https:\/\/api.w.org\/{rel}","templated":true}]}}