{"id":155279,"date":"2016-09-07T17:00:12","date_gmt":"2016-09-07T20:00:12","guid":{"rendered":"http:\/\/www.agrund.com\/?p=155279"},"modified":"2016-09-07T10:43:56","modified_gmt":"2016-09-07T13:43:56","slug":"sim-ela-tem-estilo","status":"publish","type":"post","link":"https:\/\/agrund.com\/index.php\/sim-ela-tem-estilo\/","title":{"rendered":"Sim, ela tem estilo!"},"content":{"rendered":"<p>Por Carmem Marinho<\/p>\n<div id=\"attachment_155281\" style=\"width: 610px\" class=\"wp-caption aligncenter\"><img aria-describedby=\"caption-attachment-155281\" data-attachment-id=\"155281\" data-permalink=\"https:\/\/agrund.com\/index.php\/sim-ela-tem-estilo\/visuel-principal\/\" data-orig-file=\"https:\/\/i0.wp.com\/agrund.com\/wp-content\/uploads\/sites\/6\/2016\/09\/visuel-principal.jpg?fit=600%2C600&amp;ssl=1\" data-orig-size=\"600,600\" data-comments-opened=\"1\" data-image-meta=\"{&quot;aperture&quot;:&quot;0&quot;,&quot;credit&quot;:&quot;&quot;,&quot;camera&quot;:&quot;&quot;,&quot;caption&quot;:&quot;&quot;,&quot;created_timestamp&quot;:&quot;0&quot;,&quot;copyright&quot;:&quot;&quot;,&quot;focal_length&quot;:&quot;0&quot;,&quot;iso&quot;:&quot;0&quot;,&quot;shutter_speed&quot;:&quot;0&quot;,&quot;title&quot;:&quot;&quot;,&quot;orientation&quot;:&quot;1&quot;}\" data-image-title=\"Sim, ela tem estilo!\" data-image-description=\"\" data-image-caption=\"&lt;p&gt;Sim, ela tem estilo!&lt;\/p&gt;\n\" data-medium-file=\"https:\/\/i0.wp.com\/agrund.com\/wp-content\/uploads\/sites\/6\/2016\/09\/visuel-principal.jpg?fit=300%2C300&amp;ssl=1\" data-large-file=\"https:\/\/i0.wp.com\/agrund.com\/wp-content\/uploads\/sites\/6\/2016\/09\/visuel-principal.jpg?fit=600%2C600&amp;ssl=1\" decoding=\"async\" loading=\"lazy\" class=\"size-full wp-image-155281\" src=\"https:\/\/i0.wp.com\/www.agrund.com\/wp-content\/uploads\/sites\/6\/2016\/09\/visuel-principal.jpg?resize=600%2C600\" alt=\"Sim, ela tem estilo!\" width=\"600\" height=\"600\" srcset=\"https:\/\/i0.wp.com\/agrund.com\/wp-content\/uploads\/sites\/6\/2016\/09\/visuel-principal.jpg?w=600&amp;ssl=1 600w, https:\/\/i0.wp.com\/agrund.com\/wp-content\/uploads\/sites\/6\/2016\/09\/visuel-principal.jpg?resize=150%2C150&amp;ssl=1 150w, https:\/\/i0.wp.com\/agrund.com\/wp-content\/uploads\/sites\/6\/2016\/09\/visuel-principal.jpg?resize=300%2C300&amp;ssl=1 300w\" sizes=\"(max-width: 600px) 100vw, 600px\" data-recalc-dims=\"1\" \/><p id=\"caption-attachment-155281\" class=\"wp-caption-text\">Sim, ela tem estilo!<\/p><\/div>\n<p>Talvez apenas os estudiosos e envolvidos com moda a conhe\u00e7am. Iris Apfel \u00e9 uma senhora americana que alcan\u00e7ou o \u00e1pice do sucesso ap\u00f3s os 80 anos. Hoje, aos 95, \u00e9 um \u00f3timo exemplo a ser adotado quando tentamos responder \u00e0 seguinte indaga\u00e7\u00e3o: o que \u00e9 ser uma pessoa com estilo? De maneira simplificada, podemos dizer que ter estilo \u00e9 ter uma identidade visual, que apresente uma narrativa consistente, que reflita a personalidade, maneira de ser, pensar e estilo de vida de um indiv\u00edduo por meio da sua apar\u00eancia.<\/p>\n<p>Iris \u00e9 reconhecida por seu visual impactante, no qual cores vivas, mix de estampas e texturas, formas amplas e maxi acess\u00f3rios nunca s\u00e3o demais. Uma identidade visual que chama aten\u00e7\u00e3o por conter elementos de estilo que avan\u00e7am visualmente, combinados entre si. Gosta de comprar em brech\u00f3s e detesta se desfazer de suas pe\u00e7as, pois tem uma grande facilidade em montar produ\u00e7\u00f5es com mistura de roupas e acess\u00f3rios antigos e atuais. Como podemos perceber em suas fotos, o seu lema bem que poderia ser \u2013 um colar a mais n\u00e3o faz mal a ningu\u00e9m, ou ent\u00e3o \u2013 mais \u00e9 mais!<\/p>\n<p>Foi acumulando refer\u00eancias est\u00e9ticas de \u00e9pocas e de culturas das mais diversas que Iris chegou a um visual multicultural e n\u00e3o datado. Iris \u00e9 aut\u00eantica, pop e fashion aos 95 anos! Como n\u00e3o amar?<\/p>\n<p>Leia o texto completo no <a href=\"https:\/\/dialogoscomamoda.blogspot.com.br\/2016\/04\/sim-ela-tem-estilo.html\" target=\"_blank\">&#8216;Di\u00e1logos com a Moda&#8217;<\/a>!<\/p>\n<div id=\"attachment_155280\" style=\"width: 610px\" class=\"wp-caption aligncenter\"><img aria-describedby=\"caption-attachment-155280\" data-attachment-id=\"155280\" data-permalink=\"https:\/\/agrund.com\/index.php\/sim-ela-tem-estilo\/iris3\/\" data-orig-file=\"https:\/\/i0.wp.com\/agrund.com\/wp-content\/uploads\/sites\/6\/2016\/09\/iris3.png?fit=600%2C301&amp;ssl=1\" data-orig-size=\"600,301\" data-comments-opened=\"1\" data-image-meta=\"{&quot;aperture&quot;:&quot;0&quot;,&quot;credit&quot;:&quot;&quot;,&quot;camera&quot;:&quot;&quot;,&quot;caption&quot;:&quot;&quot;,&quot;created_timestamp&quot;:&quot;0&quot;,&quot;copyright&quot;:&quot;&quot;,&quot;focal_length&quot;:&quot;0&quot;,&quot;iso&quot;:&quot;0&quot;,&quot;shutter_speed&quot;:&quot;0&quot;,&quot;title&quot;:&quot;&quot;,&quot;orientation&quot;:&quot;0&quot;}\" data-image-title=\"Sim, ela tem estilo!\" data-image-description=\"\" data-image-caption=\"&lt;p&gt;Sim, ela tem estilo!&lt;\/p&gt;\n\" data-medium-file=\"https:\/\/i0.wp.com\/agrund.com\/wp-content\/uploads\/sites\/6\/2016\/09\/iris3.png?fit=300%2C151&amp;ssl=1\" data-large-file=\"https:\/\/i0.wp.com\/agrund.com\/wp-content\/uploads\/sites\/6\/2016\/09\/iris3.png?fit=600%2C301&amp;ssl=1\" decoding=\"async\" loading=\"lazy\" class=\"size-full wp-image-155280\" src=\"https:\/\/i0.wp.com\/www.agrund.com\/wp-content\/uploads\/sites\/6\/2016\/09\/iris3.png?resize=600%2C301\" alt=\"Sim, ela tem estilo!\" width=\"600\" height=\"301\" srcset=\"https:\/\/i0.wp.com\/agrund.com\/wp-content\/uploads\/sites\/6\/2016\/09\/iris3.png?w=600&amp;ssl=1 600w, https:\/\/i0.wp.com\/agrund.com\/wp-content\/uploads\/sites\/6\/2016\/09\/iris3.png?resize=300%2C151&amp;ssl=1 300w\" sizes=\"(max-width: 600px) 100vw, 600px\" data-recalc-dims=\"1\" \/><p id=\"caption-attachment-155280\" class=\"wp-caption-text\">Sim, ela tem estilo!<\/p><\/div>\n<p>&nbsp;<\/p>\n<p>Carmem Marinho \u00e9 Mestre em Tecnologia e Gest\u00e3o em Educa\u00e7\u00e3o a Dist\u00e2ncia. Bacharel em Comunica\u00e7\u00e3o Social. Especialista em Cultura de Moda e Educa\u00e7\u00e3o \u00e0 Dist\u00e2ncia. Docente de Design de Moda e Produ\u00e7\u00e3o de Moda e Styling. Palestrante de imagem pessoal e profissional.<br \/>\nImagens: Reprodu\u00e7\u00e3o.<\/p>\n","protected":false},"excerpt":{"rendered":"<p>Por Carmem Marinho Talvez apenas os estudiosos e envolvidos com moda a conhe\u00e7am. Iris Apfel \u00e9 uma senhora americana que alcan\u00e7ou o \u00e1pice do sucesso ap\u00f3s os 80 anos. Hoje, aos 95, \u00e9 um \u00f3timo exemplo a ser adotado quando tentamos responder \u00e0 seguinte indaga\u00e7\u00e3o: o que \u00e9 ser uma pessoa com estilo? De maneira [&hellip;]<\/p>\n","protected":false},"author":8,"featured_media":155282,"comment_status":"open","ping_status":"open","sticky":false,"template":"","format":"standard","meta":{"jetpack_post_was_ever_published":false,"_jetpack_newsletter_access":"","jetpack_publicize_message":"","jetpack_is_tweetstorm":false,"jetpack_publicize_feature_enabled":true,"jetpack_social_post_already_shared":true,"jetpack_social_options":{"image_generator_settings":{"template":"highway","enabled":false}}},"categories":[2],"tags":[],"jetpack_publicize_connections":[],"jetpack_featured_media_url":"https:\/\/i0.wp.com\/agrund.com\/wp-content\/uploads\/sites\/6\/2016\/09\/s-24.jpg?fit=960%2C300&ssl=1","jetpack_sharing_enabled":true,"jetpack_shortlink":"https:\/\/wp.me\/p3Hz0n-Eov","jetpack_likes_enabled":true,"_links":{"self":[{"href":"https:\/\/agrund.com\/index.php\/wp-json\/wp\/v2\/posts\/155279"}],"collection":[{"href":"https:\/\/agrund.com\/index.php\/wp-json\/wp\/v2\/posts"}],"about":[{"href":"https:\/\/agrund.com\/index.php\/wp-json\/wp\/v2\/types\/post"}],"author":[{"embeddable":true,"href":"https:\/\/agrund.com\/index.php\/wp-json\/wp\/v2\/users\/8"}],"replies":[{"embeddable":true,"href":"https:\/\/agrund.com\/index.php\/wp-json\/wp\/v2\/comments?post=155279"}],"version-history":[{"count":0,"href":"https:\/\/agrund.com\/index.php\/wp-json\/wp\/v2\/posts\/155279\/revisions"}],"wp:featuredmedia":[{"embeddable":true,"href":"https:\/\/agrund.com\/index.php\/wp-json\/wp\/v2\/media\/155282"}],"wp:attachment":[{"href":"https:\/\/agrund.com\/index.php\/wp-json\/wp\/v2\/media?parent=155279"}],"wp:term":[{"taxonomy":"category","embeddable":true,"href":"https:\/\/agrund.com\/index.php\/wp-json\/wp\/v2\/categories?post=155279"},{"taxonomy":"post_tag","embeddable":true,"href":"https:\/\/agrund.com\/index.php\/wp-json\/wp\/v2\/tags?post=155279"}],"curies":[{"name":"wp","href":"https:\/\/api.w.org\/{rel}","templated":true}]}}