{"id":154481,"date":"2016-08-19T13:00:20","date_gmt":"2016-08-19T16:00:20","guid":{"rendered":"http:\/\/www.agrund.com\/?p=154481"},"modified":"2016-08-19T10:21:01","modified_gmt":"2016-08-19T13:21:01","slug":"as-cores-do-rio-de-janeiro-nos-seus-pes","status":"publish","type":"post","link":"https:\/\/agrund.com\/index.php\/as-cores-do-rio-de-janeiro-nos-seus-pes\/","title":{"rendered":"As cores do Rio de Janeiro nos seus p\u00e9s"},"content":{"rendered":"<p>Se voc\u00ea \u00e9 louco por sneakers, ent\u00e3o prepare-se! A Converse est\u00e1 lan\u00e7ando Chuck Taylor All Star II Open Knit, inspirado no Rio de Janeiro. S\u00e3o duas vers\u00f5es do Chuck II, sendo uma de cano alto e outra de cano baixo, com muito conforto e detalhes incr\u00edveis.<\/p>\n<p>Criados a partir de uma parceria entre os times de cria\u00e7\u00e3o da Converse do Brasil e Global, eles t\u00eam um cabedal feito de tric\u00f4 tecnol\u00f3gico, num mix de tons de azul ou verde em lembran\u00e7a as cores da bandeira do Brasil. O material garante leveza e respirabilidade ao p\u00e9 do usu\u00e1rio, al\u00e9m das palmilhas Lunarlon que garantem maior conforto aos p\u00e9s e, aqui, aparecem com estampas das cal\u00e7adas de Copacabana.<\/p>\n<p>Gostou? Eles chegam \u00e0s lojas Artwalk no dia 20 de agosto com pre\u00e7os sugeridos de R$ 319,90 o de cano alto, e R$ 299,90 o de cano baixo. Veja os detalhes na galeria abaixo:<\/p>\n<div id=\"attachment_154485\" style=\"width: 580px\" class=\"wp-caption aligncenter\"><img aria-describedby=\"caption-attachment-154485\" data-attachment-id=\"154485\" data-permalink=\"https:\/\/agrund.com\/index.php\/as-cores-do-rio-de-janeiro-nos-seus-pes\/converse-chuck-taylor-all-star-ii-open-knit_r-29999-hi\/\" data-orig-file=\"https:\/\/i0.wp.com\/agrund.com\/wp-content\/uploads\/sites\/6\/2016\/08\/Converse-Chuck-Taylor-All-Star-II-Open-Knit_R-29999-HI.jpg?fit=570%2C428&amp;ssl=1\" data-orig-size=\"570,428\" data-comments-opened=\"1\" data-image-meta=\"{&quot;aperture&quot;:&quot;20&quot;,&quot;credit&quot;:&quot;&quot;,&quot;camera&quot;:&quot;Canon EOS 5DS R&quot;,&quot;caption&quot;:&quot;&quot;,&quot;created_timestamp&quot;:&quot;1463011852&quot;,&quot;copyright&quot;:&quot;&quot;,&quot;focal_length&quot;:&quot;70&quot;,&quot;iso&quot;:&quot;100&quot;,&quot;shutter_speed&quot;:&quot;0.00625&quot;,&quot;title&quot;:&quot;&quot;,&quot;orientation&quot;:&quot;1&quot;}\" data-image-title=\"As cores do Rio de Janeiro nos seus p\u00e9s\" data-image-description=\"\" data-image-caption=\"&lt;p&gt;As cores do Rio de Janeiro nos seus p\u00e9s &lt;\/p&gt;\n\" data-medium-file=\"https:\/\/i0.wp.com\/agrund.com\/wp-content\/uploads\/sites\/6\/2016\/08\/Converse-Chuck-Taylor-All-Star-II-Open-Knit_R-29999-HI.jpg?fit=300%2C225&amp;ssl=1\" data-large-file=\"https:\/\/i0.wp.com\/agrund.com\/wp-content\/uploads\/sites\/6\/2016\/08\/Converse-Chuck-Taylor-All-Star-II-Open-Knit_R-29999-HI.jpg?fit=570%2C428&amp;ssl=1\" decoding=\"async\" loading=\"lazy\" class=\"size-full wp-image-154485\" src=\"https:\/\/i0.wp.com\/www.agrund.com\/wp-content\/uploads\/sites\/6\/2016\/08\/Converse-Chuck-Taylor-All-Star-II-Open-Knit_R-29999-HI.jpg?resize=570%2C428\" alt=\"As cores do Rio de Janeiro nos seus p\u00e9s \" width=\"570\" height=\"428\" srcset=\"https:\/\/i0.wp.com\/agrund.com\/wp-content\/uploads\/sites\/6\/2016\/08\/Converse-Chuck-Taylor-All-Star-II-Open-Knit_R-29999-HI.jpg?w=570&amp;ssl=1 570w, https:\/\/i0.wp.com\/agrund.com\/wp-content\/uploads\/sites\/6\/2016\/08\/Converse-Chuck-Taylor-All-Star-II-Open-Knit_R-29999-HI.jpg?resize=300%2C225&amp;ssl=1 300w\" sizes=\"(max-width: 570px) 100vw, 570px\" data-recalc-dims=\"1\" \/><p id=\"caption-attachment-154485\" class=\"wp-caption-text\">As cores do Rio de Janeiro nos seus p\u00e9s<\/p><\/div>\n<div id=\"attachment_154484\" style=\"width: 580px\" class=\"wp-caption aligncenter\"><img aria-describedby=\"caption-attachment-154484\" data-attachment-id=\"154484\" data-permalink=\"https:\/\/agrund.com\/index.php\/as-cores-do-rio-de-janeiro-nos-seus-pes\/converse-chuck-taylor-all-star-ii-open-knit_r-29999-hi-9\/\" data-orig-file=\"https:\/\/i0.wp.com\/agrund.com\/wp-content\/uploads\/sites\/6\/2016\/08\/Converse-Chuck-Taylor-All-Star-II-Open-Knit_R-29999-HI-9.jpg?fit=570%2C428&amp;ssl=1\" data-orig-size=\"570,428\" data-comments-opened=\"1\" data-image-meta=\"{&quot;aperture&quot;:&quot;16&quot;,&quot;credit&quot;:&quot;&quot;,&quot;camera&quot;:&quot;Canon EOS 5DS R&quot;,&quot;caption&quot;:&quot;&quot;,&quot;created_timestamp&quot;:&quot;1463022642&quot;,&quot;copyright&quot;:&quot;&quot;,&quot;focal_length&quot;:&quot;57&quot;,&quot;iso&quot;:&quot;100&quot;,&quot;shutter_speed&quot;:&quot;0.00625&quot;,&quot;title&quot;:&quot;&quot;,&quot;orientation&quot;:&quot;1&quot;}\" data-image-title=\"As cores do Rio de Janeiro nos seus p\u00e9s\" data-image-description=\"\" data-image-caption=\"&lt;p&gt;As cores do Rio de Janeiro nos seus p\u00e9s &lt;\/p&gt;\n\" data-medium-file=\"https:\/\/i0.wp.com\/agrund.com\/wp-content\/uploads\/sites\/6\/2016\/08\/Converse-Chuck-Taylor-All-Star-II-Open-Knit_R-29999-HI-9.jpg?fit=300%2C225&amp;ssl=1\" data-large-file=\"https:\/\/i0.wp.com\/agrund.com\/wp-content\/uploads\/sites\/6\/2016\/08\/Converse-Chuck-Taylor-All-Star-II-Open-Knit_R-29999-HI-9.jpg?fit=570%2C428&amp;ssl=1\" decoding=\"async\" loading=\"lazy\" class=\"size-full wp-image-154484\" src=\"https:\/\/i0.wp.com\/www.agrund.com\/wp-content\/uploads\/sites\/6\/2016\/08\/Converse-Chuck-Taylor-All-Star-II-Open-Knit_R-29999-HI-9.jpg?resize=570%2C428\" alt=\"As cores do Rio de Janeiro nos seus p\u00e9s \" width=\"570\" height=\"428\" srcset=\"https:\/\/i0.wp.com\/agrund.com\/wp-content\/uploads\/sites\/6\/2016\/08\/Converse-Chuck-Taylor-All-Star-II-Open-Knit_R-29999-HI-9.jpg?w=570&amp;ssl=1 570w, https:\/\/i0.wp.com\/agrund.com\/wp-content\/uploads\/sites\/6\/2016\/08\/Converse-Chuck-Taylor-All-Star-II-Open-Knit_R-29999-HI-9.jpg?resize=300%2C225&amp;ssl=1 300w\" sizes=\"(max-width: 570px) 100vw, 570px\" data-recalc-dims=\"1\" \/><p id=\"caption-attachment-154484\" class=\"wp-caption-text\">As cores do Rio de Janeiro nos seus p\u00e9s<\/p><\/div>\n<div id=\"attachment_154483\" style=\"width: 580px\" class=\"wp-caption aligncenter\"><img aria-describedby=\"caption-attachment-154483\" data-attachment-id=\"154483\" data-permalink=\"https:\/\/agrund.com\/index.php\/as-cores-do-rio-de-janeiro-nos-seus-pes\/converse-chuck-taylor-all-star-ii-open-knit_r-27990-ox\/\" data-orig-file=\"https:\/\/i0.wp.com\/agrund.com\/wp-content\/uploads\/sites\/6\/2016\/08\/Converse-Chuck-Taylor-All-Star-II-Open-Knit_R-27990-OX.jpg?fit=570%2C428&amp;ssl=1\" data-orig-size=\"570,428\" data-comments-opened=\"1\" data-image-meta=\"{&quot;aperture&quot;:&quot;20&quot;,&quot;credit&quot;:&quot;&quot;,&quot;camera&quot;:&quot;Canon EOS 5DS R&quot;,&quot;caption&quot;:&quot;&quot;,&quot;created_timestamp&quot;:&quot;1463017174&quot;,&quot;copyright&quot;:&quot;&quot;,&quot;focal_length&quot;:&quot;70&quot;,&quot;iso&quot;:&quot;100&quot;,&quot;shutter_speed&quot;:&quot;0.00625&quot;,&quot;title&quot;:&quot;&quot;,&quot;orientation&quot;:&quot;1&quot;}\" data-image-title=\"As cores do Rio de Janeiro nos seus p\u00e9s\" data-image-description=\"\" data-image-caption=\"&lt;p&gt;As cores do Rio de Janeiro nos seus p\u00e9s &lt;\/p&gt;\n\" data-medium-file=\"https:\/\/i0.wp.com\/agrund.com\/wp-content\/uploads\/sites\/6\/2016\/08\/Converse-Chuck-Taylor-All-Star-II-Open-Knit_R-27990-OX.jpg?fit=300%2C225&amp;ssl=1\" data-large-file=\"https:\/\/i0.wp.com\/agrund.com\/wp-content\/uploads\/sites\/6\/2016\/08\/Converse-Chuck-Taylor-All-Star-II-Open-Knit_R-27990-OX.jpg?fit=570%2C428&amp;ssl=1\" decoding=\"async\" loading=\"lazy\" class=\"size-full wp-image-154483\" src=\"https:\/\/i0.wp.com\/www.agrund.com\/wp-content\/uploads\/sites\/6\/2016\/08\/Converse-Chuck-Taylor-All-Star-II-Open-Knit_R-27990-OX.jpg?resize=570%2C428\" alt=\"As cores do Rio de Janeiro nos seus p\u00e9s \" width=\"570\" height=\"428\" srcset=\"https:\/\/i0.wp.com\/agrund.com\/wp-content\/uploads\/sites\/6\/2016\/08\/Converse-Chuck-Taylor-All-Star-II-Open-Knit_R-27990-OX.jpg?w=570&amp;ssl=1 570w, https:\/\/i0.wp.com\/agrund.com\/wp-content\/uploads\/sites\/6\/2016\/08\/Converse-Chuck-Taylor-All-Star-II-Open-Knit_R-27990-OX.jpg?resize=300%2C225&amp;ssl=1 300w\" sizes=\"(max-width: 570px) 100vw, 570px\" data-recalc-dims=\"1\" \/><p id=\"caption-attachment-154483\" class=\"wp-caption-text\">As cores do Rio de Janeiro nos seus p\u00e9s<\/p><\/div>\n<div id=\"attachment_154482\" style=\"width: 580px\" class=\"wp-caption aligncenter\"><img aria-describedby=\"caption-attachment-154482\" data-attachment-id=\"154482\" data-permalink=\"https:\/\/agrund.com\/index.php\/as-cores-do-rio-de-janeiro-nos-seus-pes\/converse-chuck-taylor-all-star-ii-open-knit_r-27990-ox-5\/\" data-orig-file=\"https:\/\/i0.wp.com\/agrund.com\/wp-content\/uploads\/sites\/6\/2016\/08\/Converse-Chuck-Taylor-All-Star-II-Open-Knit_R-27990-OX-5.jpg?fit=570%2C428&amp;ssl=1\" data-orig-size=\"570,428\" data-comments-opened=\"1\" data-image-meta=\"{&quot;aperture&quot;:&quot;16&quot;,&quot;credit&quot;:&quot;&quot;,&quot;camera&quot;:&quot;Canon EOS 5DS R&quot;,&quot;caption&quot;:&quot;&quot;,&quot;created_timestamp&quot;:&quot;1463022271&quot;,&quot;copyright&quot;:&quot;&quot;,&quot;focal_length&quot;:&quot;57&quot;,&quot;iso&quot;:&quot;100&quot;,&quot;shutter_speed&quot;:&quot;0.00625&quot;,&quot;title&quot;:&quot;&quot;,&quot;orientation&quot;:&quot;1&quot;}\" data-image-title=\"As cores do Rio de Janeiro nos seus p\u00e9s\" data-image-description=\"\" data-image-caption=\"&lt;p&gt;As cores do Rio de Janeiro nos seus p\u00e9s &lt;\/p&gt;\n\" data-medium-file=\"https:\/\/i0.wp.com\/agrund.com\/wp-content\/uploads\/sites\/6\/2016\/08\/Converse-Chuck-Taylor-All-Star-II-Open-Knit_R-27990-OX-5.jpg?fit=300%2C225&amp;ssl=1\" data-large-file=\"https:\/\/i0.wp.com\/agrund.com\/wp-content\/uploads\/sites\/6\/2016\/08\/Converse-Chuck-Taylor-All-Star-II-Open-Knit_R-27990-OX-5.jpg?fit=570%2C428&amp;ssl=1\" decoding=\"async\" loading=\"lazy\" class=\"size-full wp-image-154482\" src=\"https:\/\/i0.wp.com\/www.agrund.com\/wp-content\/uploads\/sites\/6\/2016\/08\/Converse-Chuck-Taylor-All-Star-II-Open-Knit_R-27990-OX-5.jpg?resize=570%2C428\" alt=\"As cores do Rio de Janeiro nos seus p\u00e9s \" width=\"570\" height=\"428\" srcset=\"https:\/\/i0.wp.com\/agrund.com\/wp-content\/uploads\/sites\/6\/2016\/08\/Converse-Chuck-Taylor-All-Star-II-Open-Knit_R-27990-OX-5.jpg?w=570&amp;ssl=1 570w, https:\/\/i0.wp.com\/agrund.com\/wp-content\/uploads\/sites\/6\/2016\/08\/Converse-Chuck-Taylor-All-Star-II-Open-Knit_R-27990-OX-5.jpg?resize=300%2C225&amp;ssl=1 300w\" sizes=\"(max-width: 570px) 100vw, 570px\" data-recalc-dims=\"1\" \/><p id=\"caption-attachment-154482\" class=\"wp-caption-text\">As cores do Rio de Janeiro nos seus p\u00e9s<\/p><\/div>\n<p>Imagens: Reprodu\u00e7\u00e3o.<\/p>\n","protected":false},"excerpt":{"rendered":"<p>Se voc\u00ea \u00e9 louco por sneakers, ent\u00e3o prepare-se! A Converse est\u00e1 lan\u00e7ando Chuck Taylor All Star II Open Knit, inspirado no Rio de Janeiro. S\u00e3o duas vers\u00f5es do Chuck II, sendo uma de cano alto e outra de cano baixo, com muito conforto e detalhes incr\u00edveis. Criados a partir de uma parceria entre os times [&hellip;]<\/p>\n","protected":false},"author":8,"featured_media":154486,"comment_status":"open","ping_status":"open","sticky":false,"template":"","format":"standard","meta":{"jetpack_post_was_ever_published":false,"_jetpack_newsletter_access":"","jetpack_publicize_message":"","jetpack_is_tweetstorm":false,"jetpack_publicize_feature_enabled":true,"jetpack_social_post_already_shared":true,"jetpack_social_options":{"image_generator_settings":{"template":"highway","enabled":false}}},"categories":[2],"tags":[],"jetpack_publicize_connections":[],"jetpack_featured_media_url":"https:\/\/i0.wp.com\/agrund.com\/wp-content\/uploads\/sites\/6\/2016\/08\/s-56.jpg?fit=960%2C300&ssl=1","jetpack_sharing_enabled":true,"jetpack_shortlink":"https:\/\/wp.me\/p3Hz0n-EbD","jetpack_likes_enabled":true,"_links":{"self":[{"href":"https:\/\/agrund.com\/index.php\/wp-json\/wp\/v2\/posts\/154481"}],"collection":[{"href":"https:\/\/agrund.com\/index.php\/wp-json\/wp\/v2\/posts"}],"about":[{"href":"https:\/\/agrund.com\/index.php\/wp-json\/wp\/v2\/types\/post"}],"author":[{"embeddable":true,"href":"https:\/\/agrund.com\/index.php\/wp-json\/wp\/v2\/users\/8"}],"replies":[{"embeddable":true,"href":"https:\/\/agrund.com\/index.php\/wp-json\/wp\/v2\/comments?post=154481"}],"version-history":[{"count":0,"href":"https:\/\/agrund.com\/index.php\/wp-json\/wp\/v2\/posts\/154481\/revisions"}],"wp:featuredmedia":[{"embeddable":true,"href":"https:\/\/agrund.com\/index.php\/wp-json\/wp\/v2\/media\/154486"}],"wp:attachment":[{"href":"https:\/\/agrund.com\/index.php\/wp-json\/wp\/v2\/media?parent=154481"}],"wp:term":[{"taxonomy":"category","embeddable":true,"href":"https:\/\/agrund.com\/index.php\/wp-json\/wp\/v2\/categories?post=154481"},{"taxonomy":"post_tag","embeddable":true,"href":"https:\/\/agrund.com\/index.php\/wp-json\/wp\/v2\/tags?post=154481"}],"curies":[{"name":"wp","href":"https:\/\/api.w.org\/{rel}","templated":true}]}}