{"id":154342,"date":"2016-08-17T10:00:52","date_gmt":"2016-08-17T13:00:52","guid":{"rendered":"http:\/\/www.agrund.com\/?p=154342"},"modified":"2016-08-17T09:49:17","modified_gmt":"2016-08-17T12:49:17","slug":"video-73-perguntas-para-kendall-jenner","status":"publish","type":"post","link":"https:\/\/agrund.com\/index.php\/video-73-perguntas-para-kendall-jenner\/","title":{"rendered":"V\u00eddeo :: 73 perguntas para Kendall Jenner"},"content":{"rendered":"<div id=\"attachment_154344\" style=\"width: 580px\" class=\"wp-caption aligncenter\"><img aria-describedby=\"caption-attachment-154344\" data-attachment-id=\"154344\" data-permalink=\"https:\/\/agrund.com\/index.php\/video-73-perguntas-para-kendall-jenner\/captura-de-tela-2016-08-17-as-09-39-43\/\" data-orig-file=\"https:\/\/i0.wp.com\/agrund.com\/wp-content\/uploads\/sites\/6\/2016\/08\/Captura-de-Tela-2016-08-17-a\u0300s-09.39.43-e1471437818712.jpg?fit=570%2C225&amp;ssl=1\" data-orig-size=\"570,225\" data-comments-opened=\"1\" data-image-meta=\"{&quot;aperture&quot;:&quot;0&quot;,&quot;credit&quot;:&quot;&quot;,&quot;camera&quot;:&quot;&quot;,&quot;caption&quot;:&quot;&quot;,&quot;created_timestamp&quot;:&quot;0&quot;,&quot;copyright&quot;:&quot;&quot;,&quot;focal_length&quot;:&quot;0&quot;,&quot;iso&quot;:&quot;0&quot;,&quot;shutter_speed&quot;:&quot;0&quot;,&quot;title&quot;:&quot;&quot;,&quot;orientation&quot;:&quot;1&quot;}\" data-image-title=\"V\u00eddeo :: 73 perguntas para Kendall Jenner\" data-image-description=\"\" data-image-caption=\"&lt;p&gt;V\u00eddeo :: 73 perguntas para Kendall Jenner &lt;\/p&gt;\n\" data-medium-file=\"https:\/\/i0.wp.com\/agrund.com\/wp-content\/uploads\/sites\/6\/2016\/08\/Captura-de-Tela-2016-08-17-a\u0300s-09.39.43-e1471437818712.jpg?fit=300%2C118&amp;ssl=1\" data-large-file=\"https:\/\/i0.wp.com\/agrund.com\/wp-content\/uploads\/sites\/6\/2016\/08\/Captura-de-Tela-2016-08-17-a\u0300s-09.39.43-e1471437818712.jpg?fit=570%2C225&amp;ssl=1\" decoding=\"async\" loading=\"lazy\" class=\"size-full wp-image-154344\" src=\"https:\/\/i0.wp.com\/www.agrund.com\/wp-content\/uploads\/sites\/6\/2016\/08\/Captura-de-Tela-2016-08-17-a\u0300s-09.39.43-e1471437818712.jpg?resize=570%2C225\" alt=\"V\u00eddeo :: 73 perguntas para Kendall Jenner \" width=\"570\" height=\"225\" data-recalc-dims=\"1\" \/><p id=\"caption-attachment-154344\" class=\"wp-caption-text\">V\u00eddeo :: 73 perguntas para Kendall Jenner<\/p><\/div>\n<p>Depois de estrelar a capa de setembro da &#8216;Vogue&#8217; americana (reveja <a href=\"http:\/\/www.agrund.com\/kendall-jenner-conquista-sua-primeira-capa-da-vogue-us\/\" target=\"_blank\">AQUI<\/a>), Kendall Jenner abriu as portas da mans\u00e3o de sua m\u00e3e, Kris Jenner, para participar do quadro &#8217;73 perguntas&#8217; da revista. Durante o v\u00eddeo podemos conhecer um pouco mais da casa e de Kendall.<\/p>\n<p>Ao ser questionada sobre um segredo de beleza a resposta \u00e9 simples: &#8216;Tomar muita \u00e1gua!&#8221;. E ser\u00e1 que ela\u00a0roubaria o closet de alguma das irm\u00e3s? Qual seria a sua escolha?\u00a0Aperte o play e confira o v\u00eddeo completo:<\/p>\n<span class=\"embed-youtube\" style=\"text-align:center; display: block;\"><iframe class=\"youtube-player\" width=\"570\" height=\"321\" src=\"https:\/\/www.youtube.com\/embed\/lsFPbgK1v9I?version=3&#038;rel=1&#038;showsearch=0&#038;showinfo=1&#038;iv_load_policy=1&#038;fs=1&#038;hl=pt-BR&#038;autohide=2&#038;wmode=transparent\" allowfullscreen=\"true\" style=\"border:0;\" sandbox=\"allow-scripts allow-same-origin allow-popups allow-presentation\"><\/iframe><\/span>\n<p>Imagem e V\u00eddeo: Reprodu\u00e7\u00e3o.<\/p>\n","protected":false},"excerpt":{"rendered":"<p>Depois de estrelar a capa de setembro da &#8216;Vogue&#8217; americana (reveja AQUI), Kendall Jenner abriu as portas da mans\u00e3o de sua m\u00e3e, Kris Jenner, para participar do quadro &#8217;73 perguntas&#8217; da revista. Durante o v\u00eddeo podemos conhecer um pouco mais da casa e de Kendall. Ao ser questionada sobre um segredo de beleza a resposta [&hellip;]<\/p>\n","protected":false},"author":8,"featured_media":154343,"comment_status":"open","ping_status":"open","sticky":false,"template":"","format":"standard","meta":{"jetpack_post_was_ever_published":false,"_jetpack_newsletter_access":"","jetpack_publicize_message":"","jetpack_is_tweetstorm":false,"jetpack_publicize_feature_enabled":true,"jetpack_social_post_already_shared":true,"jetpack_social_options":{"image_generator_settings":{"template":"highway","enabled":false}}},"categories":[2],"tags":[],"jetpack_publicize_connections":[],"jetpack_featured_media_url":"https:\/\/i0.wp.com\/agrund.com\/wp-content\/uploads\/sites\/6\/2016\/08\/s-43.jpg?fit=960%2C300&ssl=1","jetpack_sharing_enabled":true,"jetpack_shortlink":"https:\/\/wp.me\/p3Hz0n-E9o","jetpack_likes_enabled":true,"_links":{"self":[{"href":"https:\/\/agrund.com\/index.php\/wp-json\/wp\/v2\/posts\/154342"}],"collection":[{"href":"https:\/\/agrund.com\/index.php\/wp-json\/wp\/v2\/posts"}],"about":[{"href":"https:\/\/agrund.com\/index.php\/wp-json\/wp\/v2\/types\/post"}],"author":[{"embeddable":true,"href":"https:\/\/agrund.com\/index.php\/wp-json\/wp\/v2\/users\/8"}],"replies":[{"embeddable":true,"href":"https:\/\/agrund.com\/index.php\/wp-json\/wp\/v2\/comments?post=154342"}],"version-history":[{"count":0,"href":"https:\/\/agrund.com\/index.php\/wp-json\/wp\/v2\/posts\/154342\/revisions"}],"wp:featuredmedia":[{"embeddable":true,"href":"https:\/\/agrund.com\/index.php\/wp-json\/wp\/v2\/media\/154343"}],"wp:attachment":[{"href":"https:\/\/agrund.com\/index.php\/wp-json\/wp\/v2\/media?parent=154342"}],"wp:term":[{"taxonomy":"category","embeddable":true,"href":"https:\/\/agrund.com\/index.php\/wp-json\/wp\/v2\/categories?post=154342"},{"taxonomy":"post_tag","embeddable":true,"href":"https:\/\/agrund.com\/index.php\/wp-json\/wp\/v2\/tags?post=154342"}],"curies":[{"name":"wp","href":"https:\/\/api.w.org\/{rel}","templated":true}]}}