{"id":153996,"date":"2016-08-09T18:00:52","date_gmt":"2016-08-09T21:00:52","guid":{"rendered":"http:\/\/www.agrund.com\/?p=153996"},"modified":"2016-08-09T17:27:05","modified_gmt":"2016-08-09T20:27:05","slug":"preview-os-detalhes-do-verao-2017-da-cavalera","status":"publish","type":"post","link":"https:\/\/agrund.com\/index.php\/preview-os-detalhes-do-verao-2017-da-cavalera\/","title":{"rendered":"Preview :: Os detalhes do ver\u00e3o 2017 da Cavalera"},"content":{"rendered":"<p>Na noite de hoje (09), a Cavalera ir\u00e1 apresentar o desfile de sua cole\u00e7\u00e3o ver\u00e3o 2017. Batizada de &#8216;Nossa Moda de Viola&#8217;, ela tem como inspira\u00e7\u00e3o o universo sertanejo, que faz parte da cultura brasileira.<\/p>\n<p>Deste mergulho nas ra\u00edzes de nosso pa\u00eds surgiram pe\u00e7as femininas com a cintura marcada, silhueta alongada e transpar\u00eancias. J\u00e1 para os homens, a grande aposta s\u00e3o as pe\u00e7as de alfaiataria com refer\u00eancia nos anos 1950, al\u00e9m de muitas estampas e bordados.<\/p>\n<p>O Agrund.com vai estar l\u00e1, mas j\u00e1 queremos mostrar para voc\u00eas um pouco do que estar\u00e1 na passarela. Confira!<\/p>\n<div id=\"attachment_153999\" style=\"width: 580px\" class=\"wp-caption aligncenter\"><img aria-describedby=\"caption-attachment-153999\" data-attachment-id=\"153999\" data-permalink=\"https:\/\/agrund.com\/index.php\/preview-os-detalhes-do-verao-2017-da-cavalera\/cavalera-v17-fem-nossa-moda-de-viola-3bx\/\" data-orig-file=\"https:\/\/i0.wp.com\/agrund.com\/wp-content\/uploads\/sites\/6\/2016\/08\/CAVALERA-V17-FEM-Nossa-Moda-de-Viola-3bx.jpg?fit=570%2C760&amp;ssl=1\" data-orig-size=\"570,760\" data-comments-opened=\"1\" data-image-meta=\"{&quot;aperture&quot;:&quot;0&quot;,&quot;credit&quot;:&quot;&quot;,&quot;camera&quot;:&quot;&quot;,&quot;caption&quot;:&quot;&quot;,&quot;created_timestamp&quot;:&quot;0&quot;,&quot;copyright&quot;:&quot;&quot;,&quot;focal_length&quot;:&quot;0&quot;,&quot;iso&quot;:&quot;0&quot;,&quot;shutter_speed&quot;:&quot;0&quot;,&quot;title&quot;:&quot;&quot;,&quot;orientation&quot;:&quot;1&quot;}\" data-image-title=\"Preview :: Os detalhes do ver\u00e3o 2017 da Cavalera\" data-image-description=\"\" data-image-caption=\"&lt;p&gt;Preview :: Os detalhes do ver\u00e3o 2017 da Cavalera  &lt;\/p&gt;\n\" data-medium-file=\"https:\/\/i0.wp.com\/agrund.com\/wp-content\/uploads\/sites\/6\/2016\/08\/CAVALERA-V17-FEM-Nossa-Moda-de-Viola-3bx.jpg?fit=225%2C300&amp;ssl=1\" data-large-file=\"https:\/\/i0.wp.com\/agrund.com\/wp-content\/uploads\/sites\/6\/2016\/08\/CAVALERA-V17-FEM-Nossa-Moda-de-Viola-3bx.jpg?fit=570%2C760&amp;ssl=1\" decoding=\"async\" loading=\"lazy\" class=\"size-full wp-image-153999\" src=\"https:\/\/i0.wp.com\/www.agrund.com\/wp-content\/uploads\/sites\/6\/2016\/08\/CAVALERA-V17-FEM-Nossa-Moda-de-Viola-3bx.jpg?resize=570%2C760\" alt=\"Preview :: Os detalhes do ver\u00e3o 2017 da Cavalera  \" width=\"570\" height=\"760\" srcset=\"https:\/\/i0.wp.com\/agrund.com\/wp-content\/uploads\/sites\/6\/2016\/08\/CAVALERA-V17-FEM-Nossa-Moda-de-Viola-3bx.jpg?w=570&amp;ssl=1 570w, https:\/\/i0.wp.com\/agrund.com\/wp-content\/uploads\/sites\/6\/2016\/08\/CAVALERA-V17-FEM-Nossa-Moda-de-Viola-3bx.jpg?resize=225%2C300&amp;ssl=1 225w\" sizes=\"(max-width: 570px) 100vw, 570px\" data-recalc-dims=\"1\" \/><p id=\"caption-attachment-153999\" class=\"wp-caption-text\">Preview :: Os detalhes do ver\u00e3o 2017 da Cavalera<\/p><\/div>\n<div id=\"attachment_153997\" style=\"width: 580px\" class=\"wp-caption aligncenter\"><img aria-describedby=\"caption-attachment-153997\" data-attachment-id=\"153997\" data-permalink=\"https:\/\/agrund.com\/index.php\/preview-os-detalhes-do-verao-2017-da-cavalera\/cavalera-v17-fem-nossa-moda-de-viola-1bx\/\" data-orig-file=\"https:\/\/i0.wp.com\/agrund.com\/wp-content\/uploads\/sites\/6\/2016\/08\/CAVALERA-V17-FEM-Nossa-Moda-de-Viola-1bx.jpg?fit=570%2C428&amp;ssl=1\" data-orig-size=\"570,428\" data-comments-opened=\"1\" data-image-meta=\"{&quot;aperture&quot;:&quot;0&quot;,&quot;credit&quot;:&quot;&quot;,&quot;camera&quot;:&quot;&quot;,&quot;caption&quot;:&quot;&quot;,&quot;created_timestamp&quot;:&quot;0&quot;,&quot;copyright&quot;:&quot;&quot;,&quot;focal_length&quot;:&quot;0&quot;,&quot;iso&quot;:&quot;0&quot;,&quot;shutter_speed&quot;:&quot;0&quot;,&quot;title&quot;:&quot;&quot;,&quot;orientation&quot;:&quot;1&quot;}\" data-image-title=\"Preview :: Os detalhes do ver\u00e3o 2017 da Cavalera\" data-image-description=\"\" data-image-caption=\"&lt;p&gt;Preview :: Os detalhes do ver\u00e3o 2017 da Cavalera  &lt;\/p&gt;\n\" data-medium-file=\"https:\/\/i0.wp.com\/agrund.com\/wp-content\/uploads\/sites\/6\/2016\/08\/CAVALERA-V17-FEM-Nossa-Moda-de-Viola-1bx.jpg?fit=300%2C225&amp;ssl=1\" data-large-file=\"https:\/\/i0.wp.com\/agrund.com\/wp-content\/uploads\/sites\/6\/2016\/08\/CAVALERA-V17-FEM-Nossa-Moda-de-Viola-1bx.jpg?fit=570%2C428&amp;ssl=1\" decoding=\"async\" loading=\"lazy\" class=\"size-full wp-image-153997\" src=\"https:\/\/i0.wp.com\/www.agrund.com\/wp-content\/uploads\/sites\/6\/2016\/08\/CAVALERA-V17-FEM-Nossa-Moda-de-Viola-1bx.jpg?resize=570%2C428\" alt=\"Preview :: Os detalhes do ver\u00e3o 2017 da Cavalera  \" width=\"570\" height=\"428\" srcset=\"https:\/\/i0.wp.com\/agrund.com\/wp-content\/uploads\/sites\/6\/2016\/08\/CAVALERA-V17-FEM-Nossa-Moda-de-Viola-1bx.jpg?w=570&amp;ssl=1 570w, https:\/\/i0.wp.com\/agrund.com\/wp-content\/uploads\/sites\/6\/2016\/08\/CAVALERA-V17-FEM-Nossa-Moda-de-Viola-1bx.jpg?resize=300%2C225&amp;ssl=1 300w\" sizes=\"(max-width: 570px) 100vw, 570px\" data-recalc-dims=\"1\" \/><p id=\"caption-attachment-153997\" class=\"wp-caption-text\">Preview :: Os detalhes do ver\u00e3o 2017 da Cavalera<\/p><\/div>\n<div id=\"attachment_154000\" style=\"width: 580px\" class=\"wp-caption aligncenter\"><img aria-describedby=\"caption-attachment-154000\" data-attachment-id=\"154000\" data-permalink=\"https:\/\/agrund.com\/index.php\/preview-os-detalhes-do-verao-2017-da-cavalera\/cavalera-v17-masc-nossa-moda-de-viola-1bx\/\" data-orig-file=\"https:\/\/i0.wp.com\/agrund.com\/wp-content\/uploads\/sites\/6\/2016\/08\/CAVALERA-V17-MASC-Nossa-Moda-de-Viola-1bx.jpg?fit=570%2C435&amp;ssl=1\" data-orig-size=\"570,435\" data-comments-opened=\"1\" data-image-meta=\"{&quot;aperture&quot;:&quot;0&quot;,&quot;credit&quot;:&quot;&quot;,&quot;camera&quot;:&quot;&quot;,&quot;caption&quot;:&quot;&quot;,&quot;created_timestamp&quot;:&quot;0&quot;,&quot;copyright&quot;:&quot;&quot;,&quot;focal_length&quot;:&quot;0&quot;,&quot;iso&quot;:&quot;0&quot;,&quot;shutter_speed&quot;:&quot;0&quot;,&quot;title&quot;:&quot;&quot;,&quot;orientation&quot;:&quot;1&quot;}\" data-image-title=\"Preview :: Os detalhes do ver\u00e3o 2017 da Cavalera\" data-image-description=\"\" data-image-caption=\"&lt;p&gt;Preview :: Os detalhes do ver\u00e3o 2017 da Cavalera  &lt;\/p&gt;\n\" data-medium-file=\"https:\/\/i0.wp.com\/agrund.com\/wp-content\/uploads\/sites\/6\/2016\/08\/CAVALERA-V17-MASC-Nossa-Moda-de-Viola-1bx.jpg?fit=300%2C229&amp;ssl=1\" data-large-file=\"https:\/\/i0.wp.com\/agrund.com\/wp-content\/uploads\/sites\/6\/2016\/08\/CAVALERA-V17-MASC-Nossa-Moda-de-Viola-1bx.jpg?fit=570%2C435&amp;ssl=1\" decoding=\"async\" loading=\"lazy\" class=\"size-full wp-image-154000\" src=\"https:\/\/i0.wp.com\/www.agrund.com\/wp-content\/uploads\/sites\/6\/2016\/08\/CAVALERA-V17-MASC-Nossa-Moda-de-Viola-1bx.jpg?resize=570%2C435\" alt=\"Preview :: Os detalhes do ver\u00e3o 2017 da Cavalera  \" width=\"570\" height=\"435\" srcset=\"https:\/\/i0.wp.com\/agrund.com\/wp-content\/uploads\/sites\/6\/2016\/08\/CAVALERA-V17-MASC-Nossa-Moda-de-Viola-1bx.jpg?w=570&amp;ssl=1 570w, https:\/\/i0.wp.com\/agrund.com\/wp-content\/uploads\/sites\/6\/2016\/08\/CAVALERA-V17-MASC-Nossa-Moda-de-Viola-1bx.jpg?resize=300%2C229&amp;ssl=1 300w\" sizes=\"(max-width: 570px) 100vw, 570px\" data-recalc-dims=\"1\" \/><p id=\"caption-attachment-154000\" class=\"wp-caption-text\">Preview :: Os detalhes do ver\u00e3o 2017 da Cavalera<\/p><\/div>\n<div id=\"attachment_154001\" style=\"width: 580px\" class=\"wp-caption aligncenter\"><img aria-describedby=\"caption-attachment-154001\" data-attachment-id=\"154001\" data-permalink=\"https:\/\/agrund.com\/index.php\/preview-os-detalhes-do-verao-2017-da-cavalera\/cavalera-v17-masc-nossa-moda-de-viola-2-bx\/\" data-orig-file=\"https:\/\/i0.wp.com\/agrund.com\/wp-content\/uploads\/sites\/6\/2016\/08\/CAVALERA-V17-MASC-Nossa-Moda-de-Viola-2-BX.jpg?fit=570%2C763&amp;ssl=1\" data-orig-size=\"570,763\" data-comments-opened=\"1\" data-image-meta=\"{&quot;aperture&quot;:&quot;0&quot;,&quot;credit&quot;:&quot;&quot;,&quot;camera&quot;:&quot;&quot;,&quot;caption&quot;:&quot;&quot;,&quot;created_timestamp&quot;:&quot;0&quot;,&quot;copyright&quot;:&quot;&quot;,&quot;focal_length&quot;:&quot;0&quot;,&quot;iso&quot;:&quot;0&quot;,&quot;shutter_speed&quot;:&quot;0&quot;,&quot;title&quot;:&quot;&quot;,&quot;orientation&quot;:&quot;1&quot;}\" data-image-title=\"Preview :: Os detalhes do ver\u00e3o 2017 da Cavalera\" data-image-description=\"\" data-image-caption=\"&lt;p&gt;Preview :: Os detalhes do ver\u00e3o 2017 da Cavalera  &lt;\/p&gt;\n\" data-medium-file=\"https:\/\/i0.wp.com\/agrund.com\/wp-content\/uploads\/sites\/6\/2016\/08\/CAVALERA-V17-MASC-Nossa-Moda-de-Viola-2-BX.jpg?fit=224%2C300&amp;ssl=1\" data-large-file=\"https:\/\/i0.wp.com\/agrund.com\/wp-content\/uploads\/sites\/6\/2016\/08\/CAVALERA-V17-MASC-Nossa-Moda-de-Viola-2-BX.jpg?fit=570%2C763&amp;ssl=1\" decoding=\"async\" loading=\"lazy\" class=\"size-full wp-image-154001\" src=\"https:\/\/i0.wp.com\/www.agrund.com\/wp-content\/uploads\/sites\/6\/2016\/08\/CAVALERA-V17-MASC-Nossa-Moda-de-Viola-2-BX.jpg?resize=570%2C763\" alt=\"Preview :: Os detalhes do ver\u00e3o 2017 da Cavalera  \" width=\"570\" height=\"763\" srcset=\"https:\/\/i0.wp.com\/agrund.com\/wp-content\/uploads\/sites\/6\/2016\/08\/CAVALERA-V17-MASC-Nossa-Moda-de-Viola-2-BX.jpg?w=570&amp;ssl=1 570w, https:\/\/i0.wp.com\/agrund.com\/wp-content\/uploads\/sites\/6\/2016\/08\/CAVALERA-V17-MASC-Nossa-Moda-de-Viola-2-BX.jpg?resize=224%2C300&amp;ssl=1 224w\" sizes=\"(max-width: 570px) 100vw, 570px\" data-recalc-dims=\"1\" \/><p id=\"caption-attachment-154001\" class=\"wp-caption-text\">Preview :: Os detalhes do ver\u00e3o 2017 da Cavalera<\/p><\/div>\n<p>Imagens: Divulga\u00e7\u00e3o.<\/p>\n","protected":false},"excerpt":{"rendered":"<p>Na noite de hoje (09), a Cavalera ir\u00e1 apresentar o desfile de sua cole\u00e7\u00e3o ver\u00e3o 2017. Batizada de &#8216;Nossa Moda de Viola&#8217;, ela tem como inspira\u00e7\u00e3o o universo sertanejo, que faz parte da cultura brasileira. Deste mergulho nas ra\u00edzes de nosso pa\u00eds surgiram pe\u00e7as femininas com a cintura marcada, silhueta alongada e transpar\u00eancias. J\u00e1 para [&hellip;]<\/p>\n","protected":false},"author":8,"featured_media":154002,"comment_status":"open","ping_status":"open","sticky":false,"template":"","format":"standard","meta":{"jetpack_post_was_ever_published":false,"_jetpack_newsletter_access":"","jetpack_publicize_message":"","jetpack_is_tweetstorm":false,"jetpack_publicize_feature_enabled":true,"jetpack_social_post_already_shared":true,"jetpack_social_options":{"image_generator_settings":{"template":"highway","enabled":false}}},"categories":[2],"tags":[],"jetpack_publicize_connections":[],"jetpack_featured_media_url":"https:\/\/i0.wp.com\/agrund.com\/wp-content\/uploads\/sites\/6\/2016\/08\/s-16.jpg?fit=960%2C300&ssl=1","jetpack_sharing_enabled":true,"jetpack_shortlink":"https:\/\/wp.me\/p3Hz0n-E3O","jetpack_likes_enabled":true,"_links":{"self":[{"href":"https:\/\/agrund.com\/index.php\/wp-json\/wp\/v2\/posts\/153996"}],"collection":[{"href":"https:\/\/agrund.com\/index.php\/wp-json\/wp\/v2\/posts"}],"about":[{"href":"https:\/\/agrund.com\/index.php\/wp-json\/wp\/v2\/types\/post"}],"author":[{"embeddable":true,"href":"https:\/\/agrund.com\/index.php\/wp-json\/wp\/v2\/users\/8"}],"replies":[{"embeddable":true,"href":"https:\/\/agrund.com\/index.php\/wp-json\/wp\/v2\/comments?post=153996"}],"version-history":[{"count":0,"href":"https:\/\/agrund.com\/index.php\/wp-json\/wp\/v2\/posts\/153996\/revisions"}],"wp:featuredmedia":[{"embeddable":true,"href":"https:\/\/agrund.com\/index.php\/wp-json\/wp\/v2\/media\/154002"}],"wp:attachment":[{"href":"https:\/\/agrund.com\/index.php\/wp-json\/wp\/v2\/media?parent=153996"}],"wp:term":[{"taxonomy":"category","embeddable":true,"href":"https:\/\/agrund.com\/index.php\/wp-json\/wp\/v2\/categories?post=153996"},{"taxonomy":"post_tag","embeddable":true,"href":"https:\/\/agrund.com\/index.php\/wp-json\/wp\/v2\/tags?post=153996"}],"curies":[{"name":"wp","href":"https:\/\/api.w.org\/{rel}","templated":true}]}}