{"id":153852,"date":"2016-08-05T18:00:32","date_gmt":"2016-08-05T21:00:32","guid":{"rendered":"http:\/\/www.agrund.com\/?p=153852"},"modified":"2016-08-05T16:14:39","modified_gmt":"2016-08-05T19:14:39","slug":"jeans-com-jeans-combinacao-queridinha-das-famosas","status":"publish","type":"post","link":"https:\/\/agrund.com\/index.php\/jeans-com-jeans-combinacao-queridinha-das-famosas\/","title":{"rendered":"Jeans com jeans: combina\u00e7\u00e3o queridinha das famosas"},"content":{"rendered":"<p>Por Ros\u00e2ngela Espinossi<\/p>\n<p>A combina\u00e7\u00e3o jeans com jeans, que confere um estilo sempre despojado e jovem, continua firme e forte entre as queridinhas das famosas. \u00c9 poss\u00edvel usar de v\u00e1rias formas: pe\u00e7as escuras, pe\u00e7as clara ou misturadas. Basta seguir sua vontade e a ocasi\u00e3o.<\/p>\n<p>O mais legal \u00e9 que d\u00e1 para fazer misturas tanto com lavagens dos jeans quanto com acess\u00f3rios. Por exemplo: nos p\u00e9s, vale escarpins, t\u00eanis, botas, sand\u00e1lias. Usar camisas abertas com camisetas ou regatas \u00e9 outro segredo para deixar o visual ainda mais ecl\u00e9tico.<\/p>\n<p>Julianne Trevisol, Carol Castro, Ana Furtado e Fernanda Lima j\u00e1 embarcaram nessa tend\u00eancia, que na verdade nunca sai de moda. Confira algumas dicas abaixo e depois clica <a href=\"http:\/\/www.elasnotapetevermelho.com.br\/portal\/de-julianne-trevisol-a-fernanda-lima-jeans-com-jeans-sempre\/\" target=\"_blank\">AQUI<\/a> para ver outras.<\/p>\n<p>No trabalho: O uso das duas pe\u00e7as juntas gera looks despojados, por isso, deve-se tomar cuidado ao vestir-se para o batente. A menos que sua fun\u00e7\u00e3o n\u00e3o exija formalidade e sua empresa permita jeans, aposte no \u201cconjunto\u201d.<\/p>\n<p>Tons: Os tons mais escuros e sem manchas ou rasgados s\u00e3o os mais indicados para o trabalho. Lembre-se que cores claras sempre tendem a ampliar a regi\u00e3o onde est\u00e3o localizadas.<\/p>\n<p>Sapato: O uso de jeans com scarpin est\u00e1 entronizado no mundo fashion. O melhor \u00e9 que o cal\u00e7ado combina com todos os tipos e lavagens do denim.<\/p>\n<p>Julianne Trevisol escolheu jeans com jeans para ir ao lan\u00e7amento da loja de cal\u00e7ados Blue Bird no Rio. Veja como ela soube combinar a cal\u00e7a curta e rasgada com scarpin, camiseta por baixo e camisa aberta. Mistura inusitada e moderna.<\/p>\n<div id=\"attachment_153856\" style=\"width: 580px\" class=\"wp-caption aligncenter\"><img aria-describedby=\"caption-attachment-153856\" data-attachment-id=\"153856\" data-permalink=\"https:\/\/agrund.com\/index.php\/jeans-com-jeans-combinacao-queridinha-das-famosas\/julianne-trevisol\/\" data-orig-file=\"https:\/\/i0.wp.com\/agrund.com\/wp-content\/uploads\/sites\/6\/2016\/08\/julianne-trevisol-e1470424140686.jpg?fit=570%2C391&amp;ssl=1\" data-orig-size=\"570,391\" data-comments-opened=\"1\" data-image-meta=\"{&quot;aperture&quot;:&quot;0&quot;,&quot;credit&quot;:&quot;&quot;,&quot;camera&quot;:&quot;&quot;,&quot;caption&quot;:&quot;&quot;,&quot;created_timestamp&quot;:&quot;0&quot;,&quot;copyright&quot;:&quot;&quot;,&quot;focal_length&quot;:&quot;0&quot;,&quot;iso&quot;:&quot;0&quot;,&quot;shutter_speed&quot;:&quot;0&quot;,&quot;title&quot;:&quot;&quot;,&quot;orientation&quot;:&quot;0&quot;}\" data-image-title=\"Jeans com jeans: combina\u00e7\u00e3o queridinha das famosas\" data-image-description=\"\" data-image-caption=\"&lt;p&gt;Jeans com jeans: combina\u00e7\u00e3o queridinha das famosas&lt;\/p&gt;\n\" data-medium-file=\"https:\/\/i0.wp.com\/agrund.com\/wp-content\/uploads\/sites\/6\/2016\/08\/julianne-trevisol-e1470424140686.jpg?fit=300%2C206&amp;ssl=1\" data-large-file=\"https:\/\/i0.wp.com\/agrund.com\/wp-content\/uploads\/sites\/6\/2016\/08\/julianne-trevisol-e1470424140686.jpg?fit=1024%2C702&amp;ssl=1\" decoding=\"async\" loading=\"lazy\" class=\"size-full wp-image-153856\" src=\"https:\/\/i0.wp.com\/www.agrund.com\/wp-content\/uploads\/sites\/6\/2016\/08\/julianne-trevisol-e1470424140686.jpg?resize=570%2C391\" alt=\"Jeans com jeans: combina\u00e7\u00e3o queridinha das famosas\" width=\"570\" height=\"391\" data-recalc-dims=\"1\" \/><p id=\"caption-attachment-153856\" class=\"wp-caption-text\">Jeans com jeans: combina\u00e7\u00e3o queridinha das famosas<\/p><\/div>\n<p>&nbsp;<\/p>\n<p>Carol Castro optou pela tonalidade clara, usando cal\u00e7a justa e camisa ajustada. Nos p\u00e9s scarpins pretos foi uma boa escolha para o look.<\/p>\n<div id=\"attachment_153854\" style=\"width: 580px\" class=\"wp-caption aligncenter\"><img aria-describedby=\"caption-attachment-153854\" data-attachment-id=\"153854\" data-permalink=\"https:\/\/agrund.com\/index.php\/jeans-com-jeans-combinacao-queridinha-das-famosas\/carol-castro-moda-agnews\/\" data-orig-file=\"https:\/\/i0.wp.com\/agrund.com\/wp-content\/uploads\/sites\/6\/2016\/08\/carol-castro-moda-agnews-e1470424102110.jpg?fit=570%2C428&amp;ssl=1\" data-orig-size=\"570,428\" data-comments-opened=\"1\" data-image-meta=\"{&quot;aperture&quot;:&quot;0&quot;,&quot;credit&quot;:&quot;&quot;,&quot;camera&quot;:&quot;&quot;,&quot;caption&quot;:&quot;&quot;,&quot;created_timestamp&quot;:&quot;0&quot;,&quot;copyright&quot;:&quot;&quot;,&quot;focal_length&quot;:&quot;0&quot;,&quot;iso&quot;:&quot;0&quot;,&quot;shutter_speed&quot;:&quot;0&quot;,&quot;title&quot;:&quot;&quot;,&quot;orientation&quot;:&quot;0&quot;}\" data-image-title=\"Jeans com jeans: combina\u00e7\u00e3o queridinha das famosas\" data-image-description=\"\" data-image-caption=\"&lt;p&gt;Jeans com jeans: combina\u00e7\u00e3o queridinha das famosas&lt;\/p&gt;\n\" data-medium-file=\"https:\/\/i0.wp.com\/agrund.com\/wp-content\/uploads\/sites\/6\/2016\/08\/carol-castro-moda-agnews-e1470424102110.jpg?fit=300%2C225&amp;ssl=1\" data-large-file=\"https:\/\/i0.wp.com\/agrund.com\/wp-content\/uploads\/sites\/6\/2016\/08\/carol-castro-moda-agnews-e1470424102110.jpg?fit=1024%2C768&amp;ssl=1\" decoding=\"async\" loading=\"lazy\" class=\"size-full wp-image-153854\" src=\"https:\/\/i0.wp.com\/www.agrund.com\/wp-content\/uploads\/sites\/6\/2016\/08\/carol-castro-moda-agnews-e1470424102110.jpg?resize=570%2C428\" alt=\"Jeans com jeans: combina\u00e7\u00e3o queridinha das famosas\" width=\"570\" height=\"428\" data-recalc-dims=\"1\" \/><p id=\"caption-attachment-153854\" class=\"wp-caption-text\">Jeans com jeans: combina\u00e7\u00e3o queridinha das famosas<\/p><\/div>\n<p>&nbsp;<\/p>\n<p>Fernanda Lima escolheu tons escuros para compor o look com cal\u00e7a justa e camisa de mangas curtas. As botas caramelo com franjas continuam atuais.<\/p>\n<div id=\"attachment_153855\" style=\"width: 580px\" class=\"wp-caption aligncenter\"><img aria-describedby=\"caption-attachment-153855\" data-attachment-id=\"153855\" data-permalink=\"https:\/\/agrund.com\/index.php\/jeans-com-jeans-combinacao-queridinha-das-famosas\/fernanda-levis-1024x861\/\" data-orig-file=\"https:\/\/i0.wp.com\/agrund.com\/wp-content\/uploads\/sites\/6\/2016\/08\/fernanda-levi\u00b4s-1024x861-e1470423989412.jpg?fit=570%2C479&amp;ssl=1\" data-orig-size=\"570,479\" data-comments-opened=\"1\" data-image-meta=\"{&quot;aperture&quot;:&quot;0&quot;,&quot;credit&quot;:&quot;&quot;,&quot;camera&quot;:&quot;&quot;,&quot;caption&quot;:&quot;&quot;,&quot;created_timestamp&quot;:&quot;0&quot;,&quot;copyright&quot;:&quot;&quot;,&quot;focal_length&quot;:&quot;0&quot;,&quot;iso&quot;:&quot;0&quot;,&quot;shutter_speed&quot;:&quot;0&quot;,&quot;title&quot;:&quot;&quot;,&quot;orientation&quot;:&quot;0&quot;}\" data-image-title=\"Jeans com jeans: combina\u00e7\u00e3o queridinha das famosas\" data-image-description=\"\" data-image-caption=\"&lt;p&gt;Jeans com jeans: combina\u00e7\u00e3o queridinha das famosas&lt;\/p&gt;\n\" data-medium-file=\"https:\/\/i0.wp.com\/agrund.com\/wp-content\/uploads\/sites\/6\/2016\/08\/fernanda-levi\u00b4s-1024x861-e1470423989412.jpg?fit=300%2C252&amp;ssl=1\" data-large-file=\"https:\/\/i0.wp.com\/agrund.com\/wp-content\/uploads\/sites\/6\/2016\/08\/fernanda-levi\u00b4s-1024x861-e1470423989412.jpg?fit=1024%2C861&amp;ssl=1\" decoding=\"async\" loading=\"lazy\" class=\"size-full wp-image-153855\" src=\"https:\/\/i0.wp.com\/www.agrund.com\/wp-content\/uploads\/sites\/6\/2016\/08\/fernanda-levi\u00b4s-1024x861-e1470423989412.jpg?resize=570%2C479\" alt=\"Jeans com jeans: combina\u00e7\u00e3o queridinha das famosas\" width=\"570\" height=\"479\" data-recalc-dims=\"1\" \/><p id=\"caption-attachment-153855\" class=\"wp-caption-text\">Jeans com jeans: combina\u00e7\u00e3o queridinha das famosas<\/p><\/div>\n<p>&nbsp;<\/p>\n<p>Ana Furtado n\u00e3o s\u00f3 escolheu jeans com jeans, como tamb\u00e9m apostou na tend\u00eancia esportiva, usando cal\u00e7a estilo jogging, com cintura e barra com el\u00e1stico, modelo ideal para quem \u00e9 alta e magra. Nos p\u00e9s, as sand\u00e1lia de tiras nude ajuda a alongar a silhueta.<\/p>\n<div id=\"attachment_153853\" style=\"width: 580px\" class=\"wp-caption aligncenter\"><img aria-describedby=\"caption-attachment-153853\" data-attachment-id=\"153853\" data-permalink=\"https:\/\/agrund.com\/index.php\/jeans-com-jeans-combinacao-queridinha-das-famosas\/ana\/\" data-orig-file=\"https:\/\/i0.wp.com\/agrund.com\/wp-content\/uploads\/sites\/6\/2016\/08\/ana-e1470424267390.jpg?fit=570%2C428&amp;ssl=1\" data-orig-size=\"570,428\" data-comments-opened=\"1\" data-image-meta=\"{&quot;aperture&quot;:&quot;0&quot;,&quot;credit&quot;:&quot;&quot;,&quot;camera&quot;:&quot;&quot;,&quot;caption&quot;:&quot;&quot;,&quot;created_timestamp&quot;:&quot;0&quot;,&quot;copyright&quot;:&quot;&quot;,&quot;focal_length&quot;:&quot;0&quot;,&quot;iso&quot;:&quot;0&quot;,&quot;shutter_speed&quot;:&quot;0&quot;,&quot;title&quot;:&quot;&quot;,&quot;orientation&quot;:&quot;0&quot;}\" data-image-title=\"Jeans com jeans: combina\u00e7\u00e3o queridinha das famosas\" data-image-description=\"\" data-image-caption=\"&lt;p&gt;Jeans com jeans: combina\u00e7\u00e3o queridinha das famosas&lt;\/p&gt;\n\" data-medium-file=\"https:\/\/i0.wp.com\/agrund.com\/wp-content\/uploads\/sites\/6\/2016\/08\/ana-e1470424267390.jpg?fit=300%2C225&amp;ssl=1\" data-large-file=\"https:\/\/i0.wp.com\/agrund.com\/wp-content\/uploads\/sites\/6\/2016\/08\/ana-e1470424267390.jpg?fit=1024%2C768&amp;ssl=1\" decoding=\"async\" loading=\"lazy\" class=\"size-full wp-image-153853\" src=\"https:\/\/i0.wp.com\/www.agrund.com\/wp-content\/uploads\/sites\/6\/2016\/08\/ana-e1470424267390.jpg?resize=570%2C428\" alt=\"Jeans com jeans: combina\u00e7\u00e3o queridinha das famosas\" width=\"570\" height=\"428\" data-recalc-dims=\"1\" \/><p id=\"caption-attachment-153853\" class=\"wp-caption-text\">Jeans com jeans: combina\u00e7\u00e3o queridinha das famosas<\/p><\/div>\n<p>Imagens: AgNews.<\/p>\n","protected":false},"excerpt":{"rendered":"<p>Por Ros\u00e2ngela Espinossi A combina\u00e7\u00e3o jeans com jeans, que confere um estilo sempre despojado e jovem, continua firme e forte entre as queridinhas das famosas. \u00c9 poss\u00edvel usar de v\u00e1rias formas: pe\u00e7as escuras, pe\u00e7as clara ou misturadas. Basta seguir sua vontade e a ocasi\u00e3o. O mais legal \u00e9 que d\u00e1 para fazer misturas tanto com [&hellip;]<\/p>\n","protected":false},"author":8,"featured_media":153857,"comment_status":"open","ping_status":"open","sticky":false,"template":"","format":"standard","meta":{"jetpack_post_was_ever_published":false,"_jetpack_newsletter_access":"","jetpack_publicize_message":"","jetpack_is_tweetstorm":false,"jetpack_publicize_feature_enabled":true,"jetpack_social_post_already_shared":true,"jetpack_social_options":{"image_generator_settings":{"template":"highway","enabled":false}}},"categories":[2],"tags":[],"jetpack_publicize_connections":[],"jetpack_featured_media_url":"https:\/\/i0.wp.com\/agrund.com\/wp-content\/uploads\/sites\/6\/2016\/08\/s-9.jpg?fit=960%2C300&ssl=1","jetpack_sharing_enabled":true,"jetpack_shortlink":"https:\/\/wp.me\/p3Hz0n-E1u","jetpack_likes_enabled":true,"_links":{"self":[{"href":"https:\/\/agrund.com\/index.php\/wp-json\/wp\/v2\/posts\/153852"}],"collection":[{"href":"https:\/\/agrund.com\/index.php\/wp-json\/wp\/v2\/posts"}],"about":[{"href":"https:\/\/agrund.com\/index.php\/wp-json\/wp\/v2\/types\/post"}],"author":[{"embeddable":true,"href":"https:\/\/agrund.com\/index.php\/wp-json\/wp\/v2\/users\/8"}],"replies":[{"embeddable":true,"href":"https:\/\/agrund.com\/index.php\/wp-json\/wp\/v2\/comments?post=153852"}],"version-history":[{"count":0,"href":"https:\/\/agrund.com\/index.php\/wp-json\/wp\/v2\/posts\/153852\/revisions"}],"wp:featuredmedia":[{"embeddable":true,"href":"https:\/\/agrund.com\/index.php\/wp-json\/wp\/v2\/media\/153857"}],"wp:attachment":[{"href":"https:\/\/agrund.com\/index.php\/wp-json\/wp\/v2\/media?parent=153852"}],"wp:term":[{"taxonomy":"category","embeddable":true,"href":"https:\/\/agrund.com\/index.php\/wp-json\/wp\/v2\/categories?post=153852"},{"taxonomy":"post_tag","embeddable":true,"href":"https:\/\/agrund.com\/index.php\/wp-json\/wp\/v2\/tags?post=153852"}],"curies":[{"name":"wp","href":"https:\/\/api.w.org\/{rel}","templated":true}]}}