{"id":153829,"date":"2016-08-05T15:00:02","date_gmt":"2016-08-05T18:00:02","guid":{"rendered":"http:\/\/www.agrund.com\/?p=153829"},"modified":"2016-08-05T13:41:34","modified_gmt":"2016-08-05T16:41:34","slug":"looks-por-ju-ali-parte-ii-24","status":"publish","type":"post","link":"https:\/\/agrund.com\/index.php\/looks-por-ju-ali-parte-ii-24\/","title":{"rendered":"Looks por Ju Ali :: Parte II"},"content":{"rendered":"<p><strong>Lea Michele:<\/strong> Acho a Lea Michele muito gata. Mas n\u00e3o gosto, definitivamente n\u00e3o gosto, dessa saia com esse sapato. Uma saia super rodada, super estampada, com esse sapatinho careta de bico fino? N\u00e3o combina! Podia ser algo mais pesado, ou mais casual, uma plataforma, talvez?<\/p>\n<div id=\"attachment_153830\" style=\"width: 580px\" class=\"wp-caption aligncenter\"><img aria-describedby=\"caption-attachment-153830\" data-attachment-id=\"153830\" data-permalink=\"https:\/\/agrund.com\/index.php\/looks-por-ju-ali-parte-ii-24\/lea-michele-copia\/\" data-orig-file=\"https:\/\/i0.wp.com\/agrund.com\/wp-content\/uploads\/sites\/6\/2016\/08\/lea-michele-co\u0301pia.jpg?fit=570%2C982&amp;ssl=1\" data-orig-size=\"570,982\" data-comments-opened=\"1\" data-image-meta=\"{&quot;aperture&quot;:&quot;9&quot;,&quot;credit&quot;:&quot;&quot;,&quot;camera&quot;:&quot;NIKON D3&quot;,&quot;caption&quot;:&quot;TEEN CHOICE 2016: SCREAM QUEENS cast member Lea Michele arrives on the teal carpet at TEEN CHOICE 2016 airing Sunday, July 31 (8:00-10:00 PM ET live\\\/PT tape-delayed) on FOX at The Forum in Los Angeles, CA. \\u00a92016 Fox Broadcasting Co. CR: Scott Kirkland\\\/FOX&quot;,&quot;created_timestamp&quot;:&quot;1470011350&quot;,&quot;copyright&quot;:&quot;&quot;,&quot;focal_length&quot;:&quot;38&quot;,&quot;iso&quot;:&quot;500&quot;,&quot;shutter_speed&quot;:&quot;0.004&quot;,&quot;title&quot;:&quot;&quot;,&quot;orientation&quot;:&quot;1&quot;}\" data-image-title=\"Looks por Ju Ali :: Parte II\" data-image-description=\"\" data-image-caption=\"&lt;p&gt;Looks por Ju Ali :: Parte II&lt;\/p&gt;\n\" data-medium-file=\"https:\/\/i0.wp.com\/agrund.com\/wp-content\/uploads\/sites\/6\/2016\/08\/lea-michele-co\u0301pia.jpg?fit=174%2C300&amp;ssl=1\" data-large-file=\"https:\/\/i0.wp.com\/agrund.com\/wp-content\/uploads\/sites\/6\/2016\/08\/lea-michele-co\u0301pia.jpg?fit=570%2C982&amp;ssl=1\" decoding=\"async\" loading=\"lazy\" class=\"size-full wp-image-153830\" src=\"https:\/\/i0.wp.com\/www.agrund.com\/wp-content\/uploads\/sites\/6\/2016\/08\/lea-michele-co\u0301pia.jpg?resize=570%2C982\" alt=\"Looks por Ju Ali :: Parte II\" width=\"570\" height=\"982\" srcset=\"https:\/\/i0.wp.com\/agrund.com\/wp-content\/uploads\/sites\/6\/2016\/08\/lea-michele-co\u0301pia.jpg?w=570&amp;ssl=1 570w, https:\/\/i0.wp.com\/agrund.com\/wp-content\/uploads\/sites\/6\/2016\/08\/lea-michele-co\u0301pia.jpg?resize=174%2C300&amp;ssl=1 174w\" sizes=\"(max-width: 570px) 100vw, 570px\" data-recalc-dims=\"1\" \/><p id=\"caption-attachment-153830\" class=\"wp-caption-text\">Looks por Ju Ali :: Parte II<\/p><\/div>\n<p>&nbsp;<\/p>\n<p><strong>Margot Robbie:<\/strong> Mas genteeee de onde saiu esse vestido simplesmente MARAVILHOSO??? Quem vai me passar o nome do estilista??? Melhor look da semana, de longe!!!! Nem sei o que dizer afffff, que arraso.<\/p>\n<div id=\"attachment_153831\" style=\"width: 580px\" class=\"wp-caption aligncenter\"><img aria-describedby=\"caption-attachment-153831\" data-attachment-id=\"153831\" data-permalink=\"https:\/\/agrund.com\/index.php\/looks-por-ju-ali-parte-ii-24\/the-european-premiere-of-suicide-squad\/\" data-orig-file=\"https:\/\/i0.wp.com\/agrund.com\/wp-content\/uploads\/sites\/6\/2016\/08\/margot-robbie-co\u0301pia.jpg?fit=570%2C976&amp;ssl=1\" data-orig-size=\"570,976\" data-comments-opened=\"1\" data-image-meta=\"{&quot;aperture&quot;:&quot;0&quot;,&quot;credit&quot;:&quot;Mario Mitsis\\\/WENN.com&quot;,&quot;camera&quot;:&quot;&quot;,&quot;caption&quot;:&quot;The European Premiere of &#039;Suicide Squad&#039;  held at the Odeon Leicester Square - Arrivals\\r\\rFeaturing: Margot Robbie\\rWhere: London, United Kingdom\\rWhen: 03 Aug 2016\\rCredit: Mario Mitsis\\\/WENN.com&quot;,&quot;created_timestamp&quot;:&quot;1470236460&quot;,&quot;copyright&quot;:&quot;Mario Mitsis\\\/WENN.com&quot;,&quot;focal_length&quot;:&quot;0&quot;,&quot;iso&quot;:&quot;0&quot;,&quot;shutter_speed&quot;:&quot;0&quot;,&quot;title&quot;:&quot;The European Premiere of &#039;Suicide Squad&#039;&quot;,&quot;orientation&quot;:&quot;1&quot;}\" data-image-title=\"Looks por Ju Ali :: Parte II\" data-image-description=\"\" data-image-caption=\"&lt;p&gt;Looks por Ju Ali :: Parte II&lt;\/p&gt;\n\" data-medium-file=\"https:\/\/i0.wp.com\/agrund.com\/wp-content\/uploads\/sites\/6\/2016\/08\/margot-robbie-co\u0301pia.jpg?fit=175%2C300&amp;ssl=1\" data-large-file=\"https:\/\/i0.wp.com\/agrund.com\/wp-content\/uploads\/sites\/6\/2016\/08\/margot-robbie-co\u0301pia.jpg?fit=570%2C976&amp;ssl=1\" decoding=\"async\" loading=\"lazy\" class=\"size-full wp-image-153831\" src=\"https:\/\/i0.wp.com\/www.agrund.com\/wp-content\/uploads\/sites\/6\/2016\/08\/margot-robbie-co\u0301pia.jpg?resize=570%2C976\" alt=\"Looks por Ju Ali :: Parte II\" width=\"570\" height=\"976\" srcset=\"https:\/\/i0.wp.com\/agrund.com\/wp-content\/uploads\/sites\/6\/2016\/08\/margot-robbie-co\u0301pia.jpg?w=570&amp;ssl=1 570w, https:\/\/i0.wp.com\/agrund.com\/wp-content\/uploads\/sites\/6\/2016\/08\/margot-robbie-co\u0301pia.jpg?resize=175%2C300&amp;ssl=1 175w\" sizes=\"(max-width: 570px) 100vw, 570px\" data-recalc-dims=\"1\" \/><p id=\"caption-attachment-153831\" class=\"wp-caption-text\">Looks por Ju Ali :: Parte II<\/p><\/div>\n<p>&nbsp;<\/p>\n<p><strong>Victoria Justice:<\/strong> Mas vai vendo que a mo\u00e7a foi de pedrita esse dia.<\/p>\n<div id=\"attachment_153833\" style=\"width: 580px\" class=\"wp-caption aligncenter\"><img aria-describedby=\"caption-attachment-153833\" data-attachment-id=\"153833\" data-permalink=\"https:\/\/agrund.com\/index.php\/looks-por-ju-ali-parte-ii-24\/victoria-justice-copia\/\" data-orig-file=\"https:\/\/i0.wp.com\/agrund.com\/wp-content\/uploads\/sites\/6\/2016\/08\/victoria-justice-co\u0301pia.jpg?fit=570%2C1175&amp;ssl=1\" data-orig-size=\"570,1175\" data-comments-opened=\"1\" data-image-meta=\"{&quot;aperture&quot;:&quot;0&quot;,&quot;credit&quot;:&quot;&quot;,&quot;camera&quot;:&quot;&quot;,&quot;caption&quot;:&quot;&quot;,&quot;created_timestamp&quot;:&quot;0&quot;,&quot;copyright&quot;:&quot;&quot;,&quot;focal_length&quot;:&quot;0&quot;,&quot;iso&quot;:&quot;0&quot;,&quot;shutter_speed&quot;:&quot;0&quot;,&quot;title&quot;:&quot;&quot;,&quot;orientation&quot;:&quot;1&quot;}\" data-image-title=\"Looks por Ju Ali :: Parte II\" data-image-description=\"\" data-image-caption=\"&lt;p&gt;Looks por Ju Ali :: Parte II&lt;\/p&gt;\n\" data-medium-file=\"https:\/\/i0.wp.com\/agrund.com\/wp-content\/uploads\/sites\/6\/2016\/08\/victoria-justice-co\u0301pia.jpg?fit=146%2C300&amp;ssl=1\" data-large-file=\"https:\/\/i0.wp.com\/agrund.com\/wp-content\/uploads\/sites\/6\/2016\/08\/victoria-justice-co\u0301pia.jpg?fit=497%2C1024&amp;ssl=1\" decoding=\"async\" loading=\"lazy\" class=\"size-full wp-image-153833\" src=\"https:\/\/i0.wp.com\/www.agrund.com\/wp-content\/uploads\/sites\/6\/2016\/08\/victoria-justice-co\u0301pia.jpg?resize=570%2C1175\" alt=\"Looks por Ju Ali :: Parte II\" width=\"570\" height=\"1175\" srcset=\"https:\/\/i0.wp.com\/agrund.com\/wp-content\/uploads\/sites\/6\/2016\/08\/victoria-justice-co\u0301pia.jpg?w=570&amp;ssl=1 570w, https:\/\/i0.wp.com\/agrund.com\/wp-content\/uploads\/sites\/6\/2016\/08\/victoria-justice-co\u0301pia.jpg?resize=146%2C300&amp;ssl=1 146w, https:\/\/i0.wp.com\/agrund.com\/wp-content\/uploads\/sites\/6\/2016\/08\/victoria-justice-co\u0301pia.jpg?resize=497%2C1024&amp;ssl=1 497w\" sizes=\"(max-width: 570px) 100vw, 570px\" data-recalc-dims=\"1\" \/><p id=\"caption-attachment-153833\" class=\"wp-caption-text\">Looks por Ju Ali :: Parte II<\/p><\/div>\n<p>&nbsp;<\/p>\n<p><strong>Viola Davis:<\/strong> Mais um daqueles casos que a mulher \u00e9 maior que a roupa. Nessa categoria, junto com Viola, est\u00e3o Tilda Swinton, Beyonc\u00e9&#8230; Gente que pode vestir at\u00e9 um trapo que o resultado \u00e9 elegante. Mas, aqui, Viola ainda por cima est\u00e1 com um vestido elegant\u00e9rrimo de verdade. Esse tom de cinza meio prata ficou lindo nela!!!!!<\/p>\n<div id=\"attachment_153834\" style=\"width: 580px\" class=\"wp-caption aligncenter\"><img aria-describedby=\"caption-attachment-153834\" data-attachment-id=\"153834\" data-permalink=\"https:\/\/agrund.com\/index.php\/looks-por-ju-ali-parte-ii-24\/viola-davis-copia\/\" data-orig-file=\"https:\/\/i0.wp.com\/agrund.com\/wp-content\/uploads\/sites\/6\/2016\/08\/viola-davis-co\u0301pia-e1470415258516.jpg?fit=570%2C1024&amp;ssl=1\" data-orig-size=\"570,1024\" data-comments-opened=\"1\" data-image-meta=\"{&quot;aperture&quot;:&quot;0&quot;,&quot;credit&quot;:&quot;&quot;,&quot;camera&quot;:&quot;&quot;,&quot;caption&quot;:&quot;&quot;,&quot;created_timestamp&quot;:&quot;0&quot;,&quot;copyright&quot;:&quot;&quot;,&quot;focal_length&quot;:&quot;0&quot;,&quot;iso&quot;:&quot;0&quot;,&quot;shutter_speed&quot;:&quot;0&quot;,&quot;title&quot;:&quot;&quot;,&quot;orientation&quot;:&quot;1&quot;}\" data-image-title=\"Looks por Ju Ali :: Parte II\" data-image-description=\"\" data-image-caption=\"&lt;p&gt;Looks por Ju Ali :: Parte II&lt;\/p&gt;\n\" data-medium-file=\"https:\/\/i0.wp.com\/agrund.com\/wp-content\/uploads\/sites\/6\/2016\/08\/viola-davis-co\u0301pia-e1470415258516.jpg?fit=167%2C300&amp;ssl=1\" data-large-file=\"https:\/\/i0.wp.com\/agrund.com\/wp-content\/uploads\/sites\/6\/2016\/08\/viola-davis-co\u0301pia-e1470415258516.jpg?fit=570%2C1024&amp;ssl=1\" decoding=\"async\" loading=\"lazy\" class=\"size-full wp-image-153834\" src=\"https:\/\/i0.wp.com\/www.agrund.com\/wp-content\/uploads\/sites\/6\/2016\/08\/viola-davis-co\u0301pia-e1470415258516.jpg?resize=570%2C1024\" alt=\"Looks por Ju Ali :: Parte II\" width=\"570\" height=\"1024\" data-recalc-dims=\"1\" \/><p id=\"caption-attachment-153834\" class=\"wp-caption-text\">Looks por Ju Ali :: Parte II<\/p><\/div>\n<p>Imagens: Reprodu\u00e7\u00e3o.<\/p>\n","protected":false},"excerpt":{"rendered":"<p>Lea Michele: Acho a Lea Michele muito gata. Mas n\u00e3o gosto, definitivamente n\u00e3o gosto, dessa saia com esse sapato. Uma saia super rodada, super estampada, com esse sapatinho careta de bico fino? N\u00e3o combina! Podia ser algo mais pesado, ou mais casual, uma plataforma, talvez? &nbsp; Margot Robbie: Mas genteeee de onde saiu esse vestido [&hellip;]<\/p>\n","protected":false},"author":8,"featured_media":153832,"comment_status":"open","ping_status":"open","sticky":false,"template":"","format":"standard","meta":{"jetpack_post_was_ever_published":false,"_jetpack_newsletter_access":"","jetpack_publicize_message":"","jetpack_is_tweetstorm":false,"jetpack_publicize_feature_enabled":true,"jetpack_social_post_already_shared":true,"jetpack_social_options":{"image_generator_settings":{"template":"highway","enabled":false}}},"categories":[7,2],"tags":[],"jetpack_publicize_connections":[],"jetpack_featured_media_url":"https:\/\/i0.wp.com\/agrund.com\/wp-content\/uploads\/sites\/6\/2016\/08\/s2-2.jpg?fit=960%2C300&ssl=1","jetpack_sharing_enabled":true,"jetpack_shortlink":"https:\/\/wp.me\/p3Hz0n-E17","jetpack_likes_enabled":true,"_links":{"self":[{"href":"https:\/\/agrund.com\/index.php\/wp-json\/wp\/v2\/posts\/153829"}],"collection":[{"href":"https:\/\/agrund.com\/index.php\/wp-json\/wp\/v2\/posts"}],"about":[{"href":"https:\/\/agrund.com\/index.php\/wp-json\/wp\/v2\/types\/post"}],"author":[{"embeddable":true,"href":"https:\/\/agrund.com\/index.php\/wp-json\/wp\/v2\/users\/8"}],"replies":[{"embeddable":true,"href":"https:\/\/agrund.com\/index.php\/wp-json\/wp\/v2\/comments?post=153829"}],"version-history":[{"count":0,"href":"https:\/\/agrund.com\/index.php\/wp-json\/wp\/v2\/posts\/153829\/revisions"}],"wp:featuredmedia":[{"embeddable":true,"href":"https:\/\/agrund.com\/index.php\/wp-json\/wp\/v2\/media\/153832"}],"wp:attachment":[{"href":"https:\/\/agrund.com\/index.php\/wp-json\/wp\/v2\/media?parent=153829"}],"wp:term":[{"taxonomy":"category","embeddable":true,"href":"https:\/\/agrund.com\/index.php\/wp-json\/wp\/v2\/categories?post=153829"},{"taxonomy":"post_tag","embeddable":true,"href":"https:\/\/agrund.com\/index.php\/wp-json\/wp\/v2\/tags?post=153829"}],"curies":[{"name":"wp","href":"https:\/\/api.w.org\/{rel}","templated":true}]}}