{"id":153815,"date":"2016-08-05T11:00:26","date_gmt":"2016-08-05T14:00:26","guid":{"rendered":"http:\/\/www.agrund.com\/?p=153815"},"modified":"2016-08-05T09:40:57","modified_gmt":"2016-08-05T12:40:57","slug":"looks-por-ju-ali-parte-i-27","status":"publish","type":"post","link":"https:\/\/agrund.com\/index.php\/looks-por-ju-ali-parte-i-27\/","title":{"rendered":"Looks por Ju Ali :: Parte I"},"content":{"rendered":"<p><strong>Cara Delevingne:<\/strong> O look na real \u00e9 mega estranho mas adorei na Cara Delevingne. N\u00e3o sei se \u00e9 porque est\u00e1 nela (sim, a pessoa que est\u00e1 usando me influencia demais!), n\u00e3o sei se \u00e9 porque o decote mega profundo d\u00e1 um &#8220;respiro&#8221; de pele nessa bagun\u00e7a toda, n\u00e3o sei se \u00e9 porque o preto deu uma acalmada no visual geral&#8230; Mas fato \u00e9 que funcionou.<\/p>\n<div id=\"attachment_153817\" style=\"width: 580px\" class=\"wp-caption aligncenter\"><img aria-describedby=\"caption-attachment-153817\" data-attachment-id=\"153817\" data-permalink=\"https:\/\/agrund.com\/index.php\/looks-por-ju-ali-parte-i-27\/cara-delevingne-copia\/\" data-orig-file=\"https:\/\/i0.wp.com\/agrund.com\/wp-content\/uploads\/sites\/6\/2016\/08\/cara-delevingne-co\u0301pia.jpg?fit=570%2C1040&amp;ssl=1\" data-orig-size=\"570,1040\" data-comments-opened=\"1\" data-image-meta=\"{&quot;aperture&quot;:&quot;0&quot;,&quot;credit&quot;:&quot;&quot;,&quot;camera&quot;:&quot;&quot;,&quot;caption&quot;:&quot;&quot;,&quot;created_timestamp&quot;:&quot;0&quot;,&quot;copyright&quot;:&quot;&quot;,&quot;focal_length&quot;:&quot;0&quot;,&quot;iso&quot;:&quot;0&quot;,&quot;shutter_speed&quot;:&quot;0&quot;,&quot;title&quot;:&quot;&quot;,&quot;orientation&quot;:&quot;1&quot;}\" data-image-title=\"Looks por Ju Ali :: Parte I\" data-image-description=\"\" data-image-caption=\"&lt;p&gt;Looks por Ju Ali :: Parte I &lt;\/p&gt;\n\" data-medium-file=\"https:\/\/i0.wp.com\/agrund.com\/wp-content\/uploads\/sites\/6\/2016\/08\/cara-delevingne-co\u0301pia.jpg?fit=164%2C300&amp;ssl=1\" data-large-file=\"https:\/\/i0.wp.com\/agrund.com\/wp-content\/uploads\/sites\/6\/2016\/08\/cara-delevingne-co\u0301pia.jpg?fit=561%2C1024&amp;ssl=1\" decoding=\"async\" loading=\"lazy\" class=\"size-full wp-image-153817\" src=\"https:\/\/i0.wp.com\/www.agrund.com\/wp-content\/uploads\/sites\/6\/2016\/08\/cara-delevingne-co\u0301pia.jpg?resize=570%2C1040\" alt=\"Looks por Ju Ali :: Parte I \" width=\"570\" height=\"1040\" srcset=\"https:\/\/i0.wp.com\/agrund.com\/wp-content\/uploads\/sites\/6\/2016\/08\/cara-delevingne-co\u0301pia.jpg?w=570&amp;ssl=1 570w, https:\/\/i0.wp.com\/agrund.com\/wp-content\/uploads\/sites\/6\/2016\/08\/cara-delevingne-co\u0301pia.jpg?resize=164%2C300&amp;ssl=1 164w, https:\/\/i0.wp.com\/agrund.com\/wp-content\/uploads\/sites\/6\/2016\/08\/cara-delevingne-co\u0301pia.jpg?resize=561%2C1024&amp;ssl=1 561w\" sizes=\"(max-width: 570px) 100vw, 570px\" data-recalc-dims=\"1\" \/><p id=\"caption-attachment-153817\" class=\"wp-caption-text\">Looks por Ju Ali :: Parte I<\/p><\/div>\n<p>&nbsp;<\/p>\n<p><strong>Emily Ratajkowski:<\/strong> Adoro esse top\/body ou sei l\u00e1 o que com essas tiras e o decot\u00e3o. Ainda mais com o cabelo preso e essa mini choker discretinha. Mas a bota achei meio nada a ver. A cor, o modelo, tudo&#8230; Ficou fora do estilo esportivo.<\/p>\n<div id=\"attachment_153818\" style=\"width: 580px\" class=\"wp-caption aligncenter\"><img aria-describedby=\"caption-attachment-153818\" data-attachment-id=\"153818\" data-permalink=\"https:\/\/agrund.com\/index.php\/looks-por-ju-ali-parte-i-27\/emily-ratajkowski-copia\/\" data-orig-file=\"https:\/\/i0.wp.com\/agrund.com\/wp-content\/uploads\/sites\/6\/2016\/08\/emily-ratajkowski-co\u0301pia.jpg?fit=570%2C999&amp;ssl=1\" data-orig-size=\"570,999\" data-comments-opened=\"1\" data-image-meta=\"{&quot;aperture&quot;:&quot;0&quot;,&quot;credit&quot;:&quot;&quot;,&quot;camera&quot;:&quot;&quot;,&quot;caption&quot;:&quot;&quot;,&quot;created_timestamp&quot;:&quot;0&quot;,&quot;copyright&quot;:&quot;&quot;,&quot;focal_length&quot;:&quot;0&quot;,&quot;iso&quot;:&quot;0&quot;,&quot;shutter_speed&quot;:&quot;0&quot;,&quot;title&quot;:&quot;&quot;,&quot;orientation&quot;:&quot;1&quot;}\" data-image-title=\"Looks por Ju Ali :: Parte I\" data-image-description=\"\" data-image-caption=\"&lt;p&gt;Looks por Ju Ali :: Parte I &lt;\/p&gt;\n\" data-medium-file=\"https:\/\/i0.wp.com\/agrund.com\/wp-content\/uploads\/sites\/6\/2016\/08\/emily-ratajkowski-co\u0301pia.jpg?fit=171%2C300&amp;ssl=1\" data-large-file=\"https:\/\/i0.wp.com\/agrund.com\/wp-content\/uploads\/sites\/6\/2016\/08\/emily-ratajkowski-co\u0301pia.jpg?fit=570%2C999&amp;ssl=1\" decoding=\"async\" loading=\"lazy\" class=\"size-full wp-image-153818\" src=\"https:\/\/i0.wp.com\/www.agrund.com\/wp-content\/uploads\/sites\/6\/2016\/08\/emily-ratajkowski-co\u0301pia.jpg?resize=570%2C999\" alt=\"Looks por Ju Ali :: Parte I \" width=\"570\" height=\"999\" srcset=\"https:\/\/i0.wp.com\/agrund.com\/wp-content\/uploads\/sites\/6\/2016\/08\/emily-ratajkowski-co\u0301pia.jpg?w=570&amp;ssl=1 570w, https:\/\/i0.wp.com\/agrund.com\/wp-content\/uploads\/sites\/6\/2016\/08\/emily-ratajkowski-co\u0301pia.jpg?resize=171%2C300&amp;ssl=1 171w\" sizes=\"(max-width: 570px) 100vw, 570px\" data-recalc-dims=\"1\" \/><p id=\"caption-attachment-153818\" class=\"wp-caption-text\">Looks por Ju Ali :: Parte I<\/p><\/div>\n<p>&nbsp;<\/p>\n<p><strong>Heidi Klum:<\/strong> Amo esse macac\u00e3o estampado da Heidi pro resto da vida!!!!! E com a espadrilha amarrada ent\u00e3o??? E com essa bolsa tamb\u00e9m estampada??? Tudo lindo!!!!! Maravilhoso look casual, simples e lindo.<\/p>\n<div id=\"attachment_153819\" style=\"width: 580px\" class=\"wp-caption aligncenter\"><img aria-describedby=\"caption-attachment-153819\" data-attachment-id=\"153819\" data-permalink=\"https:\/\/agrund.com\/index.php\/looks-por-ju-ali-parte-i-27\/heidi-klum-copia\/\" data-orig-file=\"https:\/\/i0.wp.com\/agrund.com\/wp-content\/uploads\/sites\/6\/2016\/08\/heidi-klum-co\u0301pia.jpg?fit=570%2C946&amp;ssl=1\" data-orig-size=\"570,946\" data-comments-opened=\"1\" data-image-meta=\"{&quot;aperture&quot;:&quot;0&quot;,&quot;credit&quot;:&quot;&quot;,&quot;camera&quot;:&quot;&quot;,&quot;caption&quot;:&quot;&quot;,&quot;created_timestamp&quot;:&quot;0&quot;,&quot;copyright&quot;:&quot;&quot;,&quot;focal_length&quot;:&quot;0&quot;,&quot;iso&quot;:&quot;0&quot;,&quot;shutter_speed&quot;:&quot;0&quot;,&quot;title&quot;:&quot;&quot;,&quot;orientation&quot;:&quot;1&quot;}\" data-image-title=\"Looks por Ju Ali :: Parte I\" data-image-description=\"\" data-image-caption=\"&lt;p&gt;Looks por Ju Ali :: Parte I &lt;\/p&gt;\n\" data-medium-file=\"https:\/\/i0.wp.com\/agrund.com\/wp-content\/uploads\/sites\/6\/2016\/08\/heidi-klum-co\u0301pia.jpg?fit=181%2C300&amp;ssl=1\" data-large-file=\"https:\/\/i0.wp.com\/agrund.com\/wp-content\/uploads\/sites\/6\/2016\/08\/heidi-klum-co\u0301pia.jpg?fit=570%2C946&amp;ssl=1\" decoding=\"async\" loading=\"lazy\" class=\"size-full wp-image-153819\" src=\"https:\/\/i0.wp.com\/www.agrund.com\/wp-content\/uploads\/sites\/6\/2016\/08\/heidi-klum-co\u0301pia.jpg?resize=570%2C946\" alt=\"Looks por Ju Ali :: Parte I \" width=\"570\" height=\"946\" srcset=\"https:\/\/i0.wp.com\/agrund.com\/wp-content\/uploads\/sites\/6\/2016\/08\/heidi-klum-co\u0301pia.jpg?w=570&amp;ssl=1 570w, https:\/\/i0.wp.com\/agrund.com\/wp-content\/uploads\/sites\/6\/2016\/08\/heidi-klum-co\u0301pia.jpg?resize=181%2C300&amp;ssl=1 181w\" sizes=\"(max-width: 570px) 100vw, 570px\" data-recalc-dims=\"1\" \/><p id=\"caption-attachment-153819\" class=\"wp-caption-text\">Looks por Ju Ali :: Parte I<\/p><\/div>\n<p>&nbsp;<\/p>\n<p><strong>Jessica Alba:<\/strong> Aquele t\u00edpico look que d\u00e1 sono, j\u00e1 vimos mil vezes em mil celebridades.<\/p>\n<div id=\"attachment_153820\" style=\"width: 580px\" class=\"wp-caption aligncenter\"><img aria-describedby=\"caption-attachment-153820\" data-attachment-id=\"153820\" data-permalink=\"https:\/\/agrund.com\/index.php\/looks-por-ju-ali-parte-i-27\/teen-choice-awards-2016-arrivals\/\" data-orig-file=\"https:\/\/i0.wp.com\/agrund.com\/wp-content\/uploads\/sites\/6\/2016\/08\/jessica-alba-co\u0301pia.jpg?fit=570%2C963&amp;ssl=1\" data-orig-size=\"570,963\" data-comments-opened=\"1\" data-image-meta=\"{&quot;aperture&quot;:&quot;6.3&quot;,&quot;credit&quot;:&quot;Getty Images&quot;,&quot;camera&quot;:&quot;NIKON D4S&quot;,&quot;caption&quot;:&quot;INGLEWOOD, CA - JULY 31:  Actress Jessica Alba attends the Teen Choice Awards 2016 at The Forum on July 31, 2016 in Inglewood, California.  (Photo by Frazer Harrison\\\/Getty Images)&quot;,&quot;created_timestamp&quot;:&quot;1469983320&quot;,&quot;copyright&quot;:&quot;2016 Getty Images&quot;,&quot;focal_length&quot;:&quot;42&quot;,&quot;iso&quot;:&quot;500&quot;,&quot;shutter_speed&quot;:&quot;0.005&quot;,&quot;title&quot;:&quot;Teen Choice Awards 2016 - Arrivals&quot;,&quot;orientation&quot;:&quot;1&quot;}\" data-image-title=\"Looks por Ju Ali :: Parte I\" data-image-description=\"\" data-image-caption=\"&lt;p&gt;Looks por Ju Ali :: Parte I &lt;\/p&gt;\n\" data-medium-file=\"https:\/\/i0.wp.com\/agrund.com\/wp-content\/uploads\/sites\/6\/2016\/08\/jessica-alba-co\u0301pia.jpg?fit=178%2C300&amp;ssl=1\" data-large-file=\"https:\/\/i0.wp.com\/agrund.com\/wp-content\/uploads\/sites\/6\/2016\/08\/jessica-alba-co\u0301pia.jpg?fit=570%2C963&amp;ssl=1\" decoding=\"async\" loading=\"lazy\" class=\"size-full wp-image-153820\" src=\"https:\/\/i0.wp.com\/www.agrund.com\/wp-content\/uploads\/sites\/6\/2016\/08\/jessica-alba-co\u0301pia.jpg?resize=570%2C963\" alt=\"Looks por Ju Ali :: Parte I \" width=\"570\" height=\"963\" srcset=\"https:\/\/i0.wp.com\/agrund.com\/wp-content\/uploads\/sites\/6\/2016\/08\/jessica-alba-co\u0301pia.jpg?w=570&amp;ssl=1 570w, https:\/\/i0.wp.com\/agrund.com\/wp-content\/uploads\/sites\/6\/2016\/08\/jessica-alba-co\u0301pia.jpg?resize=178%2C300&amp;ssl=1 178w\" sizes=\"(max-width: 570px) 100vw, 570px\" data-recalc-dims=\"1\" \/><p id=\"caption-attachment-153820\" class=\"wp-caption-text\">Looks por Ju Ali :: Parte I<\/p><\/div>\n<p>Imagens: Reprodu\u00e7\u00e3o.<\/p>\n","protected":false},"excerpt":{"rendered":"<p>Cara Delevingne: O look na real \u00e9 mega estranho mas adorei na Cara Delevingne. N\u00e3o sei se \u00e9 porque est\u00e1 nela (sim, a pessoa que est\u00e1 usando me influencia demais!), n\u00e3o sei se \u00e9 porque o decote mega profundo d\u00e1 um &#8220;respiro&#8221; de pele nessa bagun\u00e7a toda, n\u00e3o sei se \u00e9 porque o preto deu [&hellip;]<\/p>\n","protected":false},"author":8,"featured_media":153816,"comment_status":"open","ping_status":"open","sticky":false,"template":"","format":"standard","meta":{"jetpack_post_was_ever_published":false,"_jetpack_newsletter_access":"","jetpack_publicize_message":"","jetpack_is_tweetstorm":false,"jetpack_publicize_feature_enabled":true,"jetpack_social_post_already_shared":true,"jetpack_social_options":{"image_generator_settings":{"template":"highway","enabled":false}}},"categories":[7,2],"tags":[],"jetpack_publicize_connections":[],"jetpack_featured_media_url":"https:\/\/i0.wp.com\/agrund.com\/wp-content\/uploads\/sites\/6\/2016\/08\/s1-1.jpg?fit=960%2C300&ssl=1","jetpack_sharing_enabled":true,"jetpack_shortlink":"https:\/\/wp.me\/p3Hz0n-E0T","jetpack_likes_enabled":true,"_links":{"self":[{"href":"https:\/\/agrund.com\/index.php\/wp-json\/wp\/v2\/posts\/153815"}],"collection":[{"href":"https:\/\/agrund.com\/index.php\/wp-json\/wp\/v2\/posts"}],"about":[{"href":"https:\/\/agrund.com\/index.php\/wp-json\/wp\/v2\/types\/post"}],"author":[{"embeddable":true,"href":"https:\/\/agrund.com\/index.php\/wp-json\/wp\/v2\/users\/8"}],"replies":[{"embeddable":true,"href":"https:\/\/agrund.com\/index.php\/wp-json\/wp\/v2\/comments?post=153815"}],"version-history":[{"count":0,"href":"https:\/\/agrund.com\/index.php\/wp-json\/wp\/v2\/posts\/153815\/revisions"}],"wp:featuredmedia":[{"embeddable":true,"href":"https:\/\/agrund.com\/index.php\/wp-json\/wp\/v2\/media\/153816"}],"wp:attachment":[{"href":"https:\/\/agrund.com\/index.php\/wp-json\/wp\/v2\/media?parent=153815"}],"wp:term":[{"taxonomy":"category","embeddable":true,"href":"https:\/\/agrund.com\/index.php\/wp-json\/wp\/v2\/categories?post=153815"},{"taxonomy":"post_tag","embeddable":true,"href":"https:\/\/agrund.com\/index.php\/wp-json\/wp\/v2\/tags?post=153815"}],"curies":[{"name":"wp","href":"https:\/\/api.w.org\/{rel}","templated":true}]}}