{"id":153428,"date":"2016-07-28T18:00:12","date_gmt":"2016-07-28T21:00:12","guid":{"rendered":"http:\/\/www.agrund.com\/?p=153428"},"modified":"2016-07-28T18:48:00","modified_gmt":"2016-07-28T21:48:00","slug":"inspire-se-penteados-para-cabelos-curtos","status":"publish","type":"post","link":"https:\/\/agrund.com\/index.php\/inspire-se-penteados-para-cabelos-curtos\/","title":{"rendered":"Inspire-se :: Penteados para cabelos curtos"},"content":{"rendered":"<p>Seu cabelo \u00e9 curto e toda vez que voc\u00ea precisa fazer um penteado entra no dilema de n\u00e3o saber o que? Calma, porque n\u00f3s do Agrund.com vamos te ajudar!<\/p>\n<p>Sabemos que \u00e9 muito mais dif\u00edcil ter op\u00e7\u00f5es de penteados quando os fios est\u00e3o mais curtos, ent\u00e3o resolvemos te trazer algumas inspira\u00e7\u00f5es.\u00a0Separamos 05 cliques de celebridades que sabem bem o que fazer na hora de mudar o cabelo, nem que seja um preso simples. Vamos l\u00e1?<\/p>\n<div id=\"attachment_153429\" style=\"width: 510px\" class=\"wp-caption aligncenter\"><img aria-describedby=\"caption-attachment-153429\" data-attachment-id=\"153429\" data-permalink=\"https:\/\/agrund.com\/index.php\/inspire-se-penteados-para-cabelos-curtos\/2016-vanity-fair-oscar-party-arrivals\/\" data-orig-file=\"https:\/\/i0.wp.com\/agrund.com\/wp-content\/uploads\/sites\/6\/2016\/07\/emma-roberts.jpg?fit=577%2C719&amp;ssl=1\" data-orig-size=\"577,719\" data-comments-opened=\"1\" data-image-meta=\"{&quot;aperture&quot;:&quot;8&quot;,&quot;credit&quot;:&quot;Tony DiMaio\\\/startraksphoto.com&quot;,&quot;camera&quot;:&quot;NIKON D800&quot;,&quot;caption&quot;:&quot;-Beverly Hills, CA - 2\\\/28\\\/16 - 2016 Vanity Fair Oscar Party - Arrivals\\r\\r-PICTURED: Emma Roberts\\r-PHOTO by: Tony DiMaio\\\/startraksphoto.com\\r-TDM13166\\r\\rEditorial - Rights Managed Image - Please contact www.startraksphoto.com for licensing fee\\rStartraks Photo\\rNew York, NY\\rImage may not be published in any way that is or might be deemed defamatory, libelous, pornographic, or obscene. Please consult our sales department for any clarification or question you may have.\\rStartraks Photo reserves the right to pursue unauthorized users of this image. If you violate our intellectual property you may be liable for actual damages, loss of income, and profits you derive from the use of this image, and where appropriate, the cost of collection and\\\/or statutory damages.\\rFor licensing please call 212-414-9464 or email sales@startraksphoto.com\\rStartraks Photo reserves the right to pursue unauthorized users of this image. If you violate our intellectual property you may be liable for actual damages, loss of income, and profits you derive from the use of this image, and where appropriate, the cost of collection and\\\/or statutory damages.&quot;,&quot;created_timestamp&quot;:&quot;0&quot;,&quot;copyright&quot;:&quot;www.startraksphoto.com\\u00a9&quot;,&quot;focal_length&quot;:&quot;82&quot;,&quot;iso&quot;:&quot;400&quot;,&quot;shutter_speed&quot;:&quot;0.004&quot;,&quot;title&quot;:&quot;2016 Vanity Fair Oscar Party - Arrivals&quot;,&quot;orientation&quot;:&quot;1&quot;}\" data-image-title=\"Inspire-se :: Penteados para cabelos curtos\" data-image-description=\"\" data-image-caption=\"&lt;p&gt;Inspire-se :: Penteados para cabelos curtos &lt;\/p&gt;\n\" data-medium-file=\"https:\/\/i0.wp.com\/agrund.com\/wp-content\/uploads\/sites\/6\/2016\/07\/emma-roberts.jpg?fit=241%2C300&amp;ssl=1\" data-large-file=\"https:\/\/i0.wp.com\/agrund.com\/wp-content\/uploads\/sites\/6\/2016\/07\/emma-roberts.jpg?fit=577%2C719&amp;ssl=1\" decoding=\"async\" loading=\"lazy\" class=\"wp-image-153429\" src=\"https:\/\/i0.wp.com\/www.agrund.com\/wp-content\/uploads\/sites\/6\/2016\/07\/emma-roberts.jpg?resize=500%2C623\" alt=\"Inspire-se :: Penteados para cabelos curtos \" width=\"500\" height=\"623\" srcset=\"https:\/\/i0.wp.com\/agrund.com\/wp-content\/uploads\/sites\/6\/2016\/07\/emma-roberts.jpg?w=577&amp;ssl=1 577w, https:\/\/i0.wp.com\/agrund.com\/wp-content\/uploads\/sites\/6\/2016\/07\/emma-roberts.jpg?resize=241%2C300&amp;ssl=1 241w\" sizes=\"(max-width: 500px) 100vw, 500px\" data-recalc-dims=\"1\" \/><p id=\"caption-attachment-153429\" class=\"wp-caption-text\">Inspire-se :: Penteados para cabelos curtos<\/p><\/div>\n<div id=\"attachment_153438\" style=\"width: 510px\" class=\"wp-caption aligncenter\"><img aria-describedby=\"caption-attachment-153438\" data-attachment-id=\"153438\" data-permalink=\"https:\/\/agrund.com\/index.php\/inspire-se-penteados-para-cabelos-curtos\/miranda-kerr-9\/\" data-orig-file=\"https:\/\/i0.wp.com\/agrund.com\/wp-content\/uploads\/sites\/6\/2016\/07\/miranda-kerr-2.jpg?fit=565%2C735&amp;ssl=1\" data-orig-size=\"565,735\" data-comments-opened=\"1\" data-image-meta=\"{&quot;aperture&quot;:&quot;0&quot;,&quot;credit&quot;:&quot;Evan Agostini\\\/Invision\\\/AP&quot;,&quot;camera&quot;:&quot;&quot;,&quot;caption&quot;:&quot;Miranda Kerr arrives at The Metropolitan Museum of Art Costume Institute Benefit Gala, celebrating the opening of \\&quot;Manus x Machina: Fashion in an Age of Technology\\&quot; on Monday, May 2, 2016, in New York. (Photo by Evan Agostini\\\/Invision\\\/AP)&quot;,&quot;created_timestamp&quot;:&quot;0&quot;,&quot;copyright&quot;:&quot;&quot;,&quot;focal_length&quot;:&quot;0&quot;,&quot;iso&quot;:&quot;0&quot;,&quot;shutter_speed&quot;:&quot;0&quot;,&quot;title&quot;:&quot;Miranda Kerr&quot;,&quot;orientation&quot;:&quot;0&quot;}\" data-image-title=\"Inspire-se :: Penteados para cabelos curtos\" data-image-description=\"\" data-image-caption=\"&lt;p&gt;Inspire-se :: Penteados para cabelos curtos &lt;\/p&gt;\n\" data-medium-file=\"https:\/\/i0.wp.com\/agrund.com\/wp-content\/uploads\/sites\/6\/2016\/07\/miranda-kerr-2.jpg?fit=231%2C300&amp;ssl=1\" data-large-file=\"https:\/\/i0.wp.com\/agrund.com\/wp-content\/uploads\/sites\/6\/2016\/07\/miranda-kerr-2.jpg?fit=565%2C735&amp;ssl=1\" decoding=\"async\" loading=\"lazy\" class=\"wp-image-153438\" src=\"https:\/\/i0.wp.com\/www.agrund.com\/wp-content\/uploads\/sites\/6\/2016\/07\/miranda-kerr-2.jpg?resize=500%2C650\" alt=\"Inspire-se :: Penteados para cabelos curtos \" width=\"500\" height=\"650\" srcset=\"https:\/\/i0.wp.com\/agrund.com\/wp-content\/uploads\/sites\/6\/2016\/07\/miranda-kerr-2.jpg?w=565&amp;ssl=1 565w, https:\/\/i0.wp.com\/agrund.com\/wp-content\/uploads\/sites\/6\/2016\/07\/miranda-kerr-2.jpg?resize=231%2C300&amp;ssl=1 231w\" sizes=\"(max-width: 500px) 100vw, 500px\" data-recalc-dims=\"1\" \/><p id=\"caption-attachment-153438\" class=\"wp-caption-text\">Inspire-se :: Penteados para cabelos curtos<\/p><\/div>\n<div id=\"attachment_153431\" style=\"width: 510px\" class=\"wp-caption aligncenter\"><img aria-describedby=\"caption-attachment-153431\" data-attachment-id=\"153431\" data-permalink=\"https:\/\/agrund.com\/index.php\/inspire-se-penteados-para-cabelos-curtos\/lucy-hale-4\/\" data-orig-file=\"https:\/\/i0.wp.com\/agrund.com\/wp-content\/uploads\/sites\/6\/2016\/07\/lucy-hale-1.jpg?fit=521%2C594&amp;ssl=1\" data-orig-size=\"521,594\" data-comments-opened=\"1\" data-image-meta=\"{&quot;aperture&quot;:&quot;0&quot;,&quot;credit&quot;:&quot;&quot;,&quot;camera&quot;:&quot;&quot;,&quot;caption&quot;:&quot;&quot;,&quot;created_timestamp&quot;:&quot;0&quot;,&quot;copyright&quot;:&quot;&quot;,&quot;focal_length&quot;:&quot;0&quot;,&quot;iso&quot;:&quot;0&quot;,&quot;shutter_speed&quot;:&quot;0&quot;,&quot;title&quot;:&quot;&quot;,&quot;orientation&quot;:&quot;0&quot;}\" data-image-title=\"Inspire-se :: Penteados para cabelos curtos\" data-image-description=\"\" data-image-caption=\"&lt;p&gt;Inspire-se :: Penteados para cabelos curtos &lt;\/p&gt;\n\" data-medium-file=\"https:\/\/i0.wp.com\/agrund.com\/wp-content\/uploads\/sites\/6\/2016\/07\/lucy-hale-1.jpg?fit=263%2C300&amp;ssl=1\" data-large-file=\"https:\/\/i0.wp.com\/agrund.com\/wp-content\/uploads\/sites\/6\/2016\/07\/lucy-hale-1.jpg?fit=521%2C594&amp;ssl=1\" decoding=\"async\" loading=\"lazy\" class=\"wp-image-153431\" src=\"https:\/\/i0.wp.com\/www.agrund.com\/wp-content\/uploads\/sites\/6\/2016\/07\/lucy-hale-1.jpg?resize=500%2C570\" alt=\"Inspire-se :: Penteados para cabelos curtos \" width=\"500\" height=\"570\" srcset=\"https:\/\/i0.wp.com\/agrund.com\/wp-content\/uploads\/sites\/6\/2016\/07\/lucy-hale-1.jpg?w=521&amp;ssl=1 521w, https:\/\/i0.wp.com\/agrund.com\/wp-content\/uploads\/sites\/6\/2016\/07\/lucy-hale-1.jpg?resize=263%2C300&amp;ssl=1 263w\" sizes=\"(max-width: 500px) 100vw, 500px\" data-recalc-dims=\"1\" \/><p id=\"caption-attachment-153431\" class=\"wp-caption-text\">Inspire-se :: Penteados para cabelos curtos<\/p><\/div>\n<div id=\"attachment_153439\" style=\"width: 510px\" class=\"wp-caption aligncenter\"><img aria-describedby=\"caption-attachment-153439\" data-attachment-id=\"153439\" data-permalink=\"https:\/\/agrund.com\/index.php\/inspire-se-penteados-para-cabelos-curtos\/the-annenberg-space-for-photography-presents-refugee-los-angeles-2\/\" data-orig-file=\"https:\/\/i0.wp.com\/agrund.com\/wp-content\/uploads\/sites\/6\/2016\/07\/kristen-bell-1.jpg?fit=552%2C735&amp;ssl=1\" data-orig-size=\"552,735\" data-comments-opened=\"1\" data-image-meta=\"{&quot;aperture&quot;:&quot;8&quot;,&quot;credit&quot;:&quot;Jen Lowery \\\/ Splash News&quot;,&quot;camera&quot;:&quot;Canon EOS-1D Mark IV&quot;,&quot;caption&quot;:&quot;The Annenberg Space For Photography Presents \\&quot;Refugee\\&quot; - Los Angeles\\r&lt;P&gt;\\rPictured: Kristen Bell\\r&lt;B&gt;Ref: SPL1268843  210416  &lt;\\\/B&gt;&lt;BR \\\/&gt;\\rPicture by: Jen Lowery \\\/ Splash News&lt;BR \\\/&gt;\\r&lt;\\\/P&gt;&lt;P&gt;\\r&lt;B&gt;Splash News and Pictures&lt;\\\/B&gt;&lt;BR \\\/&gt;\\rLos Angeles:\\t310-821-2666&lt;BR \\\/&gt;\\rNew York:\\t212-619-2666&lt;BR \\\/&gt;\\rLondon:\\t870-934-2666&lt;BR \\\/&gt;\\rphotodesk@splashnews.com&lt;BR \\\/&gt;\\r&lt;\\\/P&gt;&quot;,&quot;created_timestamp&quot;:&quot;0&quot;,&quot;copyright&quot;:&quot;\\u00a9 www.splashnews.com&quot;,&quot;focal_length&quot;:&quot;135&quot;,&quot;iso&quot;:&quot;640&quot;,&quot;shutter_speed&quot;:&quot;0.004&quot;,&quot;title&quot;:&quot;The Annenberg Space For Photography Presents \\&quot;Refugee\\&quot; - Los Angeles&quot;,&quot;orientation&quot;:&quot;1&quot;}\" data-image-title=\"Inspire-se :: Penteados para cabelos curtos\" data-image-description=\"\" data-image-caption=\"&lt;p&gt;Inspire-se :: Penteados para cabelos curtos &lt;\/p&gt;\n\" data-medium-file=\"https:\/\/i0.wp.com\/agrund.com\/wp-content\/uploads\/sites\/6\/2016\/07\/kristen-bell-1.jpg?fit=225%2C300&amp;ssl=1\" data-large-file=\"https:\/\/i0.wp.com\/agrund.com\/wp-content\/uploads\/sites\/6\/2016\/07\/kristen-bell-1.jpg?fit=552%2C735&amp;ssl=1\" decoding=\"async\" loading=\"lazy\" class=\"wp-image-153439\" src=\"https:\/\/i0.wp.com\/www.agrund.com\/wp-content\/uploads\/sites\/6\/2016\/07\/kristen-bell-1.jpg?resize=500%2C666\" alt=\"Inspire-se :: Penteados para cabelos curtos \" width=\"500\" height=\"666\" srcset=\"https:\/\/i0.wp.com\/agrund.com\/wp-content\/uploads\/sites\/6\/2016\/07\/kristen-bell-1.jpg?w=552&amp;ssl=1 552w, https:\/\/i0.wp.com\/agrund.com\/wp-content\/uploads\/sites\/6\/2016\/07\/kristen-bell-1.jpg?resize=225%2C300&amp;ssl=1 225w\" sizes=\"(max-width: 500px) 100vw, 500px\" data-recalc-dims=\"1\" \/><p id=\"caption-attachment-153439\" class=\"wp-caption-text\">Inspire-se :: Penteados para cabelos curtos<\/p><\/div>\n<div id=\"attachment_153440\" style=\"width: 510px\" class=\"wp-caption aligncenter\"><img aria-describedby=\"caption-attachment-153440\" data-attachment-id=\"153440\" data-permalink=\"https:\/\/agrund.com\/index.php\/inspire-se-penteados-para-cabelos-curtos\/vanessa-hudgens-gets-coffee-at-cafe-alfred-with-friends-2\/\" data-orig-file=\"https:\/\/i0.wp.com\/agrund.com\/wp-content\/uploads\/sites\/6\/2016\/07\/vanessa-hudgens-1.jpg?fit=562%2C735&amp;ssl=1\" data-orig-size=\"562,735\" data-comments-opened=\"1\" data-image-meta=\"{&quot;aperture&quot;:&quot;4&quot;,&quot;credit&quot;:&quot;Splash News&quot;,&quot;camera&quot;:&quot;NIKON D4&quot;,&quot;caption&quot;:&quot;Vanessa Hudgens Gets Coffee at Cafe Alfred With Friends\\r&lt;P&gt;\\rPictured: Vanessa Hudgens\\r&lt;B&gt;Ref: SPL1255236  310316  &lt;\\\/B&gt;&lt;BR \\\/&gt;\\rPicture by: Splash News&lt;BR \\\/&gt;\\r&lt;\\\/P&gt;&lt;P&gt;\\r&lt;B&gt;Splash News and Pictures&lt;\\\/B&gt;&lt;BR \\\/&gt;\\rLos Angeles:\\t310-821-2666&lt;BR \\\/&gt;\\rNew York:\\t212-619-2666&lt;BR \\\/&gt;\\rLondon:\\t870-934-2666&lt;BR \\\/&gt;\\rphotodesk@splashnews.com&lt;BR \\\/&gt;\\r&lt;\\\/P&gt;&quot;,&quot;created_timestamp&quot;:&quot;0&quot;,&quot;copyright&quot;:&quot;\\u00a9 www.splashnews.com&quot;,&quot;focal_length&quot;:&quot;200&quot;,&quot;iso&quot;:&quot;1000&quot;,&quot;shutter_speed&quot;:&quot;0.002&quot;,&quot;title&quot;:&quot;Vanessa Hudgens Gets Coffee at Cafe Alfred With Friends&quot;,&quot;orientation&quot;:&quot;1&quot;}\" data-image-title=\"Inspire-se :: Penteados para cabelos curtos\" data-image-description=\"\" data-image-caption=\"&lt;p&gt;Inspire-se :: Penteados para cabelos curtos &lt;\/p&gt;\n\" data-medium-file=\"https:\/\/i0.wp.com\/agrund.com\/wp-content\/uploads\/sites\/6\/2016\/07\/vanessa-hudgens-1.jpg?fit=229%2C300&amp;ssl=1\" data-large-file=\"https:\/\/i0.wp.com\/agrund.com\/wp-content\/uploads\/sites\/6\/2016\/07\/vanessa-hudgens-1.jpg?fit=562%2C735&amp;ssl=1\" decoding=\"async\" loading=\"lazy\" class=\"wp-image-153440\" src=\"https:\/\/i0.wp.com\/www.agrund.com\/wp-content\/uploads\/sites\/6\/2016\/07\/vanessa-hudgens-1.jpg?resize=500%2C654\" alt=\"Inspire-se :: Penteados para cabelos curtos \" width=\"500\" height=\"654\" srcset=\"https:\/\/i0.wp.com\/agrund.com\/wp-content\/uploads\/sites\/6\/2016\/07\/vanessa-hudgens-1.jpg?w=562&amp;ssl=1 562w, https:\/\/i0.wp.com\/agrund.com\/wp-content\/uploads\/sites\/6\/2016\/07\/vanessa-hudgens-1.jpg?resize=229%2C300&amp;ssl=1 229w\" sizes=\"(max-width: 500px) 100vw, 500px\" data-recalc-dims=\"1\" \/><p id=\"caption-attachment-153440\" class=\"wp-caption-text\">Inspire-se :: Penteados para cabelos curtos<\/p><\/div>\n<p>&nbsp;<\/p>\n<p>&nbsp;<\/p>\n<p>Imagens: People.<\/p>\n","protected":false},"excerpt":{"rendered":"<p>Seu cabelo \u00e9 curto e toda vez que voc\u00ea precisa fazer um penteado entra no dilema de n\u00e3o saber o que? Calma, porque n\u00f3s do Agrund.com vamos te ajudar! Sabemos que \u00e9 muito mais dif\u00edcil ter op\u00e7\u00f5es de penteados quando os fios est\u00e3o mais curtos, ent\u00e3o resolvemos te trazer algumas inspira\u00e7\u00f5es.\u00a0Separamos 05 cliques de celebridades [&hellip;]<\/p>\n","protected":false},"author":8,"featured_media":153434,"comment_status":"open","ping_status":"open","sticky":false,"template":"","format":"standard","meta":{"jetpack_post_was_ever_published":false,"_jetpack_newsletter_access":"","jetpack_publicize_message":"","jetpack_is_tweetstorm":false,"jetpack_publicize_feature_enabled":true,"jetpack_social_post_already_shared":true,"jetpack_social_options":{"image_generator_settings":{"template":"highway","enabled":false}}},"categories":[2],"tags":[],"jetpack_publicize_connections":[],"jetpack_featured_media_url":"https:\/\/i0.wp.com\/agrund.com\/wp-content\/uploads\/sites\/6\/2016\/07\/s-58.jpg?fit=960%2C300&ssl=1","jetpack_sharing_enabled":true,"jetpack_shortlink":"https:\/\/wp.me\/p3Hz0n-DUE","jetpack_likes_enabled":true,"_links":{"self":[{"href":"https:\/\/agrund.com\/index.php\/wp-json\/wp\/v2\/posts\/153428"}],"collection":[{"href":"https:\/\/agrund.com\/index.php\/wp-json\/wp\/v2\/posts"}],"about":[{"href":"https:\/\/agrund.com\/index.php\/wp-json\/wp\/v2\/types\/post"}],"author":[{"embeddable":true,"href":"https:\/\/agrund.com\/index.php\/wp-json\/wp\/v2\/users\/8"}],"replies":[{"embeddable":true,"href":"https:\/\/agrund.com\/index.php\/wp-json\/wp\/v2\/comments?post=153428"}],"version-history":[{"count":0,"href":"https:\/\/agrund.com\/index.php\/wp-json\/wp\/v2\/posts\/153428\/revisions"}],"wp:featuredmedia":[{"embeddable":true,"href":"https:\/\/agrund.com\/index.php\/wp-json\/wp\/v2\/media\/153434"}],"wp:attachment":[{"href":"https:\/\/agrund.com\/index.php\/wp-json\/wp\/v2\/media?parent=153428"}],"wp:term":[{"taxonomy":"category","embeddable":true,"href":"https:\/\/agrund.com\/index.php\/wp-json\/wp\/v2\/categories?post=153428"},{"taxonomy":"post_tag","embeddable":true,"href":"https:\/\/agrund.com\/index.php\/wp-json\/wp\/v2\/tags?post=153428"}],"curies":[{"name":"wp","href":"https:\/\/api.w.org\/{rel}","templated":true}]}}