{"id":153215,"date":"2016-07-26T13:00:08","date_gmt":"2016-07-26T16:00:08","guid":{"rendered":"http:\/\/www.agrund.com\/?p=153215"},"modified":"2016-07-26T11:09:55","modified_gmt":"2016-07-26T14:09:55","slug":"kanye-west-e-joan-smalls-juntos-em-nova-campanha","status":"publish","type":"post","link":"https:\/\/agrund.com\/index.php\/kanye-west-e-joan-smalls-juntos-em-nova-campanha\/","title":{"rendered":"Kanye West e Joan Smalls juntos em nova campanha"},"content":{"rendered":"<p>A Balmain acaba de nos surpreender ao divulgar a primeira imagem de sua campanha outono\/inverno 2017. Isso porque suas duas estrelas s\u00e3o ningu\u00e9m menos que Kanye West e Joan Smalls!<\/p>\n<p>No clique divulgado eles est\u00e3o em movimento e o rapper est\u00e1 vestindo a mesma jaqueta bordada que usou no baile do MET Gala deste ano.<\/p>\n<p>Vale dizer que ambos j\u00e1 estrelaram campanhas da marca mas n\u00e3o juntos.\u00a0A fotografia \u00e9 de Steven Klein voc\u00ea confere na galeria abaixo:<\/p>\n<div id=\"attachment_153216\" style=\"width: 580px\" class=\"wp-caption aligncenter\"><img aria-describedby=\"caption-attachment-153216\" data-attachment-id=\"153216\" data-permalink=\"https:\/\/agrund.com\/index.php\/kanye-west-e-joan-smalls-juntos-em-nova-campanha\/image-24\/\" data-orig-file=\"https:\/\/i0.wp.com\/agrund.com\/wp-content\/uploads\/sites\/6\/2016\/07\/image.jpeg?fit=620%2C466&amp;ssl=1\" data-orig-size=\"620,466\" data-comments-opened=\"1\" data-image-meta=\"{&quot;aperture&quot;:&quot;0&quot;,&quot;credit&quot;:&quot;&quot;,&quot;camera&quot;:&quot;&quot;,&quot;caption&quot;:&quot;&quot;,&quot;created_timestamp&quot;:&quot;0&quot;,&quot;copyright&quot;:&quot;&quot;,&quot;focal_length&quot;:&quot;0&quot;,&quot;iso&quot;:&quot;0&quot;,&quot;shutter_speed&quot;:&quot;0&quot;,&quot;title&quot;:&quot;&quot;,&quot;orientation&quot;:&quot;0&quot;}\" data-image-title=\"Kanye West e Joan Smalls juntos em nova campanha\" data-image-description=\"\" data-image-caption=\"&lt;p&gt;Kanye West e Joan Smalls juntos em nova campanha &lt;\/p&gt;\n\" data-medium-file=\"https:\/\/i0.wp.com\/agrund.com\/wp-content\/uploads\/sites\/6\/2016\/07\/image.jpeg?fit=300%2C225&amp;ssl=1\" data-large-file=\"https:\/\/i0.wp.com\/agrund.com\/wp-content\/uploads\/sites\/6\/2016\/07\/image.jpeg?fit=620%2C466&amp;ssl=1\" decoding=\"async\" loading=\"lazy\" class=\"wp-image-153216\" src=\"https:\/\/i0.wp.com\/www.agrund.com\/wp-content\/uploads\/sites\/6\/2016\/07\/image.jpeg?resize=570%2C428\" alt=\"Kanye West e Joan Smalls juntos em nova campanha \" width=\"570\" height=\"428\" srcset=\"https:\/\/i0.wp.com\/agrund.com\/wp-content\/uploads\/sites\/6\/2016\/07\/image.jpeg?w=620&amp;ssl=1 620w, https:\/\/i0.wp.com\/agrund.com\/wp-content\/uploads\/sites\/6\/2016\/07\/image.jpeg?resize=300%2C225&amp;ssl=1 300w\" sizes=\"(max-width: 570px) 100vw, 570px\" data-recalc-dims=\"1\" \/><p id=\"caption-attachment-153216\" class=\"wp-caption-text\">Kanye West e Joan Smalls juntos em nova campanha<\/p><\/div>\n<p>Imagem: Reprodu\u00e7\u00e3o.<\/p>\n","protected":false},"excerpt":{"rendered":"<p>A Balmain acaba de nos surpreender ao divulgar a primeira imagem de sua campanha outono\/inverno 2017. Isso porque suas duas estrelas s\u00e3o ningu\u00e9m menos que Kanye West e Joan Smalls! No clique divulgado eles est\u00e3o em movimento e o rapper est\u00e1 vestindo a mesma jaqueta bordada que usou no baile do MET Gala deste ano. [&hellip;]<\/p>\n","protected":false},"author":8,"featured_media":153217,"comment_status":"open","ping_status":"open","sticky":false,"template":"","format":"standard","meta":{"jetpack_post_was_ever_published":false,"_jetpack_newsletter_access":"","jetpack_publicize_message":"","jetpack_is_tweetstorm":false,"jetpack_publicize_feature_enabled":true,"jetpack_social_post_already_shared":true,"jetpack_social_options":{"image_generator_settings":{"template":"highway","enabled":false}}},"categories":[2],"tags":[],"jetpack_publicize_connections":[],"jetpack_featured_media_url":"https:\/\/i0.wp.com\/agrund.com\/wp-content\/uploads\/sites\/6\/2016\/07\/sssss.jpg?fit=960%2C300&ssl=1","jetpack_sharing_enabled":true,"jetpack_shortlink":"https:\/\/wp.me\/p3Hz0n-DRd","jetpack_likes_enabled":true,"_links":{"self":[{"href":"https:\/\/agrund.com\/index.php\/wp-json\/wp\/v2\/posts\/153215"}],"collection":[{"href":"https:\/\/agrund.com\/index.php\/wp-json\/wp\/v2\/posts"}],"about":[{"href":"https:\/\/agrund.com\/index.php\/wp-json\/wp\/v2\/types\/post"}],"author":[{"embeddable":true,"href":"https:\/\/agrund.com\/index.php\/wp-json\/wp\/v2\/users\/8"}],"replies":[{"embeddable":true,"href":"https:\/\/agrund.com\/index.php\/wp-json\/wp\/v2\/comments?post=153215"}],"version-history":[{"count":0,"href":"https:\/\/agrund.com\/index.php\/wp-json\/wp\/v2\/posts\/153215\/revisions"}],"wp:featuredmedia":[{"embeddable":true,"href":"https:\/\/agrund.com\/index.php\/wp-json\/wp\/v2\/media\/153217"}],"wp:attachment":[{"href":"https:\/\/agrund.com\/index.php\/wp-json\/wp\/v2\/media?parent=153215"}],"wp:term":[{"taxonomy":"category","embeddable":true,"href":"https:\/\/agrund.com\/index.php\/wp-json\/wp\/v2\/categories?post=153215"},{"taxonomy":"post_tag","embeddable":true,"href":"https:\/\/agrund.com\/index.php\/wp-json\/wp\/v2\/tags?post=153215"}],"curies":[{"name":"wp","href":"https:\/\/api.w.org\/{rel}","templated":true}]}}