{"id":152855,"date":"2016-07-15T14:00:03","date_gmt":"2016-07-15T17:00:03","guid":{"rendered":"http:\/\/www.agrund.com\/?p=152855"},"modified":"2016-07-15T10:04:30","modified_gmt":"2016-07-15T13:04:30","slug":"biblioteca-fashion-moda-no-brasil-por-brasileiros-3","status":"publish","type":"post","link":"https:\/\/agrund.com\/index.php\/biblioteca-fashion-moda-no-brasil-por-brasileiros-3\/","title":{"rendered":"Biblioteca Fashion :: Moda no Brasil por brasileiros"},"content":{"rendered":"<p>O livro \u201cModa no Brasil por brasileiros\u201d de Bob Woldenson e Paulo Borges foi lan\u00e7ado em 2003 pela Cosac &amp; Naify, mas continua fazendo super sentido \u2013 e muita gente que est\u00e1 l\u00e1 dentro parece n\u00e3o ter envelhecido um ano sequer. Bob fotografou \u00edcones da moda \u2013 modelos, stylists, fot\u00f3grafos e estilistas \u2013 do jeito mais expressivo poss\u00edvel. Al\u00e9m das lindas imagens, uma entrevista incr\u00edvel com Bob e Paulo. Essencial na sua biblioteca fashion. D\u00ea uma espiada:<\/p>\n<div id=\"attachment_152861\" style=\"width: 460px\" class=\"wp-caption aligncenter\"><img aria-describedby=\"caption-attachment-152861\" data-attachment-id=\"152861\" data-permalink=\"https:\/\/agrund.com\/index.php\/biblioteca-fashion-moda-no-brasil-por-brasileiros-3\/213520_1gg\/\" data-orig-file=\"https:\/\/i0.wp.com\/agrund.com\/wp-content\/uploads\/sites\/6\/2016\/07\/213520_1GG-e1468587759134.jpg?fit=450%2C450&amp;ssl=1\" data-orig-size=\"450,450\" data-comments-opened=\"1\" data-image-meta=\"{&quot;aperture&quot;:&quot;0&quot;,&quot;credit&quot;:&quot;&quot;,&quot;camera&quot;:&quot;&quot;,&quot;caption&quot;:&quot;&quot;,&quot;created_timestamp&quot;:&quot;0&quot;,&quot;copyright&quot;:&quot;&quot;,&quot;focal_length&quot;:&quot;0&quot;,&quot;iso&quot;:&quot;0&quot;,&quot;shutter_speed&quot;:&quot;0&quot;,&quot;title&quot;:&quot;&quot;,&quot;orientation&quot;:&quot;0&quot;}\" data-image-title=\"Biblioteca Fashion :: Moda no Brasil por brasileiros\" data-image-description=\"\" data-image-caption=\"&lt;p&gt;Biblioteca Fashion :: Moda no Brasil por brasileiros&lt;\/p&gt;\n\" data-medium-file=\"https:\/\/i0.wp.com\/agrund.com\/wp-content\/uploads\/sites\/6\/2016\/07\/213520_1GG-e1468587759134.jpg?fit=300%2C300&amp;ssl=1\" data-large-file=\"https:\/\/i0.wp.com\/agrund.com\/wp-content\/uploads\/sites\/6\/2016\/07\/213520_1GG-e1468587759134.jpg?fit=450%2C450&amp;ssl=1\" decoding=\"async\" loading=\"lazy\" class=\"size-full wp-image-152861\" src=\"https:\/\/i0.wp.com\/www.agrund.com\/wp-content\/uploads\/sites\/6\/2016\/07\/213520_1GG-e1468587759134.jpg?resize=450%2C450\" alt=\"Biblioteca Fashion :: Moda no Brasil por brasileiros\" width=\"450\" height=\"450\" srcset=\"https:\/\/i0.wp.com\/agrund.com\/wp-content\/uploads\/sites\/6\/2016\/07\/213520_1GG-e1468587759134.jpg?w=450&amp;ssl=1 450w, https:\/\/i0.wp.com\/agrund.com\/wp-content\/uploads\/sites\/6\/2016\/07\/213520_1GG-e1468587759134.jpg?resize=150%2C150&amp;ssl=1 150w, https:\/\/i0.wp.com\/agrund.com\/wp-content\/uploads\/sites\/6\/2016\/07\/213520_1GG-e1468587759134.jpg?resize=300%2C300&amp;ssl=1 300w\" sizes=\"(max-width: 450px) 100vw, 450px\" data-recalc-dims=\"1\" \/><p id=\"caption-attachment-152861\" class=\"wp-caption-text\">Biblioteca Fashion :: Moda no Brasil por brasileiros<\/p><\/div>\n<div id=\"attachment_152856\" style=\"width: 460px\" class=\"wp-caption aligncenter\"><img aria-describedby=\"caption-attachment-152856\" data-attachment-id=\"152856\" data-permalink=\"https:\/\/agrund.com\/index.php\/biblioteca-fashion-moda-no-brasil-por-brasileiros-3\/56-2\/\" data-orig-file=\"https:\/\/i0.wp.com\/agrund.com\/wp-content\/uploads\/sites\/6\/2016\/07\/56.jpg?fit=450%2C338&amp;ssl=1\" data-orig-size=\"450,338\" data-comments-opened=\"1\" data-image-meta=\"{&quot;aperture&quot;:&quot;2.7&quot;,&quot;credit&quot;:&quot;&quot;,&quot;camera&quot;:&quot;DSC-W320&quot;,&quot;caption&quot;:&quot;&quot;,&quot;created_timestamp&quot;:&quot;1300815452&quot;,&quot;copyright&quot;:&quot;&quot;,&quot;focal_length&quot;:&quot;4.7&quot;,&quot;iso&quot;:&quot;320&quot;,&quot;shutter_speed&quot;:&quot;0.01&quot;,&quot;title&quot;:&quot;&quot;,&quot;orientation&quot;:&quot;1&quot;}\" data-image-title=\"Biblioteca Fashion :: Moda no Brasil por brasileiros\" data-image-description=\"\" data-image-caption=\"&lt;p&gt;Biblioteca Fashion :: Moda no Brasil por brasileiros&lt;\/p&gt;\n\" data-medium-file=\"https:\/\/i0.wp.com\/agrund.com\/wp-content\/uploads\/sites\/6\/2016\/07\/56.jpg?fit=300%2C225&amp;ssl=1\" data-large-file=\"https:\/\/i0.wp.com\/agrund.com\/wp-content\/uploads\/sites\/6\/2016\/07\/56.jpg?fit=450%2C338&amp;ssl=1\" decoding=\"async\" loading=\"lazy\" class=\"size-full wp-image-152856\" src=\"https:\/\/i0.wp.com\/www.agrund.com\/wp-content\/uploads\/sites\/6\/2016\/07\/56.jpg?resize=450%2C338\" alt=\"Biblioteca Fashion :: Moda no Brasil por brasileiros\" width=\"450\" height=\"338\" srcset=\"https:\/\/i0.wp.com\/agrund.com\/wp-content\/uploads\/sites\/6\/2016\/07\/56.jpg?w=450&amp;ssl=1 450w, https:\/\/i0.wp.com\/agrund.com\/wp-content\/uploads\/sites\/6\/2016\/07\/56.jpg?resize=300%2C225&amp;ssl=1 300w\" sizes=\"(max-width: 450px) 100vw, 450px\" data-recalc-dims=\"1\" \/><p id=\"caption-attachment-152856\" class=\"wp-caption-text\">Biblioteca Fashion :: Moda no Brasil por brasileiros<\/p><\/div>\n<div id=\"attachment_152857\" style=\"width: 460px\" class=\"wp-caption aligncenter\"><img aria-describedby=\"caption-attachment-152857\" data-attachment-id=\"152857\" data-permalink=\"https:\/\/agrund.com\/index.php\/biblioteca-fashion-moda-no-brasil-por-brasileiros-3\/64-2\/\" data-orig-file=\"https:\/\/i0.wp.com\/agrund.com\/wp-content\/uploads\/sites\/6\/2016\/07\/64.jpg?fit=450%2C600&amp;ssl=1\" data-orig-size=\"450,600\" data-comments-opened=\"1\" data-image-meta=\"{&quot;aperture&quot;:&quot;2.7&quot;,&quot;credit&quot;:&quot;&quot;,&quot;camera&quot;:&quot;DSC-W320&quot;,&quot;caption&quot;:&quot;&quot;,&quot;created_timestamp&quot;:&quot;1300815385&quot;,&quot;copyright&quot;:&quot;&quot;,&quot;focal_length&quot;:&quot;4.7&quot;,&quot;iso&quot;:&quot;100&quot;,&quot;shutter_speed&quot;:&quot;0.01&quot;,&quot;title&quot;:&quot;&quot;,&quot;orientation&quot;:&quot;1&quot;}\" data-image-title=\"Biblioteca Fashion :: Moda no Brasil por brasileiros\" data-image-description=\"\" data-image-caption=\"&lt;p&gt;Biblioteca Fashion :: Moda no Brasil por brasileiros&lt;\/p&gt;\n\" data-medium-file=\"https:\/\/i0.wp.com\/agrund.com\/wp-content\/uploads\/sites\/6\/2016\/07\/64.jpg?fit=225%2C300&amp;ssl=1\" data-large-file=\"https:\/\/i0.wp.com\/agrund.com\/wp-content\/uploads\/sites\/6\/2016\/07\/64.jpg?fit=450%2C600&amp;ssl=1\" decoding=\"async\" loading=\"lazy\" class=\"size-full wp-image-152857\" src=\"https:\/\/i0.wp.com\/www.agrund.com\/wp-content\/uploads\/sites\/6\/2016\/07\/64.jpg?resize=450%2C600\" alt=\"Biblioteca Fashion :: Moda no Brasil por brasileiros\" width=\"450\" height=\"600\" srcset=\"https:\/\/i0.wp.com\/agrund.com\/wp-content\/uploads\/sites\/6\/2016\/07\/64.jpg?w=450&amp;ssl=1 450w, https:\/\/i0.wp.com\/agrund.com\/wp-content\/uploads\/sites\/6\/2016\/07\/64.jpg?resize=225%2C300&amp;ssl=1 225w\" sizes=\"(max-width: 450px) 100vw, 450px\" data-recalc-dims=\"1\" \/><p id=\"caption-attachment-152857\" class=\"wp-caption-text\">Biblioteca Fashion :: Moda no Brasil por brasileiros<\/p><\/div>\n<div id=\"attachment_152858\" style=\"width: 460px\" class=\"wp-caption aligncenter\"><img aria-describedby=\"caption-attachment-152858\" data-attachment-id=\"152858\" data-permalink=\"https:\/\/agrund.com\/index.php\/biblioteca-fashion-moda-no-brasil-por-brasileiros-3\/74-2\/\" data-orig-file=\"https:\/\/i0.wp.com\/agrund.com\/wp-content\/uploads\/sites\/6\/2016\/07\/74.jpg?fit=450%2C338&amp;ssl=1\" data-orig-size=\"450,338\" data-comments-opened=\"1\" data-image-meta=\"{&quot;aperture&quot;:&quot;2.7&quot;,&quot;credit&quot;:&quot;&quot;,&quot;camera&quot;:&quot;DSC-W320&quot;,&quot;caption&quot;:&quot;&quot;,&quot;created_timestamp&quot;:&quot;1300815349&quot;,&quot;copyright&quot;:&quot;&quot;,&quot;focal_length&quot;:&quot;4.7&quot;,&quot;iso&quot;:&quot;160&quot;,&quot;shutter_speed&quot;:&quot;0.01&quot;,&quot;title&quot;:&quot;&quot;,&quot;orientation&quot;:&quot;1&quot;}\" data-image-title=\"Biblioteca Fashion :: Moda no Brasil por brasileiros\" data-image-description=\"\" data-image-caption=\"&lt;p&gt;Biblioteca Fashion :: Moda no Brasil por brasileiros&lt;\/p&gt;\n\" data-medium-file=\"https:\/\/i0.wp.com\/agrund.com\/wp-content\/uploads\/sites\/6\/2016\/07\/74.jpg?fit=300%2C225&amp;ssl=1\" data-large-file=\"https:\/\/i0.wp.com\/agrund.com\/wp-content\/uploads\/sites\/6\/2016\/07\/74.jpg?fit=450%2C338&amp;ssl=1\" decoding=\"async\" loading=\"lazy\" class=\"size-full wp-image-152858\" src=\"https:\/\/i0.wp.com\/www.agrund.com\/wp-content\/uploads\/sites\/6\/2016\/07\/74.jpg?resize=450%2C338\" alt=\"Biblioteca Fashion :: Moda no Brasil por brasileiros\" width=\"450\" height=\"338\" srcset=\"https:\/\/i0.wp.com\/agrund.com\/wp-content\/uploads\/sites\/6\/2016\/07\/74.jpg?w=450&amp;ssl=1 450w, https:\/\/i0.wp.com\/agrund.com\/wp-content\/uploads\/sites\/6\/2016\/07\/74.jpg?resize=300%2C225&amp;ssl=1 300w\" sizes=\"(max-width: 450px) 100vw, 450px\" data-recalc-dims=\"1\" \/><p id=\"caption-attachment-152858\" class=\"wp-caption-text\">Biblioteca Fashion :: Moda no Brasil por brasileiros<\/p><\/div>\n<div id=\"attachment_152862\" style=\"width: 460px\" class=\"wp-caption aligncenter\"><img aria-describedby=\"caption-attachment-152862\" data-attachment-id=\"152862\" data-permalink=\"https:\/\/agrund.com\/index.php\/biblioteca-fashion-moda-no-brasil-por-brasileiros-3\/47-2\/\" data-orig-file=\"https:\/\/i0.wp.com\/agrund.com\/wp-content\/uploads\/sites\/6\/2016\/07\/47.jpg?fit=450%2C338&amp;ssl=1\" data-orig-size=\"450,338\" data-comments-opened=\"1\" data-image-meta=\"{&quot;aperture&quot;:&quot;2.7&quot;,&quot;credit&quot;:&quot;&quot;,&quot;camera&quot;:&quot;DSC-W320&quot;,&quot;caption&quot;:&quot;&quot;,&quot;created_timestamp&quot;:&quot;1300815263&quot;,&quot;copyright&quot;:&quot;&quot;,&quot;focal_length&quot;:&quot;4.7&quot;,&quot;iso&quot;:&quot;80&quot;,&quot;shutter_speed&quot;:&quot;0.01&quot;,&quot;title&quot;:&quot;&quot;,&quot;orientation&quot;:&quot;1&quot;}\" data-image-title=\"Biblioteca Fashion :: Moda no Brasil por brasileiros\" data-image-description=\"\" data-image-caption=\"&lt;p&gt;Biblioteca Fashion :: Moda no Brasil por brasileiros&lt;\/p&gt;\n\" data-medium-file=\"https:\/\/i0.wp.com\/agrund.com\/wp-content\/uploads\/sites\/6\/2016\/07\/47.jpg?fit=300%2C225&amp;ssl=1\" data-large-file=\"https:\/\/i0.wp.com\/agrund.com\/wp-content\/uploads\/sites\/6\/2016\/07\/47.jpg?fit=450%2C338&amp;ssl=1\" decoding=\"async\" loading=\"lazy\" class=\"size-full wp-image-152862\" src=\"https:\/\/i0.wp.com\/www.agrund.com\/wp-content\/uploads\/sites\/6\/2016\/07\/47.jpg?resize=450%2C338\" alt=\"Biblioteca Fashion :: Moda no Brasil por brasileiros\" width=\"450\" height=\"338\" srcset=\"https:\/\/i0.wp.com\/agrund.com\/wp-content\/uploads\/sites\/6\/2016\/07\/47.jpg?w=450&amp;ssl=1 450w, https:\/\/i0.wp.com\/agrund.com\/wp-content\/uploads\/sites\/6\/2016\/07\/47.jpg?resize=300%2C225&amp;ssl=1 300w\" sizes=\"(max-width: 450px) 100vw, 450px\" data-recalc-dims=\"1\" \/><p id=\"caption-attachment-152862\" class=\"wp-caption-text\">Biblioteca Fashion :: Moda no Brasil por brasileiros<\/p><\/div>\n<p>Imagens: Reprodu\u00e7\u00e3o.<\/p>\n","protected":false},"excerpt":{"rendered":"<p>O livro \u201cModa no Brasil por brasileiros\u201d de Bob Woldenson e Paulo Borges foi lan\u00e7ado em 2003 pela Cosac &amp; Naify, mas continua fazendo super sentido \u2013 e muita gente que est\u00e1 l\u00e1 dentro parece n\u00e3o ter envelhecido um ano sequer. Bob fotografou \u00edcones da moda \u2013 modelos, stylists, fot\u00f3grafos e estilistas \u2013 do jeito [&hellip;]<\/p>\n","protected":false},"author":8,"featured_media":152860,"comment_status":"open","ping_status":"open","sticky":false,"template":"","format":"standard","meta":{"jetpack_post_was_ever_published":false,"_jetpack_newsletter_access":"","jetpack_publicize_message":"","jetpack_is_tweetstorm":false,"jetpack_publicize_feature_enabled":true,"jetpack_social_post_already_shared":true,"jetpack_social_options":{"image_generator_settings":{"template":"highway","enabled":false}}},"categories":[2],"tags":[],"jetpack_publicize_connections":[],"jetpack_featured_media_url":"https:\/\/i0.wp.com\/agrund.com\/wp-content\/uploads\/sites\/6\/2016\/07\/s7.jpg?fit=960%2C300&ssl=1","jetpack_sharing_enabled":true,"jetpack_shortlink":"https:\/\/wp.me\/p3Hz0n-DLp","jetpack_likes_enabled":true,"_links":{"self":[{"href":"https:\/\/agrund.com\/index.php\/wp-json\/wp\/v2\/posts\/152855"}],"collection":[{"href":"https:\/\/agrund.com\/index.php\/wp-json\/wp\/v2\/posts"}],"about":[{"href":"https:\/\/agrund.com\/index.php\/wp-json\/wp\/v2\/types\/post"}],"author":[{"embeddable":true,"href":"https:\/\/agrund.com\/index.php\/wp-json\/wp\/v2\/users\/8"}],"replies":[{"embeddable":true,"href":"https:\/\/agrund.com\/index.php\/wp-json\/wp\/v2\/comments?post=152855"}],"version-history":[{"count":0,"href":"https:\/\/agrund.com\/index.php\/wp-json\/wp\/v2\/posts\/152855\/revisions"}],"wp:featuredmedia":[{"embeddable":true,"href":"https:\/\/agrund.com\/index.php\/wp-json\/wp\/v2\/media\/152860"}],"wp:attachment":[{"href":"https:\/\/agrund.com\/index.php\/wp-json\/wp\/v2\/media?parent=152855"}],"wp:term":[{"taxonomy":"category","embeddable":true,"href":"https:\/\/agrund.com\/index.php\/wp-json\/wp\/v2\/categories?post=152855"},{"taxonomy":"post_tag","embeddable":true,"href":"https:\/\/agrund.com\/index.php\/wp-json\/wp\/v2\/tags?post=152855"}],"curies":[{"name":"wp","href":"https:\/\/api.w.org\/{rel}","templated":true}]}}