{"id":151846,"date":"2016-06-24T18:00:10","date_gmt":"2016-06-24T21:00:10","guid":{"rendered":"http:\/\/www.agrund.com\/?p=151846"},"modified":"2016-06-24T16:48:18","modified_gmt":"2016-06-24T19:48:18","slug":"cachecol-nosso-companheiro-inseparavel-no-frio","status":"publish","type":"post","link":"https:\/\/agrund.com\/index.php\/cachecol-nosso-companheiro-inseparavel-no-frio\/","title":{"rendered":"Cachecol, nosso companheiro insepar\u00e1vel no frio"},"content":{"rendered":"<p>Por Ros\u00e2ngela Espinossi<\/p>\n<p>Nos dias frios, nossos companheiros s\u00e3o cachec\u00f3is, xales, len\u00e7os e pashminas. Amarradinho, soltinho, com v\u00e1rias voltas, n\u00e3o importa. O melhor \u00e9 que a pe\u00e7a n\u00e3o pesa na bolsa, assim se o dia esquenta voc\u00ea pode guardar, e se esfriar, ele est\u00e1 na m\u00e3o de novo. Nossas famosas lan\u00e7am m\u00e3o do acess\u00f3rio de forma elegante, seja para situa\u00e7\u00f5es mais formais, quanto informais. Antes de se inspirar nelas vendo as fotos abaixo, confira algumas dicas e depois clica <a href=\"http:\/\/www.elasnotapetevermelho.com.br\/2016\/ta-com-frio-use-e-abuse-dos-cachecois\/\" target=\"_blank\">AQUI<\/a> para ver mais.<\/p>\n<p>1 &#8211; Se os ombros forem muito largos, evite amarra\u00e7\u00f5es que criam mais volumes na regi\u00e3o. O mesmo se aplica em caso de seios grandes. Solu\u00e7\u00e3o: d\u00ea apenas um volta no cachecol e escolha os modelos mais compridos, deixando uma ou duas pontas soltas na frente, criando uma linha vertical para alongar.<\/p>\n<p>2 &#8211; Para equilibrar o visual de quem tem quadris mais largos, pode apostar em cachec\u00f3is grandes, com muitas voltas.<\/p>\n<p>3 &#8211; Cores escuras s\u00e3o ideais para quem pesco\u00e7o curto, assim como uma amarra\u00e7\u00e3o leve, com as pontas soltas. Os len\u00e7os tamb\u00e9m podem fazer as vezes do cachecol, para n\u00e3o criar muito volume na regi\u00e3o.<\/p>\n<p>4 &#8211; Tramas menores e menos voltas no pesco\u00e7o s\u00e3o ideais para as mais cheinhas.<\/p>\n<p>5 &#8211; As pashminas s\u00e3o boas op\u00e7\u00f5es para compor looks bacanas e ajudam a esquentar. Podem ser usadas sobre os ombros, amarradas, com la\u00e7o e n\u00f3s. \u00c9 s\u00f3 ter criatividade.<\/p>\n<p>Flavia Alessandra usou uma pashmina para se proteger do frio com um vestido branco de estampa preta. Veja como a pe\u00e7a cobre os ombros e o dorso, substituindo um casaquinho ou blazer, com eleg\u00e2ncia.<\/p>\n<div id=\"attachment_151842\" style=\"width: 580px\" class=\"wp-caption aligncenter\"><img aria-describedby=\"caption-attachment-151842\" data-attachment-id=\"151842\" data-permalink=\"https:\/\/agrund.com\/?attachment_id=151842\" data-orig-file=\"https:\/\/i0.wp.com\/agrund.com\/wp-content\/uploads\/sites\/6\/2016\/06\/Fl\u00e1via-Alessandra-Fabio-Moreno-3-e1466797565647.jpg?fit=570%2C866&amp;ssl=1\" data-orig-size=\"570,866\" data-comments-opened=\"1\" data-image-meta=\"{&quot;aperture&quot;:&quot;0&quot;,&quot;credit&quot;:&quot;&quot;,&quot;camera&quot;:&quot;&quot;,&quot;caption&quot;:&quot;&quot;,&quot;created_timestamp&quot;:&quot;0&quot;,&quot;copyright&quot;:&quot;&quot;,&quot;focal_length&quot;:&quot;0&quot;,&quot;iso&quot;:&quot;0&quot;,&quot;shutter_speed&quot;:&quot;0&quot;,&quot;title&quot;:&quot;&quot;,&quot;orientation&quot;:&quot;0&quot;}\" data-image-title=\"Cachecol, nosso companheiro insepar\u00e1vel no frio\" data-image-description=\"\" data-image-caption=\"&lt;p&gt;Cachecol, nosso companheiro insepar\u00e1vel no frio&lt;\/p&gt;\n\" data-medium-file=\"https:\/\/i0.wp.com\/agrund.com\/wp-content\/uploads\/sites\/6\/2016\/06\/Fl\u00e1via-Alessandra-Fabio-Moreno-3-e1466797565647.jpg?fit=197%2C300&amp;ssl=1\" data-large-file=\"https:\/\/i0.wp.com\/agrund.com\/wp-content\/uploads\/sites\/6\/2016\/06\/Fl\u00e1via-Alessandra-Fabio-Moreno-3-e1466797565647.jpg?fit=570%2C866&amp;ssl=1\" decoding=\"async\" loading=\"lazy\" class=\"size-full wp-image-151842\" src=\"https:\/\/i0.wp.com\/www.agrund.com\/wp-content\/uploads\/sites\/6\/2016\/06\/Fl\u00e1via-Alessandra-Fabio-Moreno-3-e1466797565647.jpg?resize=570%2C866\" alt=\"Cachecol, nosso companheiro insepar\u00e1vel no frio\" width=\"570\" height=\"866\" srcset=\"https:\/\/i0.wp.com\/agrund.com\/wp-content\/uploads\/sites\/6\/2016\/06\/Fl\u00e1via-Alessandra-Fabio-Moreno-3-e1466797565647.jpg?w=570&amp;ssl=1 570w, https:\/\/i0.wp.com\/agrund.com\/wp-content\/uploads\/sites\/6\/2016\/06\/Fl\u00e1via-Alessandra-Fabio-Moreno-3-e1466797565647.jpg?resize=197%2C300&amp;ssl=1 197w\" sizes=\"(max-width: 570px) 100vw, 570px\" data-recalc-dims=\"1\" \/><p id=\"caption-attachment-151842\" class=\"wp-caption-text\">Cachecol, nosso companheiro insepar\u00e1vel no frio<\/p><\/div>\n<p>Bruna Lombardi usa cachecol, estilo sobregola, com a mesma textura do casaco. Usar a pe\u00e7a com volume grande na regi\u00e3o do pesco\u00e7o est\u00e1 em alta, mas \u00e9 desaconselh\u00e1vel para quem tem ombros largos ou pesco\u00e7o curto, que n\u00e3o \u00e9 o caso da atriz.<\/p>\n<div id=\"attachment_151841\" style=\"width: 580px\" class=\"wp-caption aligncenter\"><img aria-describedby=\"caption-attachment-151841\" data-attachment-id=\"151841\" data-permalink=\"https:\/\/agrund.com\/?attachment_id=151841\" data-orig-file=\"https:\/\/i0.wp.com\/agrund.com\/wp-content\/uploads\/sites\/6\/2016\/06\/DSC_4931-e1466797581723.jpg?fit=570%2C1113&amp;ssl=1\" data-orig-size=\"570,1113\" data-comments-opened=\"1\" data-image-meta=\"{&quot;aperture&quot;:&quot;0&quot;,&quot;credit&quot;:&quot;&quot;,&quot;camera&quot;:&quot;&quot;,&quot;caption&quot;:&quot;&quot;,&quot;created_timestamp&quot;:&quot;0&quot;,&quot;copyright&quot;:&quot;&quot;,&quot;focal_length&quot;:&quot;0&quot;,&quot;iso&quot;:&quot;0&quot;,&quot;shutter_speed&quot;:&quot;0&quot;,&quot;title&quot;:&quot;&quot;,&quot;orientation&quot;:&quot;0&quot;}\" data-image-title=\"Cachecol, nosso companheiro insepar\u00e1vel no frio\" data-image-description=\"\" data-image-caption=\"&lt;p&gt;Cachecol, nosso companheiro insepar\u00e1vel no frio&lt;\/p&gt;\n\" data-medium-file=\"https:\/\/i0.wp.com\/agrund.com\/wp-content\/uploads\/sites\/6\/2016\/06\/DSC_4931-e1466797581723.jpg?fit=154%2C300&amp;ssl=1\" data-large-file=\"https:\/\/i0.wp.com\/agrund.com\/wp-content\/uploads\/sites\/6\/2016\/06\/DSC_4931-e1466797581723.jpg?fit=524%2C1024&amp;ssl=1\" decoding=\"async\" loading=\"lazy\" class=\"size-full wp-image-151841\" src=\"https:\/\/i0.wp.com\/www.agrund.com\/wp-content\/uploads\/sites\/6\/2016\/06\/DSC_4931-e1466797581723.jpg?resize=570%2C1113\" alt=\"Cachecol, nosso companheiro insepar\u00e1vel no frio\" width=\"570\" height=\"1113\" srcset=\"https:\/\/i0.wp.com\/agrund.com\/wp-content\/uploads\/sites\/6\/2016\/06\/DSC_4931-e1466797581723.jpg?w=570&amp;ssl=1 570w, https:\/\/i0.wp.com\/agrund.com\/wp-content\/uploads\/sites\/6\/2016\/06\/DSC_4931-e1466797581723.jpg?resize=154%2C300&amp;ssl=1 154w, https:\/\/i0.wp.com\/agrund.com\/wp-content\/uploads\/sites\/6\/2016\/06\/DSC_4931-e1466797581723.jpg?resize=524%2C1024&amp;ssl=1 524w\" sizes=\"(max-width: 570px) 100vw, 570px\" data-recalc-dims=\"1\" \/><p id=\"caption-attachment-151841\" class=\"wp-caption-text\">Cachecol, nosso companheiro insepar\u00e1vel no frio<\/p><\/div>\n<p>Claudia Ohana usa len\u00e7o e cachecol em dois momentos diferentes. Para um evento mais social, ela apostou na saia de couro e na blusa sem mangas. Para esquentar um pouco, colocou o len\u00e7o enrolado no pesco\u00e7o e finalizado com la\u00e7o, deixando as pontas soltas. Para viajar, num dia mais frio, fez um look mais quente, com cal\u00e7a, botas e jaqueta. O cachecol marrom \u00e9 usado com uma volta no pesco\u00e7o e pontas soltas na frente, que ajuda a alongar.<\/p>\n<div id=\"attachment_151840\" style=\"width: 580px\" class=\"wp-caption aligncenter\"><img aria-describedby=\"caption-attachment-151840\" data-attachment-id=\"151840\" data-permalink=\"https:\/\/agrund.com\/?attachment_id=151840\" data-orig-file=\"https:\/\/i0.wp.com\/agrund.com\/wp-content\/uploads\/sites\/6\/2016\/06\/claudia-ohana-agnews-moda-e1466797606137.jpg?fit=570%2C508&amp;ssl=1\" data-orig-size=\"570,508\" data-comments-opened=\"1\" data-image-meta=\"{&quot;aperture&quot;:&quot;0&quot;,&quot;credit&quot;:&quot;&quot;,&quot;camera&quot;:&quot;&quot;,&quot;caption&quot;:&quot;&quot;,&quot;created_timestamp&quot;:&quot;0&quot;,&quot;copyright&quot;:&quot;&quot;,&quot;focal_length&quot;:&quot;0&quot;,&quot;iso&quot;:&quot;0&quot;,&quot;shutter_speed&quot;:&quot;0&quot;,&quot;title&quot;:&quot;&quot;,&quot;orientation&quot;:&quot;0&quot;}\" data-image-title=\"Cachecol, nosso companheiro insepar\u00e1vel no frio\" data-image-description=\"\" data-image-caption=\"&lt;p&gt;Cachecol, nosso companheiro insepar\u00e1vel no frio&lt;\/p&gt;\n\" data-medium-file=\"https:\/\/i0.wp.com\/agrund.com\/wp-content\/uploads\/sites\/6\/2016\/06\/claudia-ohana-agnews-moda-e1466797606137.jpg?fit=300%2C267&amp;ssl=1\" data-large-file=\"https:\/\/i0.wp.com\/agrund.com\/wp-content\/uploads\/sites\/6\/2016\/06\/claudia-ohana-agnews-moda-e1466797606137.jpg?fit=570%2C508&amp;ssl=1\" decoding=\"async\" loading=\"lazy\" class=\"size-full wp-image-151840\" src=\"https:\/\/i0.wp.com\/www.agrund.com\/wp-content\/uploads\/sites\/6\/2016\/06\/claudia-ohana-agnews-moda-e1466797606137.jpg?resize=570%2C508\" alt=\"Cachecol, nosso companheiro insepar\u00e1vel no frio\" width=\"570\" height=\"508\" srcset=\"https:\/\/i0.wp.com\/agrund.com\/wp-content\/uploads\/sites\/6\/2016\/06\/claudia-ohana-agnews-moda-e1466797606137.jpg?w=570&amp;ssl=1 570w, https:\/\/i0.wp.com\/agrund.com\/wp-content\/uploads\/sites\/6\/2016\/06\/claudia-ohana-agnews-moda-e1466797606137.jpg?resize=300%2C267&amp;ssl=1 300w\" sizes=\"(max-width: 570px) 100vw, 570px\" data-recalc-dims=\"1\" \/><p id=\"caption-attachment-151840\" class=\"wp-caption-text\">Cachecol, nosso companheiro insepar\u00e1vel no frio<\/p><\/div>\n<p>Sheron Menezzes aposta no cachecol estampado para compor com jeans, bota e blazer. Sempre uma boa op\u00e7\u00e3o para colocar uma cor no look.<\/p>\n<div id=\"attachment_151844\" style=\"width: 580px\" class=\"wp-caption aligncenter\"><img aria-describedby=\"caption-attachment-151844\" data-attachment-id=\"151844\" data-permalink=\"https:\/\/agrund.com\/?attachment_id=151844\" data-orig-file=\"https:\/\/i0.wp.com\/agrund.com\/wp-content\/uploads\/sites\/6\/2016\/06\/Sheron-Menezzes-Webert-Belizio-e1466797639641.jpg?fit=570%2C1189&amp;ssl=1\" data-orig-size=\"570,1189\" data-comments-opened=\"1\" data-image-meta=\"{&quot;aperture&quot;:&quot;0&quot;,&quot;credit&quot;:&quot;&quot;,&quot;camera&quot;:&quot;&quot;,&quot;caption&quot;:&quot;&quot;,&quot;created_timestamp&quot;:&quot;0&quot;,&quot;copyright&quot;:&quot;&quot;,&quot;focal_length&quot;:&quot;0&quot;,&quot;iso&quot;:&quot;0&quot;,&quot;shutter_speed&quot;:&quot;0&quot;,&quot;title&quot;:&quot;&quot;,&quot;orientation&quot;:&quot;0&quot;}\" data-image-title=\"Cachecol, nosso companheiro insepar\u00e1vel no frio\" data-image-description=\"\" data-image-caption=\"&lt;p&gt;Cachecol, nosso companheiro insepar\u00e1vel no frio&lt;\/p&gt;\n\" data-medium-file=\"https:\/\/i0.wp.com\/agrund.com\/wp-content\/uploads\/sites\/6\/2016\/06\/Sheron-Menezzes-Webert-Belizio-e1466797639641.jpg?fit=144%2C300&amp;ssl=1\" data-large-file=\"https:\/\/i0.wp.com\/agrund.com\/wp-content\/uploads\/sites\/6\/2016\/06\/Sheron-Menezzes-Webert-Belizio-e1466797639641.jpg?fit=491%2C1024&amp;ssl=1\" decoding=\"async\" loading=\"lazy\" class=\"size-full wp-image-151844\" src=\"https:\/\/i0.wp.com\/www.agrund.com\/wp-content\/uploads\/sites\/6\/2016\/06\/Sheron-Menezzes-Webert-Belizio-e1466797639641.jpg?resize=570%2C1189\" alt=\"Cachecol, nosso companheiro insepar\u00e1vel no frio\" width=\"570\" height=\"1189\" srcset=\"https:\/\/i0.wp.com\/agrund.com\/wp-content\/uploads\/sites\/6\/2016\/06\/Sheron-Menezzes-Webert-Belizio-e1466797639641.jpg?w=570&amp;ssl=1 570w, https:\/\/i0.wp.com\/agrund.com\/wp-content\/uploads\/sites\/6\/2016\/06\/Sheron-Menezzes-Webert-Belizio-e1466797639641.jpg?resize=144%2C300&amp;ssl=1 144w, https:\/\/i0.wp.com\/agrund.com\/wp-content\/uploads\/sites\/6\/2016\/06\/Sheron-Menezzes-Webert-Belizio-e1466797639641.jpg?resize=491%2C1024&amp;ssl=1 491w\" sizes=\"(max-width: 570px) 100vw, 570px\" data-recalc-dims=\"1\" \/><p id=\"caption-attachment-151844\" class=\"wp-caption-text\">Cachecol, nosso companheiro insepar\u00e1vel no frio<\/p><\/div>\n<p>Se o tempo n\u00e3o estiver assim t\u00e3o frio, vale um len\u00e7o grande bem bacana tamb\u00e9m, como este branco usado por Adriane Galisteu. Ela deu um la\u00e7o poderoso para finalizar o look todo preto, usado em evento com Claudia Raia.<\/p>\n<div id=\"attachment_151843\" style=\"width: 580px\" class=\"wp-caption aligncenter\"><img aria-describedby=\"caption-attachment-151843\" data-attachment-id=\"151843\" data-permalink=\"https:\/\/agrund.com\/?attachment_id=151843\" data-orig-file=\"https:\/\/i0.wp.com\/agrund.com\/wp-content\/uploads\/sites\/6\/2016\/06\/galisteu-claudia-raia-moda-e1466797657270.jpg?fit=570%2C393&amp;ssl=1\" data-orig-size=\"570,393\" data-comments-opened=\"1\" data-image-meta=\"{&quot;aperture&quot;:&quot;0&quot;,&quot;credit&quot;:&quot;&quot;,&quot;camera&quot;:&quot;&quot;,&quot;caption&quot;:&quot;&quot;,&quot;created_timestamp&quot;:&quot;0&quot;,&quot;copyright&quot;:&quot;&quot;,&quot;focal_length&quot;:&quot;0&quot;,&quot;iso&quot;:&quot;0&quot;,&quot;shutter_speed&quot;:&quot;0&quot;,&quot;title&quot;:&quot;&quot;,&quot;orientation&quot;:&quot;0&quot;}\" data-image-title=\"Cachecol, nosso companheiro insepar\u00e1vel no frio\" data-image-description=\"\" data-image-caption=\"&lt;p&gt;Cachecol, nosso companheiro insepar\u00e1vel no frio&lt;\/p&gt;\n\" data-medium-file=\"https:\/\/i0.wp.com\/agrund.com\/wp-content\/uploads\/sites\/6\/2016\/06\/galisteu-claudia-raia-moda-e1466797657270.jpg?fit=300%2C207&amp;ssl=1\" data-large-file=\"https:\/\/i0.wp.com\/agrund.com\/wp-content\/uploads\/sites\/6\/2016\/06\/galisteu-claudia-raia-moda-e1466797657270.jpg?fit=570%2C393&amp;ssl=1\" decoding=\"async\" loading=\"lazy\" class=\"size-full wp-image-151843\" src=\"https:\/\/i0.wp.com\/www.agrund.com\/wp-content\/uploads\/sites\/6\/2016\/06\/galisteu-claudia-raia-moda-e1466797657270.jpg?resize=570%2C393\" alt=\"Cachecol, nosso companheiro insepar\u00e1vel no frio\" width=\"570\" height=\"393\" srcset=\"https:\/\/i0.wp.com\/agrund.com\/wp-content\/uploads\/sites\/6\/2016\/06\/galisteu-claudia-raia-moda-e1466797657270.jpg?w=570&amp;ssl=1 570w, https:\/\/i0.wp.com\/agrund.com\/wp-content\/uploads\/sites\/6\/2016\/06\/galisteu-claudia-raia-moda-e1466797657270.jpg?resize=300%2C207&amp;ssl=1 300w\" sizes=\"(max-width: 570px) 100vw, 570px\" data-recalc-dims=\"1\" \/><p id=\"caption-attachment-151843\" class=\"wp-caption-text\">Cachecol, nosso companheiro insepar\u00e1vel no frio<\/p><\/div>\n<p>Imagens: AgNews e Instagram.<\/p>\n","protected":false},"excerpt":{"rendered":"<p>Por Ros\u00e2ngela Espinossi Nos dias frios, nossos companheiros s\u00e3o cachec\u00f3is, xales, len\u00e7os e pashminas. Amarradinho, soltinho, com v\u00e1rias voltas, n\u00e3o importa. O melhor \u00e9 que a pe\u00e7a n\u00e3o pesa na bolsa, assim se o dia esquenta voc\u00ea pode guardar, e se esfriar, ele est\u00e1 na m\u00e3o de novo. Nossas famosas lan\u00e7am m\u00e3o do acess\u00f3rio de [&hellip;]<\/p>\n","protected":false},"author":8,"featured_media":151845,"comment_status":"open","ping_status":"open","sticky":false,"template":"","format":"standard","meta":{"jetpack_post_was_ever_published":false,"_jetpack_newsletter_access":"","jetpack_publicize_message":"","jetpack_is_tweetstorm":false,"jetpack_publicize_feature_enabled":true,"jetpack_social_post_already_shared":true,"jetpack_social_options":{"image_generator_settings":{"template":"highway","enabled":false}}},"categories":[2],"tags":[],"jetpack_publicize_connections":[],"jetpack_featured_media_url":"https:\/\/i0.wp.com\/agrund.com\/wp-content\/uploads\/sites\/6\/2016\/06\/sr.jpg?fit=960%2C300&ssl=1","jetpack_sharing_enabled":true,"jetpack_shortlink":"https:\/\/wp.me\/p3Hz0n-Dv8","jetpack_likes_enabled":true,"_links":{"self":[{"href":"https:\/\/agrund.com\/index.php\/wp-json\/wp\/v2\/posts\/151846"}],"collection":[{"href":"https:\/\/agrund.com\/index.php\/wp-json\/wp\/v2\/posts"}],"about":[{"href":"https:\/\/agrund.com\/index.php\/wp-json\/wp\/v2\/types\/post"}],"author":[{"embeddable":true,"href":"https:\/\/agrund.com\/index.php\/wp-json\/wp\/v2\/users\/8"}],"replies":[{"embeddable":true,"href":"https:\/\/agrund.com\/index.php\/wp-json\/wp\/v2\/comments?post=151846"}],"version-history":[{"count":0,"href":"https:\/\/agrund.com\/index.php\/wp-json\/wp\/v2\/posts\/151846\/revisions"}],"wp:featuredmedia":[{"embeddable":true,"href":"https:\/\/agrund.com\/index.php\/wp-json\/wp\/v2\/media\/151845"}],"wp:attachment":[{"href":"https:\/\/agrund.com\/index.php\/wp-json\/wp\/v2\/media?parent=151846"}],"wp:term":[{"taxonomy":"category","embeddable":true,"href":"https:\/\/agrund.com\/index.php\/wp-json\/wp\/v2\/categories?post=151846"},{"taxonomy":"post_tag","embeddable":true,"href":"https:\/\/agrund.com\/index.php\/wp-json\/wp\/v2\/tags?post=151846"}],"curies":[{"name":"wp","href":"https:\/\/api.w.org\/{rel}","templated":true}]}}