{"id":151338,"date":"2016-06-17T11:00:00","date_gmt":"2016-06-17T14:00:00","guid":{"rendered":"http:\/\/www.agrund.com\/?p=151338"},"modified":"2016-06-17T09:29:59","modified_gmt":"2016-06-17T12:29:59","slug":"stella-mccartney-confirma-colecao-masculina","status":"publish","type":"post","link":"https:\/\/agrund.com\/index.php\/stella-mccartney-confirma-colecao-masculina\/","title":{"rendered":"Stella McCartney confirma cole\u00e7\u00e3o masculina"},"content":{"rendered":"<p>Depois de muitas especula\u00e7\u00f5es, Stella McCartney, confirmou que assinar\u00e1 sua primeira cole\u00e7\u00e3o masculina.\u00a0&#8220;Ser\u00e1 uma abordagem moderna do estilo masculino&#8221;, declarou a estilista durante uma entrevista ao portal WWD.<\/p>\n<p>Ainda nesta conversa, Stella confirmou que a cole\u00e7\u00e3o ser\u00e1 apresentada em novembro e que em menos de 30 dias ap\u00f3s o desfiles ela j\u00e1 estar\u00e1 nas lojas.<\/p>\n<p>Vamos aguardar!<\/p>\n<div id=\"attachment_151339\" style=\"width: 580px\" class=\"wp-caption aligncenter\"><img aria-describedby=\"caption-attachment-151339\" data-attachment-id=\"151339\" data-permalink=\"https:\/\/agrund.com\/index.php\/stella-mccartney-confirma-colecao-masculina\/na-27-posicao-esta-a-estilista-stella-mccartney-filha-do-beatle-paul-mccartney-1343765764111_1024x768\/\" data-orig-file=\"https:\/\/i0.wp.com\/agrund.com\/wp-content\/uploads\/sites\/6\/2016\/06\/na-27-posicao-esta-a-estilista-stella-mccartney-filha-do-beatle-paul-mccartney-1343765764111_1024x768-e1466166506127.jpg?fit=570%2C428&amp;ssl=1\" data-orig-size=\"570,428\" data-comments-opened=\"1\" data-image-meta=\"{&quot;aperture&quot;:&quot;0&quot;,&quot;credit&quot;:&quot;&quot;,&quot;camera&quot;:&quot;&quot;,&quot;caption&quot;:&quot;&quot;,&quot;created_timestamp&quot;:&quot;0&quot;,&quot;copyright&quot;:&quot;&quot;,&quot;focal_length&quot;:&quot;0&quot;,&quot;iso&quot;:&quot;0&quot;,&quot;shutter_speed&quot;:&quot;0&quot;,&quot;title&quot;:&quot;&quot;,&quot;orientation&quot;:&quot;0&quot;}\" data-image-title=\"Stella McCartney confirma cole\u00e7\u00e3o masculina\" data-image-description=\"\" data-image-caption=\"&lt;p&gt;Stella McCartney confirma cole\u00e7\u00e3o masculina &lt;\/p&gt;\n\" data-medium-file=\"https:\/\/i0.wp.com\/agrund.com\/wp-content\/uploads\/sites\/6\/2016\/06\/na-27-posicao-esta-a-estilista-stella-mccartney-filha-do-beatle-paul-mccartney-1343765764111_1024x768-e1466166506127.jpg?fit=300%2C225&amp;ssl=1\" data-large-file=\"https:\/\/i0.wp.com\/agrund.com\/wp-content\/uploads\/sites\/6\/2016\/06\/na-27-posicao-esta-a-estilista-stella-mccartney-filha-do-beatle-paul-mccartney-1343765764111_1024x768-e1466166506127.jpg?fit=570%2C428&amp;ssl=1\" decoding=\"async\" loading=\"lazy\" class=\"size-full wp-image-151339\" src=\"https:\/\/i0.wp.com\/www.agrund.com\/wp-content\/uploads\/sites\/6\/2016\/06\/na-27-posicao-esta-a-estilista-stella-mccartney-filha-do-beatle-paul-mccartney-1343765764111_1024x768-e1466166506127.jpg?resize=570%2C428\" alt=\"Stella McCartney confirma cole\u00e7\u00e3o masculina \" width=\"570\" height=\"428\" srcset=\"https:\/\/i0.wp.com\/agrund.com\/wp-content\/uploads\/sites\/6\/2016\/06\/na-27-posicao-esta-a-estilista-stella-mccartney-filha-do-beatle-paul-mccartney-1343765764111_1024x768-e1466166506127.jpg?w=570&amp;ssl=1 570w, https:\/\/i0.wp.com\/agrund.com\/wp-content\/uploads\/sites\/6\/2016\/06\/na-27-posicao-esta-a-estilista-stella-mccartney-filha-do-beatle-paul-mccartney-1343765764111_1024x768-e1466166506127.jpg?resize=300%2C225&amp;ssl=1 300w\" sizes=\"(max-width: 570px) 100vw, 570px\" data-recalc-dims=\"1\" \/><p id=\"caption-attachment-151339\" class=\"wp-caption-text\">Stella McCartney confirma cole\u00e7\u00e3o masculina<\/p><\/div>\n<p>Imagem: Reprodu\u00e7\u00e3o.<\/p>\n","protected":false},"excerpt":{"rendered":"<p>Depois de muitas especula\u00e7\u00f5es, Stella McCartney, confirmou que assinar\u00e1 sua primeira cole\u00e7\u00e3o masculina.\u00a0&#8220;Ser\u00e1 uma abordagem moderna do estilo masculino&#8221;, declarou a estilista durante uma entrevista ao portal WWD. Ainda nesta conversa, Stella confirmou que a cole\u00e7\u00e3o ser\u00e1 apresentada em novembro e que em menos de 30 dias ap\u00f3s o desfiles ela j\u00e1 estar\u00e1 nas lojas. [&hellip;]<\/p>\n","protected":false},"author":8,"featured_media":151340,"comment_status":"open","ping_status":"open","sticky":false,"template":"","format":"standard","meta":{"jetpack_post_was_ever_published":false,"_jetpack_newsletter_access":"","jetpack_publicize_message":"","jetpack_is_tweetstorm":false,"jetpack_publicize_feature_enabled":true,"jetpack_social_post_already_shared":true,"jetpack_social_options":{"image_generator_settings":{"template":"highway","enabled":false}}},"categories":[2],"tags":[],"jetpack_publicize_connections":[],"jetpack_featured_media_url":"https:\/\/i0.wp.com\/agrund.com\/wp-content\/uploads\/sites\/6\/2016\/06\/s-82.jpg?fit=960%2C300&ssl=1","jetpack_sharing_enabled":true,"jetpack_shortlink":"https:\/\/wp.me\/p3Hz0n-DmW","jetpack_likes_enabled":true,"_links":{"self":[{"href":"https:\/\/agrund.com\/index.php\/wp-json\/wp\/v2\/posts\/151338"}],"collection":[{"href":"https:\/\/agrund.com\/index.php\/wp-json\/wp\/v2\/posts"}],"about":[{"href":"https:\/\/agrund.com\/index.php\/wp-json\/wp\/v2\/types\/post"}],"author":[{"embeddable":true,"href":"https:\/\/agrund.com\/index.php\/wp-json\/wp\/v2\/users\/8"}],"replies":[{"embeddable":true,"href":"https:\/\/agrund.com\/index.php\/wp-json\/wp\/v2\/comments?post=151338"}],"version-history":[{"count":0,"href":"https:\/\/agrund.com\/index.php\/wp-json\/wp\/v2\/posts\/151338\/revisions"}],"wp:featuredmedia":[{"embeddable":true,"href":"https:\/\/agrund.com\/index.php\/wp-json\/wp\/v2\/media\/151340"}],"wp:attachment":[{"href":"https:\/\/agrund.com\/index.php\/wp-json\/wp\/v2\/media?parent=151338"}],"wp:term":[{"taxonomy":"category","embeddable":true,"href":"https:\/\/agrund.com\/index.php\/wp-json\/wp\/v2\/categories?post=151338"},{"taxonomy":"post_tag","embeddable":true,"href":"https:\/\/agrund.com\/index.php\/wp-json\/wp\/v2\/tags?post=151338"}],"curies":[{"name":"wp","href":"https:\/\/api.w.org\/{rel}","templated":true}]}}