{"id":151094,"date":"2016-06-14T13:00:14","date_gmt":"2016-06-14T16:00:14","guid":{"rendered":"http:\/\/www.agrund.com\/?p=151094"},"modified":"2016-06-14T10:31:45","modified_gmt":"2016-06-14T13:31:45","slug":"dicas-curtas-saia-longa-combina-com-tenis","status":"publish","type":"post","link":"https:\/\/agrund.com\/index.php\/dicas-curtas-saia-longa-combina-com-tenis\/","title":{"rendered":"Dicas Curtas por Arlindo Grund :: Saia longa combina com t\u00eanis?"},"content":{"rendered":"<p>Desde que os t\u00eanis invadiram a cena urbana que eles n\u00e3o saem mais dos p\u00e9s das mulheres, principalmente as mais descoladas. E uma maneira de voc\u00ea usar sua saia longa \u00e9 escolhendo um modelo de t\u00eanis pr\u00e1 l\u00e1 de estiloso. Mas n\u00e3o s\u00e3o os feitos para a academia. Prefira os cal\u00e7ados com texturas e aplica\u00e7\u00f5es diferenciadas. Arremate o look com uma camiseta de algod\u00e3o, jaqueta e uma bolsa estruturada. Mais cool imposs\u00edvel!<\/p>\n<div id=\"attachment_151095\" style=\"width: 580px\" class=\"wp-caption aligncenter\"><img aria-describedby=\"caption-attachment-151095\" data-attachment-id=\"151095\" data-permalink=\"https:\/\/agrund.com\/index.php\/dicas-curtas-saia-longa-combina-com-tenis\/3-1-8\/\" data-orig-file=\"https:\/\/i0.wp.com\/agrund.com\/wp-content\/uploads\/sites\/6\/2016\/06\/3-1-1-e1465910660569.jpg?fit=570%2C484&amp;ssl=1\" data-orig-size=\"570,484\" data-comments-opened=\"1\" data-image-meta=\"{&quot;aperture&quot;:&quot;0&quot;,&quot;credit&quot;:&quot;&quot;,&quot;camera&quot;:&quot;&quot;,&quot;caption&quot;:&quot;&quot;,&quot;created_timestamp&quot;:&quot;0&quot;,&quot;copyright&quot;:&quot;&quot;,&quot;focal_length&quot;:&quot;0&quot;,&quot;iso&quot;:&quot;0&quot;,&quot;shutter_speed&quot;:&quot;0&quot;,&quot;title&quot;:&quot;&quot;,&quot;orientation&quot;:&quot;0&quot;}\" data-image-title=\"Dicas Curtas :: Saia longa combina com t\u00eanis?\" data-image-description=\"\" data-image-caption=\"&lt;p&gt;Dicas Curtas :: Saia longa combina com t\u00eanis?&lt;\/p&gt;\n\" data-medium-file=\"https:\/\/i0.wp.com\/agrund.com\/wp-content\/uploads\/sites\/6\/2016\/06\/3-1-1-e1465910660569.jpg?fit=300%2C255&amp;ssl=1\" data-large-file=\"https:\/\/i0.wp.com\/agrund.com\/wp-content\/uploads\/sites\/6\/2016\/06\/3-1-1-e1465910660569.jpg?fit=570%2C484&amp;ssl=1\" decoding=\"async\" loading=\"lazy\" class=\"wp-image-151095 size-full\" src=\"https:\/\/i0.wp.com\/www.agrund.com\/wp-content\/uploads\/sites\/6\/2016\/06\/3-1-1-e1465910660569.jpg?resize=570%2C484\" alt=\"Dicas Curtas por Arlindo Grund :: Saia longa combina com t\u00eanis?\" width=\"570\" height=\"484\" srcset=\"https:\/\/i0.wp.com\/agrund.com\/wp-content\/uploads\/sites\/6\/2016\/06\/3-1-1-e1465910660569.jpg?w=570&amp;ssl=1 570w, https:\/\/i0.wp.com\/agrund.com\/wp-content\/uploads\/sites\/6\/2016\/06\/3-1-1-e1465910660569.jpg?resize=300%2C255&amp;ssl=1 300w\" sizes=\"(max-width: 570px) 100vw, 570px\" data-recalc-dims=\"1\" \/><p id=\"caption-attachment-151095\" class=\"wp-caption-text\">Dicas Curtas por Arlindo Grund :: Saia longa combina com t\u00eanis?<\/p><\/div>\n<p>Imagens: Reprodu\u00e7\u00e3o.<\/p>\n","protected":false},"excerpt":{"rendered":"<p>Desde que os t\u00eanis invadiram a cena urbana que eles n\u00e3o saem mais dos p\u00e9s das mulheres, principalmente as mais descoladas. E uma maneira de voc\u00ea usar sua saia longa \u00e9 escolhendo um modelo de t\u00eanis pr\u00e1 l\u00e1 de estiloso. Mas n\u00e3o s\u00e3o os feitos para a academia. Prefira os cal\u00e7ados com texturas e aplica\u00e7\u00f5es [&hellip;]<\/p>\n","protected":false},"author":8,"featured_media":151096,"comment_status":"open","ping_status":"open","sticky":false,"template":"","format":"standard","meta":{"jetpack_post_was_ever_published":false,"_jetpack_newsletter_access":"","jetpack_publicize_message":"","jetpack_is_tweetstorm":false,"jetpack_publicize_feature_enabled":true,"jetpack_social_post_already_shared":true,"jetpack_social_options":{"image_generator_settings":{"template":"highway","enabled":false}}},"categories":[4,2],"tags":[],"jetpack_publicize_connections":[],"jetpack_featured_media_url":"https:\/\/i0.wp.com\/agrund.com\/wp-content\/uploads\/sites\/6\/2016\/06\/s2-7.jpg?fit=960%2C300&ssl=1","jetpack_sharing_enabled":true,"jetpack_shortlink":"https:\/\/wp.me\/p3Hz0n-Dj0","jetpack_likes_enabled":true,"_links":{"self":[{"href":"https:\/\/agrund.com\/index.php\/wp-json\/wp\/v2\/posts\/151094"}],"collection":[{"href":"https:\/\/agrund.com\/index.php\/wp-json\/wp\/v2\/posts"}],"about":[{"href":"https:\/\/agrund.com\/index.php\/wp-json\/wp\/v2\/types\/post"}],"author":[{"embeddable":true,"href":"https:\/\/agrund.com\/index.php\/wp-json\/wp\/v2\/users\/8"}],"replies":[{"embeddable":true,"href":"https:\/\/agrund.com\/index.php\/wp-json\/wp\/v2\/comments?post=151094"}],"version-history":[{"count":0,"href":"https:\/\/agrund.com\/index.php\/wp-json\/wp\/v2\/posts\/151094\/revisions"}],"wp:featuredmedia":[{"embeddable":true,"href":"https:\/\/agrund.com\/index.php\/wp-json\/wp\/v2\/media\/151096"}],"wp:attachment":[{"href":"https:\/\/agrund.com\/index.php\/wp-json\/wp\/v2\/media?parent=151094"}],"wp:term":[{"taxonomy":"category","embeddable":true,"href":"https:\/\/agrund.com\/index.php\/wp-json\/wp\/v2\/categories?post=151094"},{"taxonomy":"post_tag","embeddable":true,"href":"https:\/\/agrund.com\/index.php\/wp-json\/wp\/v2\/tags?post=151094"}],"curies":[{"name":"wp","href":"https:\/\/api.w.org\/{rel}","templated":true}]}}