{"id":150931,"date":"2016-06-10T17:00:55","date_gmt":"2016-06-10T20:00:55","guid":{"rendered":"http:\/\/www.agrund.com\/?p=150931"},"modified":"2016-06-10T15:22:27","modified_gmt":"2016-06-10T18:22:27","slug":"pronta-para-a-festa-junina","status":"publish","type":"post","link":"https:\/\/agrund.com\/index.php\/pronta-para-a-festa-junina\/","title":{"rendered":"Pronta para a festa junina?"},"content":{"rendered":"<p>Por Thay Sanqueta<\/p>\n<p>Chegou o m\u00eas das festas juninas, ent\u00e3o mostrarei algumas sugest\u00f5es de penteados para fazer bonito no &#8220;caminho da ro\u00e7a&#8221;. As dicas s\u00e3o simples e valem para voc\u00ea que vai em uma festa junina ou caipira.<\/p>\n<p>Gosto dos penteados mais clean, somados a um acess\u00f3rio bem &#8220;bacanudo&#8221;, como os la\u00e7os, chap\u00e9us, fitas, flores, entre outros. Podendo ser com tran\u00e7as, rabos ou at\u00e9 mesmo soltos.<\/p>\n<p>As tran\u00e7as possuem v\u00e1rias vers\u00f5es, desde as tradicionais, soltas, embutidas, espinha de peixe e laterais. Aplicando fitas e\/ou flores.<\/p>\n<p>Os rabos tamb\u00e9m podem serem usados de muitos jeitos, desde o tradicional, com topete ou laterais.<\/p>\n<p>Se optar por cabelo solto valorize a produ\u00e7\u00e3o com um o acess\u00f3rio chamativo.<\/p>\n<p>Sou a favor de modernizar a produ\u00e7\u00e3o, ent\u00e3o invista em alguns fiozinhos soltos e bagun\u00e7ados ou volume no topo da cabe\u00e7a, assim garante o ar cool do visual.<\/p>\n<p>Confiram alguns exemplos:<\/p>\n<div id=\"attachment_150934\" style=\"width: 510px\" class=\"wp-caption aligncenter\"><img aria-describedby=\"caption-attachment-150934\" data-attachment-id=\"150934\" data-permalink=\"https:\/\/agrund.com\/index.php\/pronta-para-a-festa-junina\/img_6443\/\" data-orig-file=\"https:\/\/i0.wp.com\/agrund.com\/wp-content\/uploads\/sites\/6\/2016\/06\/IMG_6443-e1465580650248.jpg?fit=500%2C700&amp;ssl=1\" data-orig-size=\"500,700\" data-comments-opened=\"1\" data-image-meta=\"{&quot;aperture&quot;:&quot;0&quot;,&quot;credit&quot;:&quot;&quot;,&quot;camera&quot;:&quot;&quot;,&quot;caption&quot;:&quot;&quot;,&quot;created_timestamp&quot;:&quot;0&quot;,&quot;copyright&quot;:&quot;&quot;,&quot;focal_length&quot;:&quot;0&quot;,&quot;iso&quot;:&quot;0&quot;,&quot;shutter_speed&quot;:&quot;0&quot;,&quot;title&quot;:&quot;&quot;,&quot;orientation&quot;:&quot;0&quot;}\" data-image-title=\"Pronta para a festa junina?\" data-image-description=\"\" data-image-caption=\"&lt;p&gt;Pronta para a festa junina?&lt;\/p&gt;\n\" data-medium-file=\"https:\/\/i0.wp.com\/agrund.com\/wp-content\/uploads\/sites\/6\/2016\/06\/IMG_6443-e1465580650248.jpg?fit=214%2C300&amp;ssl=1\" data-large-file=\"https:\/\/i0.wp.com\/agrund.com\/wp-content\/uploads\/sites\/6\/2016\/06\/IMG_6443-e1465580650248.jpg?fit=500%2C700&amp;ssl=1\" decoding=\"async\" loading=\"lazy\" class=\"size-full wp-image-150934\" src=\"https:\/\/i0.wp.com\/www.agrund.com\/wp-content\/uploads\/sites\/6\/2016\/06\/IMG_6443-e1465580650248.jpg?resize=500%2C700\" alt=\"Pronta para a festa junina?\" width=\"500\" height=\"700\" srcset=\"https:\/\/i0.wp.com\/agrund.com\/wp-content\/uploads\/sites\/6\/2016\/06\/IMG_6443-e1465580650248.jpg?w=500&amp;ssl=1 500w, https:\/\/i0.wp.com\/agrund.com\/wp-content\/uploads\/sites\/6\/2016\/06\/IMG_6443-e1465580650248.jpg?resize=214%2C300&amp;ssl=1 214w\" sizes=\"(max-width: 500px) 100vw, 500px\" data-recalc-dims=\"1\" \/><p id=\"caption-attachment-150934\" class=\"wp-caption-text\">Pronta para a festa junina?<\/p><\/div>\n<div id=\"attachment_150935\" style=\"width: 510px\" class=\"wp-caption aligncenter\"><img aria-describedby=\"caption-attachment-150935\" data-attachment-id=\"150935\" data-permalink=\"https:\/\/agrund.com\/index.php\/pronta-para-a-festa-junina\/img_6482\/\" data-orig-file=\"https:\/\/i0.wp.com\/agrund.com\/wp-content\/uploads\/sites\/6\/2016\/06\/IMG_6482.jpg?fit=500%2C750&amp;ssl=1\" data-orig-size=\"500,750\" data-comments-opened=\"1\" data-image-meta=\"{&quot;aperture&quot;:&quot;1.8&quot;,&quot;credit&quot;:&quot;&quot;,&quot;camera&quot;:&quot;Canon EOS 60D&quot;,&quot;caption&quot;:&quot;&quot;,&quot;created_timestamp&quot;:&quot;1434824569&quot;,&quot;copyright&quot;:&quot;&quot;,&quot;focal_length&quot;:&quot;50&quot;,&quot;iso&quot;:&quot;1000&quot;,&quot;shutter_speed&quot;:&quot;0.005&quot;,&quot;title&quot;:&quot;&quot;,&quot;orientation&quot;:&quot;0&quot;}\" data-image-title=\"Pronta para a festa junina?\" data-image-description=\"\" data-image-caption=\"&lt;p&gt;Pronta para a festa junina?&lt;\/p&gt;\n\" data-medium-file=\"https:\/\/i0.wp.com\/agrund.com\/wp-content\/uploads\/sites\/6\/2016\/06\/IMG_6482.jpg?fit=200%2C300&amp;ssl=1\" data-large-file=\"https:\/\/i0.wp.com\/agrund.com\/wp-content\/uploads\/sites\/6\/2016\/06\/IMG_6482.jpg?fit=500%2C750&amp;ssl=1\" decoding=\"async\" loading=\"lazy\" class=\"size-full wp-image-150935\" src=\"https:\/\/i0.wp.com\/www.agrund.com\/wp-content\/uploads\/sites\/6\/2016\/06\/IMG_6482.jpg?resize=500%2C750\" alt=\"Pronta para a festa junina?\" width=\"500\" height=\"750\" srcset=\"https:\/\/i0.wp.com\/agrund.com\/wp-content\/uploads\/sites\/6\/2016\/06\/IMG_6482.jpg?w=500&amp;ssl=1 500w, https:\/\/i0.wp.com\/agrund.com\/wp-content\/uploads\/sites\/6\/2016\/06\/IMG_6482.jpg?resize=200%2C300&amp;ssl=1 200w\" sizes=\"(max-width: 500px) 100vw, 500px\" data-recalc-dims=\"1\" \/><p id=\"caption-attachment-150935\" class=\"wp-caption-text\">Pronta para a festa junina?<\/p><\/div>\n<div id=\"attachment_150933\" style=\"width: 510px\" class=\"wp-caption aligncenter\"><img aria-describedby=\"caption-attachment-150933\" data-attachment-id=\"150933\" data-permalink=\"https:\/\/agrund.com\/index.php\/pronta-para-a-festa-junina\/diy_fascinator_chapeuzinho_junino04\/\" data-orig-file=\"https:\/\/i0.wp.com\/agrund.com\/wp-content\/uploads\/sites\/6\/2016\/06\/DIY_Fascinator_Chapeuzinho_Junino04-e1465580675798.jpg?fit=500%2C309&amp;ssl=1\" data-orig-size=\"500,309\" data-comments-opened=\"1\" data-image-meta=\"{&quot;aperture&quot;:&quot;0&quot;,&quot;credit&quot;:&quot;&quot;,&quot;camera&quot;:&quot;&quot;,&quot;caption&quot;:&quot;&quot;,&quot;created_timestamp&quot;:&quot;0&quot;,&quot;copyright&quot;:&quot;&quot;,&quot;focal_length&quot;:&quot;0&quot;,&quot;iso&quot;:&quot;0&quot;,&quot;shutter_speed&quot;:&quot;0&quot;,&quot;title&quot;:&quot;&quot;,&quot;orientation&quot;:&quot;0&quot;}\" data-image-title=\"Pronta para a festa junina?\" data-image-description=\"\" data-image-caption=\"&lt;p&gt;Pronta para a festa junina?&lt;\/p&gt;\n\" data-medium-file=\"https:\/\/i0.wp.com\/agrund.com\/wp-content\/uploads\/sites\/6\/2016\/06\/DIY_Fascinator_Chapeuzinho_Junino04-e1465580675798.jpg?fit=300%2C185&amp;ssl=1\" data-large-file=\"https:\/\/i0.wp.com\/agrund.com\/wp-content\/uploads\/sites\/6\/2016\/06\/DIY_Fascinator_Chapeuzinho_Junino04-e1465580675798.jpg?fit=500%2C309&amp;ssl=1\" decoding=\"async\" loading=\"lazy\" class=\"size-full wp-image-150933\" src=\"https:\/\/i0.wp.com\/www.agrund.com\/wp-content\/uploads\/sites\/6\/2016\/06\/DIY_Fascinator_Chapeuzinho_Junino04-e1465580675798.jpg?resize=500%2C309\" alt=\"Pronta para a festa junina?\" width=\"500\" height=\"309\" srcset=\"https:\/\/i0.wp.com\/agrund.com\/wp-content\/uploads\/sites\/6\/2016\/06\/DIY_Fascinator_Chapeuzinho_Junino04-e1465580675798.jpg?w=500&amp;ssl=1 500w, https:\/\/i0.wp.com\/agrund.com\/wp-content\/uploads\/sites\/6\/2016\/06\/DIY_Fascinator_Chapeuzinho_Junino04-e1465580675798.jpg?resize=300%2C185&amp;ssl=1 300w\" sizes=\"(max-width: 500px) 100vw, 500px\" data-recalc-dims=\"1\" \/><p id=\"caption-attachment-150933\" class=\"wp-caption-text\">Pronta para a festa junina?<\/p><\/div>\n<div id=\"attachment_150936\" style=\"width: 510px\" class=\"wp-caption aligncenter\"><img aria-describedby=\"caption-attachment-150936\" data-attachment-id=\"150936\" data-permalink=\"https:\/\/agrund.com\/index.php\/pronta-para-a-festa-junina\/make-gi\/\" data-orig-file=\"https:\/\/i0.wp.com\/agrund.com\/wp-content\/uploads\/sites\/6\/2016\/06\/make-gi-e1465580691128.jpg?fit=500%2C312&amp;ssl=1\" data-orig-size=\"500,312\" data-comments-opened=\"1\" data-image-meta=\"{&quot;aperture&quot;:&quot;0&quot;,&quot;credit&quot;:&quot;&quot;,&quot;camera&quot;:&quot;&quot;,&quot;caption&quot;:&quot;&quot;,&quot;created_timestamp&quot;:&quot;0&quot;,&quot;copyright&quot;:&quot;&quot;,&quot;focal_length&quot;:&quot;0&quot;,&quot;iso&quot;:&quot;0&quot;,&quot;shutter_speed&quot;:&quot;0&quot;,&quot;title&quot;:&quot;&quot;,&quot;orientation&quot;:&quot;0&quot;}\" data-image-title=\"Pronta para a festa junina?\" data-image-description=\"\" data-image-caption=\"&lt;p&gt;Pronta para a festa junina?&lt;\/p&gt;\n\" data-medium-file=\"https:\/\/i0.wp.com\/agrund.com\/wp-content\/uploads\/sites\/6\/2016\/06\/make-gi-e1465580691128.jpg?fit=300%2C187&amp;ssl=1\" data-large-file=\"https:\/\/i0.wp.com\/agrund.com\/wp-content\/uploads\/sites\/6\/2016\/06\/make-gi-e1465580691128.jpg?fit=500%2C312&amp;ssl=1\" decoding=\"async\" loading=\"lazy\" class=\"size-full wp-image-150936\" src=\"https:\/\/i0.wp.com\/www.agrund.com\/wp-content\/uploads\/sites\/6\/2016\/06\/make-gi-e1465580691128.jpg?resize=500%2C312\" alt=\"Pronta para a festa junina?\" width=\"500\" height=\"312\" srcset=\"https:\/\/i0.wp.com\/agrund.com\/wp-content\/uploads\/sites\/6\/2016\/06\/make-gi-e1465580691128.jpg?w=500&amp;ssl=1 500w, https:\/\/i0.wp.com\/agrund.com\/wp-content\/uploads\/sites\/6\/2016\/06\/make-gi-e1465580691128.jpg?resize=300%2C187&amp;ssl=1 300w\" sizes=\"(max-width: 500px) 100vw, 500px\" data-recalc-dims=\"1\" \/><p id=\"caption-attachment-150936\" class=\"wp-caption-text\">Pronta para a festa junina?<\/p><\/div>\n<div id=\"attachment_150932\" style=\"width: 510px\" class=\"wp-caption aligncenter\"><img aria-describedby=\"caption-attachment-150932\" data-attachment-id=\"150932\" data-permalink=\"https:\/\/agrund.com\/index.php\/pronta-para-a-festa-junina\/4-602\/\" data-orig-file=\"https:\/\/i0.wp.com\/agrund.com\/wp-content\/uploads\/sites\/6\/2016\/06\/4.png?fit=500%2C332&amp;ssl=1\" data-orig-size=\"500,332\" data-comments-opened=\"1\" data-image-meta=\"{&quot;aperture&quot;:&quot;0&quot;,&quot;credit&quot;:&quot;&quot;,&quot;camera&quot;:&quot;&quot;,&quot;caption&quot;:&quot;&quot;,&quot;created_timestamp&quot;:&quot;0&quot;,&quot;copyright&quot;:&quot;&quot;,&quot;focal_length&quot;:&quot;0&quot;,&quot;iso&quot;:&quot;0&quot;,&quot;shutter_speed&quot;:&quot;0&quot;,&quot;title&quot;:&quot;&quot;,&quot;orientation&quot;:&quot;0&quot;}\" data-image-title=\"Pronta para a festa junina?\" data-image-description=\"\" data-image-caption=\"&lt;p&gt;Pronta para a festa junina?&lt;\/p&gt;\n\" data-medium-file=\"https:\/\/i0.wp.com\/agrund.com\/wp-content\/uploads\/sites\/6\/2016\/06\/4.png?fit=300%2C199&amp;ssl=1\" data-large-file=\"https:\/\/i0.wp.com\/agrund.com\/wp-content\/uploads\/sites\/6\/2016\/06\/4.png?fit=500%2C332&amp;ssl=1\" decoding=\"async\" loading=\"lazy\" class=\"size-full wp-image-150932\" src=\"https:\/\/i0.wp.com\/www.agrund.com\/wp-content\/uploads\/sites\/6\/2016\/06\/4.png?resize=500%2C332\" alt=\"Pronta para a festa junina?\" width=\"500\" height=\"332\" srcset=\"https:\/\/i0.wp.com\/agrund.com\/wp-content\/uploads\/sites\/6\/2016\/06\/4.png?w=500&amp;ssl=1 500w, https:\/\/i0.wp.com\/agrund.com\/wp-content\/uploads\/sites\/6\/2016\/06\/4.png?resize=300%2C199&amp;ssl=1 300w\" sizes=\"(max-width: 500px) 100vw, 500px\" data-recalc-dims=\"1\" \/><p id=\"caption-attachment-150932\" class=\"wp-caption-text\">Pronta para a festa junina?<\/p><\/div>\n<div id=\"attachment_150939\" style=\"width: 510px\" class=\"wp-caption aligncenter\"><img aria-describedby=\"caption-attachment-150939\" data-attachment-id=\"150939\" data-permalink=\"https:\/\/agrund.com\/index.php\/pronta-para-a-festa-junina\/sempre-coloridaa-2\/\" data-orig-file=\"https:\/\/i0.wp.com\/agrund.com\/wp-content\/uploads\/sites\/6\/2016\/06\/Sempre-coloridaa-1.png?fit=500%2C338&amp;ssl=1\" data-orig-size=\"500,338\" data-comments-opened=\"1\" data-image-meta=\"{&quot;aperture&quot;:&quot;0&quot;,&quot;credit&quot;:&quot;&quot;,&quot;camera&quot;:&quot;&quot;,&quot;caption&quot;:&quot;&quot;,&quot;created_timestamp&quot;:&quot;0&quot;,&quot;copyright&quot;:&quot;&quot;,&quot;focal_length&quot;:&quot;0&quot;,&quot;iso&quot;:&quot;0&quot;,&quot;shutter_speed&quot;:&quot;0&quot;,&quot;title&quot;:&quot;&quot;,&quot;orientation&quot;:&quot;0&quot;}\" data-image-title=\"Pronta para a festa junina?\" data-image-description=\"\" data-image-caption=\"&lt;p&gt;Pronta para a festa junina?&lt;\/p&gt;\n\" data-medium-file=\"https:\/\/i0.wp.com\/agrund.com\/wp-content\/uploads\/sites\/6\/2016\/06\/Sempre-coloridaa-1.png?fit=300%2C203&amp;ssl=1\" data-large-file=\"https:\/\/i0.wp.com\/agrund.com\/wp-content\/uploads\/sites\/6\/2016\/06\/Sempre-coloridaa-1.png?fit=500%2C338&amp;ssl=1\" decoding=\"async\" loading=\"lazy\" class=\"size-full wp-image-150939\" src=\"https:\/\/i0.wp.com\/www.agrund.com\/wp-content\/uploads\/sites\/6\/2016\/06\/Sempre-coloridaa-1.png?resize=500%2C338\" alt=\"Pronta para a festa junina?\" width=\"500\" height=\"338\" srcset=\"https:\/\/i0.wp.com\/agrund.com\/wp-content\/uploads\/sites\/6\/2016\/06\/Sempre-coloridaa-1.png?w=500&amp;ssl=1 500w, https:\/\/i0.wp.com\/agrund.com\/wp-content\/uploads\/sites\/6\/2016\/06\/Sempre-coloridaa-1.png?resize=300%2C203&amp;ssl=1 300w\" sizes=\"(max-width: 500px) 100vw, 500px\" data-recalc-dims=\"1\" \/><p id=\"caption-attachment-150939\" class=\"wp-caption-text\">Pronta para a festa junina?<\/p><\/div>\n<p>Gostou da dica?<\/p>\n<p>Beijinhos!!!<\/p>\n<p><a href=\"http:\/\/blogdathay.com.br\/\" target=\"_blank\">Thay<\/a><\/p>\n","protected":false},"excerpt":{"rendered":"<p>Por Thay Sanqueta Chegou o m\u00eas das festas juninas, ent\u00e3o mostrarei algumas sugest\u00f5es de penteados para fazer bonito no &#8220;caminho da ro\u00e7a&#8221;. As dicas s\u00e3o simples e valem para voc\u00ea que vai em uma festa junina ou caipira. Gosto dos penteados mais clean, somados a um acess\u00f3rio bem &#8220;bacanudo&#8221;, como os la\u00e7os, chap\u00e9us, fitas, flores, [&hellip;]<\/p>\n","protected":false},"author":8,"featured_media":150940,"comment_status":"open","ping_status":"open","sticky":false,"template":"","format":"standard","meta":{"jetpack_post_was_ever_published":false,"_jetpack_newsletter_access":"","jetpack_publicize_message":"","jetpack_is_tweetstorm":false,"jetpack_publicize_feature_enabled":true,"jetpack_social_post_already_shared":true,"jetpack_social_options":{"image_generator_settings":{"template":"highway","enabled":false}}},"categories":[2],"tags":[],"jetpack_publicize_connections":[],"jetpack_featured_media_url":"https:\/\/i0.wp.com\/agrund.com\/wp-content\/uploads\/sites\/6\/2016\/06\/s-47.jpg?fit=960%2C300&ssl=1","jetpack_sharing_enabled":true,"jetpack_shortlink":"https:\/\/wp.me\/p3Hz0n-Dgn","jetpack_likes_enabled":true,"_links":{"self":[{"href":"https:\/\/agrund.com\/index.php\/wp-json\/wp\/v2\/posts\/150931"}],"collection":[{"href":"https:\/\/agrund.com\/index.php\/wp-json\/wp\/v2\/posts"}],"about":[{"href":"https:\/\/agrund.com\/index.php\/wp-json\/wp\/v2\/types\/post"}],"author":[{"embeddable":true,"href":"https:\/\/agrund.com\/index.php\/wp-json\/wp\/v2\/users\/8"}],"replies":[{"embeddable":true,"href":"https:\/\/agrund.com\/index.php\/wp-json\/wp\/v2\/comments?post=150931"}],"version-history":[{"count":0,"href":"https:\/\/agrund.com\/index.php\/wp-json\/wp\/v2\/posts\/150931\/revisions"}],"wp:featuredmedia":[{"embeddable":true,"href":"https:\/\/agrund.com\/index.php\/wp-json\/wp\/v2\/media\/150940"}],"wp:attachment":[{"href":"https:\/\/agrund.com\/index.php\/wp-json\/wp\/v2\/media?parent=150931"}],"wp:term":[{"taxonomy":"category","embeddable":true,"href":"https:\/\/agrund.com\/index.php\/wp-json\/wp\/v2\/categories?post=150931"},{"taxonomy":"post_tag","embeddable":true,"href":"https:\/\/agrund.com\/index.php\/wp-json\/wp\/v2\/tags?post=150931"}],"curies":[{"name":"wp","href":"https:\/\/api.w.org\/{rel}","templated":true}]}}