{"id":150546,"date":"2016-06-02T12:00:55","date_gmt":"2016-06-02T15:00:55","guid":{"rendered":"http:\/\/www.agrund.com\/?p=150546"},"modified":"2016-06-02T10:06:33","modified_gmt":"2016-06-02T13:06:33","slug":"kendall-e-kylie-jenner-lancam-colecao-de-beachwear","status":"publish","type":"post","link":"https:\/\/agrund.com\/index.php\/kendall-e-kylie-jenner-lancam-colecao-de-beachwear\/","title":{"rendered":"Kendall e Kylie Jenner lan\u00e7am cole\u00e7\u00e3o de beachwear"},"content":{"rendered":"<p>Voc\u00ea se lembra quando contamos <a href=\"http:\/\/www.agrund.com\/agora-sim-kendall-e-kelly-jenner-para-topshop\/\" target=\"_blank\">AQUI<\/a> sobre a parceria de Kendall e Kylie Jenner com a Topshop? Pois ela acaba de ganhar um novo cap\u00edtulo e, desta vez, ele vai \u00e0s praias!<\/p>\n<p>Atrav\u00e9s do \u00a0Instagram, as irm\u00e3s anunciaram uma cole\u00e7\u00e3o de biqu\u00ednis e mai\u00f4s com a fast-fashion. N\u00e3o precisamos nem dizer que os modelos s\u00e3o sexys e tem modelagens e recortes ousados, n\u00e3o \u00e9 mesmo?<\/p>\n<p>Ainda n\u00e3o h\u00e1 informa\u00e7\u00f5es de lan\u00e7amento, mas n\u00e3o temos d\u00favida de que v\u00e3o sumir das prateleiras bem r\u00e1pido. Veja os detalhes na galeria abaixo:<\/p>\n<div id=\"attachment_150547\" style=\"width: 443px\" class=\"wp-caption aligncenter\"><img aria-describedby=\"caption-attachment-150547\" data-attachment-id=\"150547\" data-permalink=\"https:\/\/agrund.com\/index.php\/kendall-e-kylie-jenner-lancam-colecao-de-beachwear\/060116-kendall-jenner-topshop-lead\/\" data-orig-file=\"https:\/\/i0.wp.com\/agrund.com\/wp-content\/uploads\/sites\/6\/2016\/06\/060116-kendall-jenner-topshop-lead-e1464872629705.jpg?fit=570%2C684&amp;ssl=1\" data-orig-size=\"570,684\" data-comments-opened=\"1\" data-image-meta=\"{&quot;aperture&quot;:&quot;0&quot;,&quot;credit&quot;:&quot;&quot;,&quot;camera&quot;:&quot;&quot;,&quot;caption&quot;:&quot;&quot;,&quot;created_timestamp&quot;:&quot;0&quot;,&quot;copyright&quot;:&quot;&quot;,&quot;focal_length&quot;:&quot;0&quot;,&quot;iso&quot;:&quot;0&quot;,&quot;shutter_speed&quot;:&quot;0&quot;,&quot;title&quot;:&quot;&quot;,&quot;orientation&quot;:&quot;0&quot;}\" data-image-title=\"Kendall e Kylie Jenner lan\u00e7am cole\u00e7\u00e3o de beachwear\" data-image-description=\"\" data-image-caption=\"&lt;p&gt;Kendall e Kylie Jenner lan\u00e7am cole\u00e7\u00e3o de beachwear &lt;\/p&gt;\n\" data-medium-file=\"https:\/\/i0.wp.com\/agrund.com\/wp-content\/uploads\/sites\/6\/2016\/06\/060116-kendall-jenner-topshop-lead-e1464872629705.jpg?fit=250%2C300&amp;ssl=1\" data-large-file=\"https:\/\/i0.wp.com\/agrund.com\/wp-content\/uploads\/sites\/6\/2016\/06\/060116-kendall-jenner-topshop-lead-e1464872629705.jpg?fit=570%2C684&amp;ssl=1\" decoding=\"async\" loading=\"lazy\" class=\"wp-image-150547\" src=\"https:\/\/i0.wp.com\/www.agrund.com\/wp-content\/uploads\/sites\/6\/2016\/06\/060116-kendall-jenner-topshop-lead-e1464872629705.jpg?resize=433%2C520\" alt=\"Kendall e Kylie Jenner lan\u00e7am cole\u00e7\u00e3o de beachwear \" width=\"433\" height=\"520\" srcset=\"https:\/\/i0.wp.com\/agrund.com\/wp-content\/uploads\/sites\/6\/2016\/06\/060116-kendall-jenner-topshop-lead-e1464872629705.jpg?w=570&amp;ssl=1 570w, https:\/\/i0.wp.com\/agrund.com\/wp-content\/uploads\/sites\/6\/2016\/06\/060116-kendall-jenner-topshop-lead-e1464872629705.jpg?resize=250%2C300&amp;ssl=1 250w\" sizes=\"(max-width: 433px) 100vw, 433px\" data-recalc-dims=\"1\" \/><p id=\"caption-attachment-150547\" class=\"wp-caption-text\">Kendall e Kylie Jenner lan\u00e7am cole\u00e7\u00e3o de beachwear<\/p><\/div>\n<div id=\"attachment_150548\" style=\"width: 443px\" class=\"wp-caption aligncenter\"><img aria-describedby=\"caption-attachment-150548\" data-attachment-id=\"150548\" data-permalink=\"https:\/\/agrund.com\/index.php\/kendall-e-kylie-jenner-lancam-colecao-de-beachwear\/captura-de-tela-2016-06-02-as-10-02-36\/\" data-orig-file=\"https:\/\/i0.wp.com\/agrund.com\/wp-content\/uploads\/sites\/6\/2016\/06\/Captura-de-Tela-2016-06-02-a\u0300s-10.02.36-e1464872659432.png?fit=570%2C379&amp;ssl=1\" data-orig-size=\"570,379\" data-comments-opened=\"1\" data-image-meta=\"{&quot;aperture&quot;:&quot;0&quot;,&quot;credit&quot;:&quot;&quot;,&quot;camera&quot;:&quot;&quot;,&quot;caption&quot;:&quot;&quot;,&quot;created_timestamp&quot;:&quot;0&quot;,&quot;copyright&quot;:&quot;&quot;,&quot;focal_length&quot;:&quot;0&quot;,&quot;iso&quot;:&quot;0&quot;,&quot;shutter_speed&quot;:&quot;0&quot;,&quot;title&quot;:&quot;&quot;,&quot;orientation&quot;:&quot;0&quot;}\" data-image-title=\"Kendall e Kylie Jenner lan\u00e7am cole\u00e7\u00e3o de beachwear\" data-image-description=\"\" data-image-caption=\"&lt;p&gt;Kendall e Kylie Jenner lan\u00e7am cole\u00e7\u00e3o de beachwear &lt;\/p&gt;\n\" data-medium-file=\"https:\/\/i0.wp.com\/agrund.com\/wp-content\/uploads\/sites\/6\/2016\/06\/Captura-de-Tela-2016-06-02-a\u0300s-10.02.36-e1464872659432.png?fit=300%2C199&amp;ssl=1\" data-large-file=\"https:\/\/i0.wp.com\/agrund.com\/wp-content\/uploads\/sites\/6\/2016\/06\/Captura-de-Tela-2016-06-02-a\u0300s-10.02.36-e1464872659432.png?fit=570%2C379&amp;ssl=1\" decoding=\"async\" loading=\"lazy\" class=\"wp-image-150548\" src=\"https:\/\/i0.wp.com\/www.agrund.com\/wp-content\/uploads\/sites\/6\/2016\/06\/Captura-de-Tela-2016-06-02-a\u0300s-10.02.36-e1464872659432.png?resize=433%2C288\" alt=\"Kendall e Kylie Jenner lan\u00e7am cole\u00e7\u00e3o de beachwear \" width=\"433\" height=\"288\" srcset=\"https:\/\/i0.wp.com\/agrund.com\/wp-content\/uploads\/sites\/6\/2016\/06\/Captura-de-Tela-2016-06-02-a\u0300s-10.02.36-e1464872659432.png?w=570&amp;ssl=1 570w, https:\/\/i0.wp.com\/agrund.com\/wp-content\/uploads\/sites\/6\/2016\/06\/Captura-de-Tela-2016-06-02-a\u0300s-10.02.36-e1464872659432.png?resize=300%2C199&amp;ssl=1 300w\" sizes=\"(max-width: 433px) 100vw, 433px\" data-recalc-dims=\"1\" \/><p id=\"caption-attachment-150548\" class=\"wp-caption-text\">Kendall e Kylie Jenner lan\u00e7am cole\u00e7\u00e3o de beachwear<\/p><\/div>\n<div id=\"attachment_150549\" style=\"width: 443px\" class=\"wp-caption aligncenter\"><img aria-describedby=\"caption-attachment-150549\" data-attachment-id=\"150549\" data-permalink=\"https:\/\/agrund.com\/index.php\/kendall-e-kylie-jenner-lancam-colecao-de-beachwear\/captura-de-tela-2016-06-02-as-10-02-55\/\" data-orig-file=\"https:\/\/i0.wp.com\/agrund.com\/wp-content\/uploads\/sites\/6\/2016\/06\/Captura-de-Tela-2016-06-02-a\u0300s-10.02.55-e1464872670246.png?fit=433%2C431&amp;ssl=1\" data-orig-size=\"433,431\" data-comments-opened=\"1\" data-image-meta=\"{&quot;aperture&quot;:&quot;0&quot;,&quot;credit&quot;:&quot;&quot;,&quot;camera&quot;:&quot;&quot;,&quot;caption&quot;:&quot;&quot;,&quot;created_timestamp&quot;:&quot;0&quot;,&quot;copyright&quot;:&quot;&quot;,&quot;focal_length&quot;:&quot;0&quot;,&quot;iso&quot;:&quot;0&quot;,&quot;shutter_speed&quot;:&quot;0&quot;,&quot;title&quot;:&quot;&quot;,&quot;orientation&quot;:&quot;0&quot;}\" data-image-title=\"Kendall e Kylie Jenner lan\u00e7am cole\u00e7\u00e3o de beachwear\" data-image-description=\"\" data-image-caption=\"&lt;p&gt;Kendall e Kylie Jenner lan\u00e7am cole\u00e7\u00e3o de beachwear &lt;\/p&gt;\n\" data-medium-file=\"https:\/\/i0.wp.com\/agrund.com\/wp-content\/uploads\/sites\/6\/2016\/06\/Captura-de-Tela-2016-06-02-a\u0300s-10.02.55-e1464872670246.png?fit=300%2C300&amp;ssl=1\" data-large-file=\"https:\/\/i0.wp.com\/agrund.com\/wp-content\/uploads\/sites\/6\/2016\/06\/Captura-de-Tela-2016-06-02-a\u0300s-10.02.55-e1464872670246.png?fit=433%2C431&amp;ssl=1\" decoding=\"async\" loading=\"lazy\" class=\"size-full wp-image-150549\" src=\"https:\/\/i0.wp.com\/www.agrund.com\/wp-content\/uploads\/sites\/6\/2016\/06\/Captura-de-Tela-2016-06-02-a\u0300s-10.02.55-e1464872670246.png?resize=433%2C431\" alt=\"Kendall e Kylie Jenner lan\u00e7am cole\u00e7\u00e3o de beachwear \" width=\"433\" height=\"431\" srcset=\"https:\/\/i0.wp.com\/agrund.com\/wp-content\/uploads\/sites\/6\/2016\/06\/Captura-de-Tela-2016-06-02-a\u0300s-10.02.55-e1464872670246.png?w=433&amp;ssl=1 433w, https:\/\/i0.wp.com\/agrund.com\/wp-content\/uploads\/sites\/6\/2016\/06\/Captura-de-Tela-2016-06-02-a\u0300s-10.02.55-e1464872670246.png?resize=150%2C150&amp;ssl=1 150w, https:\/\/i0.wp.com\/agrund.com\/wp-content\/uploads\/sites\/6\/2016\/06\/Captura-de-Tela-2016-06-02-a\u0300s-10.02.55-e1464872670246.png?resize=300%2C300&amp;ssl=1 300w\" sizes=\"(max-width: 433px) 100vw, 433px\" data-recalc-dims=\"1\" \/><p id=\"caption-attachment-150549\" class=\"wp-caption-text\">Kendall e Kylie Jenner lan\u00e7am cole\u00e7\u00e3o de beachwear<\/p><\/div>\n<p>Imagens: Reprodu\u00e7\u00e3o.<\/p>\n","protected":false},"excerpt":{"rendered":"<p>Voc\u00ea se lembra quando contamos AQUI sobre a parceria de Kendall e Kylie Jenner com a Topshop? Pois ela acaba de ganhar um novo cap\u00edtulo e, desta vez, ele vai \u00e0s praias! Atrav\u00e9s do \u00a0Instagram, as irm\u00e3s anunciaram uma cole\u00e7\u00e3o de biqu\u00ednis e mai\u00f4s com a fast-fashion. N\u00e3o precisamos nem dizer que os modelos s\u00e3o [&hellip;]<\/p>\n","protected":false},"author":8,"featured_media":150550,"comment_status":"open","ping_status":"open","sticky":false,"template":"","format":"standard","meta":{"jetpack_post_was_ever_published":false,"_jetpack_newsletter_access":"","jetpack_publicize_message":"","jetpack_is_tweetstorm":false,"jetpack_publicize_feature_enabled":true,"jetpack_social_post_already_shared":true,"jetpack_social_options":{"image_generator_settings":{"template":"highway","enabled":false}}},"categories":[2],"tags":[],"jetpack_publicize_connections":[],"jetpack_featured_media_url":"https:\/\/i0.wp.com\/agrund.com\/wp-content\/uploads\/sites\/6\/2016\/06\/s-10.jpg?fit=960%2C300&ssl=1","jetpack_sharing_enabled":true,"jetpack_shortlink":"https:\/\/wp.me\/p3Hz0n-Daa","jetpack_likes_enabled":true,"_links":{"self":[{"href":"https:\/\/agrund.com\/index.php\/wp-json\/wp\/v2\/posts\/150546"}],"collection":[{"href":"https:\/\/agrund.com\/index.php\/wp-json\/wp\/v2\/posts"}],"about":[{"href":"https:\/\/agrund.com\/index.php\/wp-json\/wp\/v2\/types\/post"}],"author":[{"embeddable":true,"href":"https:\/\/agrund.com\/index.php\/wp-json\/wp\/v2\/users\/8"}],"replies":[{"embeddable":true,"href":"https:\/\/agrund.com\/index.php\/wp-json\/wp\/v2\/comments?post=150546"}],"version-history":[{"count":0,"href":"https:\/\/agrund.com\/index.php\/wp-json\/wp\/v2\/posts\/150546\/revisions"}],"wp:featuredmedia":[{"embeddable":true,"href":"https:\/\/agrund.com\/index.php\/wp-json\/wp\/v2\/media\/150550"}],"wp:attachment":[{"href":"https:\/\/agrund.com\/index.php\/wp-json\/wp\/v2\/media?parent=150546"}],"wp:term":[{"taxonomy":"category","embeddable":true,"href":"https:\/\/agrund.com\/index.php\/wp-json\/wp\/v2\/categories?post=150546"},{"taxonomy":"post_tag","embeddable":true,"href":"https:\/\/agrund.com\/index.php\/wp-json\/wp\/v2\/tags?post=150546"}],"curies":[{"name":"wp","href":"https:\/\/api.w.org\/{rel}","templated":true}]}}