{"id":15014,"date":"2011-08-18T12:05:06","date_gmt":"2011-08-18T15:05:06","guid":{"rendered":"http:\/\/www.agrund.com\/blogs\/notas\/?p=15014"},"modified":"2011-08-18T12:05:06","modified_gmt":"2011-08-18T15:05:06","slug":"paula-raia-inaugura-primeira-loja-em-sao-paulo","status":"publish","type":"post","link":"https:\/\/agrund.com\/index.php\/paula-raia-inaugura-primeira-loja-em-sao-paulo\/","title":{"rendered":"Paula Raia :: Inaugura primeira loja em S\u00e3o Paulo"},"content":{"rendered":"<p>A estilista Paula Raia, ap\u00f3s criar sua marca pr\u00f3pria e apresentar a primeira cole\u00e7\u00e3o no SPFW Ver\u00e3o 2012 em junho deste ano, anuncia a abertura do seu primeiro espa\u00e7o, previsto para ser inaugurado no pr\u00f3ximo dia 23,\u00a0em S\u00e3o Paulo. A loja que ocupa uma \u00e1rea de 350 m\u00b2 no Itaim, \u00e9 assinada pelo arquiteto Isay Weinfeld, que \u00e9 descrita como tendo um clima mais &#8221;maison&#8221; e paredes cor de marfim, onde livros \u00e9 mistura com roupas e um jardim tropical. Al\u00e9m disso ela utiliza materiais org\u00e2nicos e recicl\u00e1veis, como sacolas de saco de arroz e capas TNT para as roupas e uma papelaria reciclada. A nova loja vai oferecer um mix de modelos incluindo vestidos longos de renda e alpargatas artesanais que beneficiam comunidades locais.<\/p>\n<p><img decoding=\"async\" loading=\"lazy\" class=\"size-full wp-image-15020 alignnone\" src=\"https:\/\/i0.wp.com\/www.agrund.com\/arquivo\/notas\/files\/2011\/08\/paula.jpg?resize=332%2C500\" alt=\"\" width=\"332\" height=\"500\" data-recalc-dims=\"1\" \/><\/p>\n","protected":false},"excerpt":{"rendered":"<p>A estilista Paula Raia, ap\u00f3s criar sua marca pr\u00f3pria e apresentar a primeira cole\u00e7\u00e3o no SPFW Ver\u00e3o 2012 em junho deste ano, anuncia a abertura do seu primeiro espa\u00e7o, previsto para ser inaugurado no pr\u00f3ximo dia 23,\u00a0em S\u00e3o Paulo. A loja que ocupa uma \u00e1rea de 350 m\u00b2 no Itaim, \u00e9 assinada pelo arquiteto Isay [&hellip;]<\/p>\n","protected":false},"author":8,"featured_media":15020,"comment_status":"open","ping_status":"open","sticky":false,"template":"","format":"standard","meta":{"jetpack_post_was_ever_published":false,"_jetpack_newsletter_access":"","jetpack_publicize_message":"","jetpack_is_tweetstorm":false,"jetpack_publicize_feature_enabled":true,"jetpack_social_post_already_shared":false,"jetpack_social_options":{"image_generator_settings":{"template":"highway","enabled":false}}},"categories":[2],"tags":[],"jetpack_publicize_connections":[],"jetpack_featured_media_url":"","jetpack_sharing_enabled":true,"jetpack_shortlink":"https:\/\/wp.me\/p3Hz0n-3Ua","jetpack_likes_enabled":true,"_links":{"self":[{"href":"https:\/\/agrund.com\/index.php\/wp-json\/wp\/v2\/posts\/15014"}],"collection":[{"href":"https:\/\/agrund.com\/index.php\/wp-json\/wp\/v2\/posts"}],"about":[{"href":"https:\/\/agrund.com\/index.php\/wp-json\/wp\/v2\/types\/post"}],"author":[{"embeddable":true,"href":"https:\/\/agrund.com\/index.php\/wp-json\/wp\/v2\/users\/8"}],"replies":[{"embeddable":true,"href":"https:\/\/agrund.com\/index.php\/wp-json\/wp\/v2\/comments?post=15014"}],"version-history":[{"count":0,"href":"https:\/\/agrund.com\/index.php\/wp-json\/wp\/v2\/posts\/15014\/revisions"}],"wp:featuredmedia":[{"embeddable":true,"href":"https:\/\/agrund.com\/index.php\/wp-json\/"}],"wp:attachment":[{"href":"https:\/\/agrund.com\/index.php\/wp-json\/wp\/v2\/media?parent=15014"}],"wp:term":[{"taxonomy":"category","embeddable":true,"href":"https:\/\/agrund.com\/index.php\/wp-json\/wp\/v2\/categories?post=15014"},{"taxonomy":"post_tag","embeddable":true,"href":"https:\/\/agrund.com\/index.php\/wp-json\/wp\/v2\/tags?post=15014"}],"curies":[{"name":"wp","href":"https:\/\/api.w.org\/{rel}","templated":true}]}}