{"id":149570,"date":"2016-05-11T15:00:11","date_gmt":"2016-05-11T18:00:11","guid":{"rendered":"http:\/\/www.agrund.com\/?p=149570"},"modified":"2016-05-11T10:13:29","modified_gmt":"2016-05-11T13:13:29","slug":"bella-hadid-esta-com-tudo","status":"publish","type":"post","link":"https:\/\/agrund.com\/index.php\/bella-hadid-esta-com-tudo\/","title":{"rendered":"Bella Hadid est\u00e1 com tudo!"},"content":{"rendered":"<p>Depois de estrelar a capa da &#8216;Vogue&#8217; Turquia (reveja <a href=\"http:\/\/www.agrund.com\/editorial-bella-hadid-e-so-glamour\/\" target=\"_blank\">AQUI<\/a>), agora \u00e9 a vez de Bella Hadid ser a estrela da &#8216;Elle&#8217; americana. A modelo \u00e9 capa e recheio da edi\u00e7\u00e3o junho 2016, com fotografia de Terry Tsiolis.<\/p>\n<p>No clique principal, ela deixa as pernas de fora e aparece em um body de Azzedine Alaia de tirar o f\u00f4lego. J\u00e1 no editorial interno, Bella veste looks de marcas como Givenchy, Valentino e Jo De Mer. Confira!<\/p>\n<div id=\"attachment_149571\" style=\"width: 580px\" class=\"wp-caption aligncenter\"><img aria-describedby=\"caption-attachment-149571\" data-attachment-id=\"149571\" data-permalink=\"https:\/\/agrund.com\/index.php\/bella-hadid-esta-com-tudo\/bella-hadid-elle-magazine-june-2016-cover-photoshoot01\/\" data-orig-file=\"https:\/\/i0.wp.com\/agrund.com\/wp-content\/uploads\/sites\/6\/2016\/05\/Bella-Hadid-ELLE-Magazine-June-2016-Cover-Photoshoot01-e1462972276855.jpg?fit=570%2C689&amp;ssl=1\" data-orig-size=\"570,689\" data-comments-opened=\"1\" data-image-meta=\"{&quot;aperture&quot;:&quot;0&quot;,&quot;credit&quot;:&quot;&quot;,&quot;camera&quot;:&quot;&quot;,&quot;caption&quot;:&quot;&quot;,&quot;created_timestamp&quot;:&quot;0&quot;,&quot;copyright&quot;:&quot;&quot;,&quot;focal_length&quot;:&quot;0&quot;,&quot;iso&quot;:&quot;0&quot;,&quot;shutter_speed&quot;:&quot;0&quot;,&quot;title&quot;:&quot;&quot;,&quot;orientation&quot;:&quot;0&quot;}\" data-image-title=\"Bella Hadid est\u00e1 com tudo!\" data-image-description=\"\" data-image-caption=\"&lt;p&gt;Bella Hadid est\u00e1 com tudo! &lt;\/p&gt;\n\" data-medium-file=\"https:\/\/i0.wp.com\/agrund.com\/wp-content\/uploads\/sites\/6\/2016\/05\/Bella-Hadid-ELLE-Magazine-June-2016-Cover-Photoshoot01-e1462972276855.jpg?fit=248%2C300&amp;ssl=1\" data-large-file=\"https:\/\/i0.wp.com\/agrund.com\/wp-content\/uploads\/sites\/6\/2016\/05\/Bella-Hadid-ELLE-Magazine-June-2016-Cover-Photoshoot01-e1462972276855.jpg?fit=570%2C689&amp;ssl=1\" decoding=\"async\" loading=\"lazy\" class=\"size-full wp-image-149571\" src=\"https:\/\/i0.wp.com\/www.agrund.com\/wp-content\/uploads\/sites\/6\/2016\/05\/Bella-Hadid-ELLE-Magazine-June-2016-Cover-Photoshoot01-e1462972276855.jpg?resize=570%2C689\" alt=\"Bella Hadid est\u00e1 com tudo! \" width=\"570\" height=\"689\" data-recalc-dims=\"1\" \/><p id=\"caption-attachment-149571\" class=\"wp-caption-text\">Bella Hadid est\u00e1 com tudo!<\/p><\/div>\n<div id=\"attachment_149572\" style=\"width: 580px\" class=\"wp-caption aligncenter\"><img aria-describedby=\"caption-attachment-149572\" data-attachment-id=\"149572\" data-permalink=\"https:\/\/agrund.com\/index.php\/bella-hadid-esta-com-tudo\/bella-hadid-elle-magazine-june-2016-cover-photoshoot02\/\" data-orig-file=\"https:\/\/i0.wp.com\/agrund.com\/wp-content\/uploads\/sites\/6\/2016\/05\/Bella-Hadid-ELLE-Magazine-June-2016-Cover-Photoshoot02-e1462972289158.jpg?fit=570%2C684&amp;ssl=1\" data-orig-size=\"570,684\" data-comments-opened=\"1\" data-image-meta=\"{&quot;aperture&quot;:&quot;0&quot;,&quot;credit&quot;:&quot;&quot;,&quot;camera&quot;:&quot;&quot;,&quot;caption&quot;:&quot;&quot;,&quot;created_timestamp&quot;:&quot;0&quot;,&quot;copyright&quot;:&quot;&quot;,&quot;focal_length&quot;:&quot;0&quot;,&quot;iso&quot;:&quot;0&quot;,&quot;shutter_speed&quot;:&quot;0&quot;,&quot;title&quot;:&quot;&quot;,&quot;orientation&quot;:&quot;0&quot;}\" data-image-title=\"Bella Hadid est\u00e1 com tudo!\" data-image-description=\"\" data-image-caption=\"&lt;p&gt;Bella Hadid est\u00e1 com tudo! &lt;\/p&gt;\n\" data-medium-file=\"https:\/\/i0.wp.com\/agrund.com\/wp-content\/uploads\/sites\/6\/2016\/05\/Bella-Hadid-ELLE-Magazine-June-2016-Cover-Photoshoot02-e1462972289158.jpg?fit=250%2C300&amp;ssl=1\" data-large-file=\"https:\/\/i0.wp.com\/agrund.com\/wp-content\/uploads\/sites\/6\/2016\/05\/Bella-Hadid-ELLE-Magazine-June-2016-Cover-Photoshoot02-e1462972289158.jpg?fit=570%2C684&amp;ssl=1\" decoding=\"async\" loading=\"lazy\" class=\"size-full wp-image-149572\" src=\"https:\/\/i0.wp.com\/www.agrund.com\/wp-content\/uploads\/sites\/6\/2016\/05\/Bella-Hadid-ELLE-Magazine-June-2016-Cover-Photoshoot02-e1462972289158.jpg?resize=570%2C684\" alt=\"Bella Hadid est\u00e1 com tudo! \" width=\"570\" height=\"684\" data-recalc-dims=\"1\" \/><p id=\"caption-attachment-149572\" class=\"wp-caption-text\">Bella Hadid est\u00e1 com tudo!<\/p><\/div>\n<div id=\"attachment_149573\" style=\"width: 580px\" class=\"wp-caption aligncenter\"><img aria-describedby=\"caption-attachment-149573\" data-attachment-id=\"149573\" data-permalink=\"https:\/\/agrund.com\/index.php\/bella-hadid-esta-com-tudo\/bella-hadid-elle-magazine-june-2016-cover-photoshoot03\/\" data-orig-file=\"https:\/\/i0.wp.com\/agrund.com\/wp-content\/uploads\/sites\/6\/2016\/05\/Bella-Hadid-ELLE-Magazine-June-2016-Cover-Photoshoot03-e1462972300369.jpg?fit=570%2C678&amp;ssl=1\" data-orig-size=\"570,678\" data-comments-opened=\"1\" data-image-meta=\"{&quot;aperture&quot;:&quot;0&quot;,&quot;credit&quot;:&quot;&quot;,&quot;camera&quot;:&quot;&quot;,&quot;caption&quot;:&quot;&quot;,&quot;created_timestamp&quot;:&quot;0&quot;,&quot;copyright&quot;:&quot;&quot;,&quot;focal_length&quot;:&quot;0&quot;,&quot;iso&quot;:&quot;0&quot;,&quot;shutter_speed&quot;:&quot;0&quot;,&quot;title&quot;:&quot;&quot;,&quot;orientation&quot;:&quot;0&quot;}\" data-image-title=\"Bella Hadid est\u00e1 com tudo!\" data-image-description=\"\" data-image-caption=\"&lt;p&gt;Bella Hadid est\u00e1 com tudo! &lt;\/p&gt;\n\" data-medium-file=\"https:\/\/i0.wp.com\/agrund.com\/wp-content\/uploads\/sites\/6\/2016\/05\/Bella-Hadid-ELLE-Magazine-June-2016-Cover-Photoshoot03-e1462972300369.jpg?fit=252%2C300&amp;ssl=1\" data-large-file=\"https:\/\/i0.wp.com\/agrund.com\/wp-content\/uploads\/sites\/6\/2016\/05\/Bella-Hadid-ELLE-Magazine-June-2016-Cover-Photoshoot03-e1462972300369.jpg?fit=570%2C678&amp;ssl=1\" decoding=\"async\" loading=\"lazy\" class=\"size-full wp-image-149573\" src=\"https:\/\/i0.wp.com\/www.agrund.com\/wp-content\/uploads\/sites\/6\/2016\/05\/Bella-Hadid-ELLE-Magazine-June-2016-Cover-Photoshoot03-e1462972300369.jpg?resize=570%2C678\" alt=\"Bella Hadid est\u00e1 com tudo! \" width=\"570\" height=\"678\" data-recalc-dims=\"1\" \/><p id=\"caption-attachment-149573\" class=\"wp-caption-text\">Bella Hadid est\u00e1 com tudo!<\/p><\/div>\n<div id=\"attachment_149574\" style=\"width: 580px\" class=\"wp-caption aligncenter\"><img aria-describedby=\"caption-attachment-149574\" data-attachment-id=\"149574\" data-permalink=\"https:\/\/agrund.com\/index.php\/bella-hadid-esta-com-tudo\/bella-hadid-elle-magazine-june-2016-cover-photoshoot04\/\" data-orig-file=\"https:\/\/i0.wp.com\/agrund.com\/wp-content\/uploads\/sites\/6\/2016\/05\/Bella-Hadid-ELLE-Magazine-June-2016-Cover-Photoshoot04-e1462972312398.jpg?fit=570%2C718&amp;ssl=1\" data-orig-size=\"570,718\" data-comments-opened=\"1\" data-image-meta=\"{&quot;aperture&quot;:&quot;0&quot;,&quot;credit&quot;:&quot;&quot;,&quot;camera&quot;:&quot;&quot;,&quot;caption&quot;:&quot;&quot;,&quot;created_timestamp&quot;:&quot;0&quot;,&quot;copyright&quot;:&quot;&quot;,&quot;focal_length&quot;:&quot;0&quot;,&quot;iso&quot;:&quot;0&quot;,&quot;shutter_speed&quot;:&quot;0&quot;,&quot;title&quot;:&quot;&quot;,&quot;orientation&quot;:&quot;0&quot;}\" data-image-title=\"Bella Hadid est\u00e1 com tudo!\" data-image-description=\"\" data-image-caption=\"&lt;p&gt;Bella Hadid est\u00e1 com tudo! &lt;\/p&gt;\n\" data-medium-file=\"https:\/\/i0.wp.com\/agrund.com\/wp-content\/uploads\/sites\/6\/2016\/05\/Bella-Hadid-ELLE-Magazine-June-2016-Cover-Photoshoot04-e1462972312398.jpg?fit=238%2C300&amp;ssl=1\" data-large-file=\"https:\/\/i0.wp.com\/agrund.com\/wp-content\/uploads\/sites\/6\/2016\/05\/Bella-Hadid-ELLE-Magazine-June-2016-Cover-Photoshoot04-e1462972312398.jpg?fit=570%2C718&amp;ssl=1\" decoding=\"async\" loading=\"lazy\" class=\"size-full wp-image-149574\" src=\"https:\/\/i0.wp.com\/www.agrund.com\/wp-content\/uploads\/sites\/6\/2016\/05\/Bella-Hadid-ELLE-Magazine-June-2016-Cover-Photoshoot04-e1462972312398.jpg?resize=570%2C718\" alt=\"Bella Hadid est\u00e1 com tudo! \" width=\"570\" height=\"718\" data-recalc-dims=\"1\" \/><p id=\"caption-attachment-149574\" class=\"wp-caption-text\">Bella Hadid est\u00e1 com tudo!<\/p><\/div>\n<p>Imagens: Reprodu\u00e7\u00e3o.<\/p>\n<p>&nbsp;<\/p>\n","protected":false},"excerpt":{"rendered":"<p>Depois de estrelar a capa da &#8216;Vogue&#8217; Turquia (reveja AQUI), agora \u00e9 a vez de Bella Hadid ser a estrela da &#8216;Elle&#8217; americana. A modelo \u00e9 capa e recheio da edi\u00e7\u00e3o junho 2016, com fotografia de Terry Tsiolis. No clique principal, ela deixa as pernas de fora e aparece em um body de Azzedine Alaia [&hellip;]<\/p>\n","protected":false},"author":8,"featured_media":149575,"comment_status":"open","ping_status":"open","sticky":false,"template":"","format":"standard","meta":{"jetpack_post_was_ever_published":false,"_jetpack_newsletter_access":"","jetpack_publicize_message":"","jetpack_is_tweetstorm":false,"jetpack_publicize_feature_enabled":true,"jetpack_social_post_already_shared":true,"jetpack_social_options":{"image_generator_settings":{"template":"highway","enabled":false}}},"categories":[2],"tags":[],"jetpack_publicize_connections":[],"jetpack_featured_media_url":"https:\/\/i0.wp.com\/agrund.com\/wp-content\/uploads\/sites\/6\/2016\/05\/s-60.jpg?fit=960%2C300&ssl=1","jetpack_sharing_enabled":true,"jetpack_shortlink":"https:\/\/wp.me\/p3Hz0n-CUq","jetpack_likes_enabled":true,"_links":{"self":[{"href":"https:\/\/agrund.com\/index.php\/wp-json\/wp\/v2\/posts\/149570"}],"collection":[{"href":"https:\/\/agrund.com\/index.php\/wp-json\/wp\/v2\/posts"}],"about":[{"href":"https:\/\/agrund.com\/index.php\/wp-json\/wp\/v2\/types\/post"}],"author":[{"embeddable":true,"href":"https:\/\/agrund.com\/index.php\/wp-json\/wp\/v2\/users\/8"}],"replies":[{"embeddable":true,"href":"https:\/\/agrund.com\/index.php\/wp-json\/wp\/v2\/comments?post=149570"}],"version-history":[{"count":0,"href":"https:\/\/agrund.com\/index.php\/wp-json\/wp\/v2\/posts\/149570\/revisions"}],"wp:featuredmedia":[{"embeddable":true,"href":"https:\/\/agrund.com\/index.php\/wp-json\/wp\/v2\/media\/149575"}],"wp:attachment":[{"href":"https:\/\/agrund.com\/index.php\/wp-json\/wp\/v2\/media?parent=149570"}],"wp:term":[{"taxonomy":"category","embeddable":true,"href":"https:\/\/agrund.com\/index.php\/wp-json\/wp\/v2\/categories?post=149570"},{"taxonomy":"post_tag","embeddable":true,"href":"https:\/\/agrund.com\/index.php\/wp-json\/wp\/v2\/tags?post=149570"}],"curies":[{"name":"wp","href":"https:\/\/api.w.org\/{rel}","templated":true}]}}