{"id":148544,"date":"2016-04-27T15:30:24","date_gmt":"2016-04-27T18:30:24","guid":{"rendered":"http:\/\/www.agrund.com\/?p=148544"},"modified":"2016-04-27T14:59:04","modified_gmt":"2016-04-27T17:59:04","slug":"sp-fashion-week-n41-karl-lagerfeld-para-riachuelo","status":"publish","type":"post","link":"https:\/\/agrund.com\/index.php\/sp-fashion-week-n41-karl-lagerfeld-para-riachuelo\/","title":{"rendered":"SP Fashion Week N41 :: Karl Lagerfeld para Riachuelo"},"content":{"rendered":"<p>Por Arlindo Grund<\/p>\n<p>Ontem foi comprovado aqui, na Bienal, que Karl Lagerfeld tem mesmo um poder que transcende seu talento criativo. O desfile de sua linha para Riachuelo foi realizado no segundo dia de S\u00e3o Paulo Fashion Week e reuniu um infinidade de fashionistas. O mais interessante foi &#8220;o veja agora, compre agora&#8221;. Ap\u00f3s a fila final, as araras com pecas acompanharam as modelos, se posicionaram no meio das filas e pronto! Jaquetas com pegadas motociclistas, tweed, camisetas com o nome Karl, mochilas e muitas clutch com inspira\u00e7\u00e3o na sua gata Choupette. O p\u00fablico atacou em quest\u00e3o de minutos as mais diversas pe\u00e7as. A sua cole\u00e7\u00e3o tinha o lado punk divertido e, principalmente, um conceito mais comercial. A top Isabeli Fontana abriu e fechou o desfile que teve, al\u00e9m de tudo, uma replica do MAC, de Niteroi, na passarela. Confira algumas imagens da apresenta\u00e7\u00e3o.<\/p>\n<div id=\"attachment_148545\" style=\"width: 580px\" class=\"wp-caption aligncenter\"><img aria-describedby=\"caption-attachment-148545\" data-attachment-id=\"148545\" data-permalink=\"https:\/\/agrund.com\/index.php\/sp-fashion-week-n41-karl-lagerfeld-para-riachuelo\/karllagerfeld-for-riachuelo-spfw-verao17-detalhes-01-654x983\/\" data-orig-file=\"https:\/\/i0.wp.com\/agrund.com\/wp-content\/uploads\/sites\/6\/2016\/04\/karllagerfeld-for-riachuelo-spfw-verao17-detalhes-01-654x983-e1461779521759.jpg?fit=570%2C857&amp;ssl=1\" data-orig-size=\"570,857\" data-comments-opened=\"1\" data-image-meta=\"{&quot;aperture&quot;:&quot;0&quot;,&quot;credit&quot;:&quot;&quot;,&quot;camera&quot;:&quot;&quot;,&quot;caption&quot;:&quot;&quot;,&quot;created_timestamp&quot;:&quot;0&quot;,&quot;copyright&quot;:&quot;&quot;,&quot;focal_length&quot;:&quot;0&quot;,&quot;iso&quot;:&quot;0&quot;,&quot;shutter_speed&quot;:&quot;0&quot;,&quot;title&quot;:&quot;&quot;,&quot;orientation&quot;:&quot;0&quot;}\" data-image-title=\"SP Fashion Week N41 :: Karl Lagerfeld para Riachuelo-for-riachuelo-spfw-verao17-detalhes-01-654&#215;983\" data-image-description=\"\" data-image-caption=\"&lt;p&gt;SP Fashion Week N41 :: Karl Lagerfeld para Riachuelo&lt;\/p&gt;\n\" data-medium-file=\"https:\/\/i0.wp.com\/agrund.com\/wp-content\/uploads\/sites\/6\/2016\/04\/karllagerfeld-for-riachuelo-spfw-verao17-detalhes-01-654x983-e1461779521759.jpg?fit=200%2C300&amp;ssl=1\" data-large-file=\"https:\/\/i0.wp.com\/agrund.com\/wp-content\/uploads\/sites\/6\/2016\/04\/karllagerfeld-for-riachuelo-spfw-verao17-detalhes-01-654x983-e1461779521759.jpg?fit=570%2C857&amp;ssl=1\" decoding=\"async\" loading=\"lazy\" class=\"size-full wp-image-148545\" src=\"https:\/\/i0.wp.com\/www.agrund.com\/wp-content\/uploads\/sites\/6\/2016\/04\/karllagerfeld-for-riachuelo-spfw-verao17-detalhes-01-654x983-e1461779521759.jpg?resize=570%2C857\" alt=\"SP Fashion Week N41 :: Karl Lagerfeld para Riachuelo\" width=\"570\" height=\"857\" data-recalc-dims=\"1\" \/><p id=\"caption-attachment-148545\" class=\"wp-caption-text\">SP Fashion Week N41 :: Karl Lagerfeld para Riachuelo<\/p><\/div>\n<div id=\"attachment_148546\" style=\"width: 580px\" class=\"wp-caption aligncenter\"><img aria-describedby=\"caption-attachment-148546\" data-attachment-id=\"148546\" data-permalink=\"https:\/\/agrund.com\/index.php\/sp-fashion-week-n41-karl-lagerfeld-para-riachuelo\/karllagerfeld-for-riachuelo-spfw-verao17-detalhes-03-654x983\/\" data-orig-file=\"https:\/\/i0.wp.com\/agrund.com\/wp-content\/uploads\/sites\/6\/2016\/04\/karllagerfeld-for-riachuelo-spfw-verao17-detalhes-03-654x983-e1461779616487.jpg?fit=570%2C857&amp;ssl=1\" data-orig-size=\"570,857\" data-comments-opened=\"1\" data-image-meta=\"{&quot;aperture&quot;:&quot;0&quot;,&quot;credit&quot;:&quot;&quot;,&quot;camera&quot;:&quot;&quot;,&quot;caption&quot;:&quot;&quot;,&quot;created_timestamp&quot;:&quot;0&quot;,&quot;copyright&quot;:&quot;&quot;,&quot;focal_length&quot;:&quot;0&quot;,&quot;iso&quot;:&quot;0&quot;,&quot;shutter_speed&quot;:&quot;0&quot;,&quot;title&quot;:&quot;&quot;,&quot;orientation&quot;:&quot;0&quot;}\" data-image-title=\"SP Fashion Week N41 :: Karl Lagerfeld para Riachuelo\" data-image-description=\"\" data-image-caption=\"&lt;p&gt;SP Fashion Week N41 :: Karl Lagerfeld para Riachuelo&lt;\/p&gt;\n\" data-medium-file=\"https:\/\/i0.wp.com\/agrund.com\/wp-content\/uploads\/sites\/6\/2016\/04\/karllagerfeld-for-riachuelo-spfw-verao17-detalhes-03-654x983-e1461779616487.jpg?fit=200%2C300&amp;ssl=1\" data-large-file=\"https:\/\/i0.wp.com\/agrund.com\/wp-content\/uploads\/sites\/6\/2016\/04\/karllagerfeld-for-riachuelo-spfw-verao17-detalhes-03-654x983-e1461779616487.jpg?fit=570%2C857&amp;ssl=1\" decoding=\"async\" loading=\"lazy\" class=\"size-full wp-image-148546\" src=\"https:\/\/i0.wp.com\/www.agrund.com\/wp-content\/uploads\/sites\/6\/2016\/04\/karllagerfeld-for-riachuelo-spfw-verao17-detalhes-03-654x983-e1461779616487.jpg?resize=570%2C857\" alt=\"SP Fashion Week N41 :: Karl Lagerfeld para Riachuelo\" width=\"570\" height=\"857\" data-recalc-dims=\"1\" \/><p id=\"caption-attachment-148546\" class=\"wp-caption-text\">SP Fashion Week N41 :: Karl Lagerfeld para Riachuelo<\/p><\/div>\n<div id=\"attachment_148547\" style=\"width: 580px\" class=\"wp-caption aligncenter\"><img aria-describedby=\"caption-attachment-148547\" data-attachment-id=\"148547\" data-permalink=\"https:\/\/agrund.com\/index.php\/sp-fashion-week-n41-karl-lagerfeld-para-riachuelo\/karllagerfeld-for-riachuelo-spfw-verao17-detalhes-06-654x983\/\" data-orig-file=\"https:\/\/i0.wp.com\/agrund.com\/wp-content\/uploads\/sites\/6\/2016\/04\/karllagerfeld-for-riachuelo-spfw-verao17-detalhes-06-654x983-e1461779631330.jpg?fit=570%2C857&amp;ssl=1\" data-orig-size=\"570,857\" data-comments-opened=\"1\" data-image-meta=\"{&quot;aperture&quot;:&quot;0&quot;,&quot;credit&quot;:&quot;&quot;,&quot;camera&quot;:&quot;&quot;,&quot;caption&quot;:&quot;&quot;,&quot;created_timestamp&quot;:&quot;0&quot;,&quot;copyright&quot;:&quot;&quot;,&quot;focal_length&quot;:&quot;0&quot;,&quot;iso&quot;:&quot;0&quot;,&quot;shutter_speed&quot;:&quot;0&quot;,&quot;title&quot;:&quot;&quot;,&quot;orientation&quot;:&quot;0&quot;}\" data-image-title=\"SP Fashion Week N41 :: Karl Lagerfeld para Riachuelo\" data-image-description=\"\" data-image-caption=\"&lt;p&gt;SP Fashion Week N41 :: Karl Lagerfeld para Riachuelo&lt;\/p&gt;\n\" data-medium-file=\"https:\/\/i0.wp.com\/agrund.com\/wp-content\/uploads\/sites\/6\/2016\/04\/karllagerfeld-for-riachuelo-spfw-verao17-detalhes-06-654x983-e1461779631330.jpg?fit=200%2C300&amp;ssl=1\" data-large-file=\"https:\/\/i0.wp.com\/agrund.com\/wp-content\/uploads\/sites\/6\/2016\/04\/karllagerfeld-for-riachuelo-spfw-verao17-detalhes-06-654x983-e1461779631330.jpg?fit=570%2C857&amp;ssl=1\" decoding=\"async\" loading=\"lazy\" class=\"size-full wp-image-148547\" src=\"https:\/\/i0.wp.com\/www.agrund.com\/wp-content\/uploads\/sites\/6\/2016\/04\/karllagerfeld-for-riachuelo-spfw-verao17-detalhes-06-654x983-e1461779631330.jpg?resize=570%2C857\" alt=\"SP Fashion Week N41 :: Karl Lagerfeld para Riachuelo\" width=\"570\" height=\"857\" data-recalc-dims=\"1\" \/><p id=\"caption-attachment-148547\" class=\"wp-caption-text\">SP Fashion Week N41 :: Karl Lagerfeld para Riachuelo<\/p><\/div>\n<div id=\"attachment_148548\" style=\"width: 580px\" class=\"wp-caption aligncenter\"><img aria-describedby=\"caption-attachment-148548\" data-attachment-id=\"148548\" data-permalink=\"https:\/\/agrund.com\/index.php\/sp-fashion-week-n41-karl-lagerfeld-para-riachuelo\/karllagerfeld-for-riachuelo-spfw-verao17-detalhes-07-654x983\/\" data-orig-file=\"https:\/\/i0.wp.com\/agrund.com\/wp-content\/uploads\/sites\/6\/2016\/04\/karllagerfeld-for-riachuelo-spfw-verao17-detalhes-07-654x983-e1461779645138.jpg?fit=570%2C857&amp;ssl=1\" data-orig-size=\"570,857\" data-comments-opened=\"1\" data-image-meta=\"{&quot;aperture&quot;:&quot;0&quot;,&quot;credit&quot;:&quot;&quot;,&quot;camera&quot;:&quot;&quot;,&quot;caption&quot;:&quot;&quot;,&quot;created_timestamp&quot;:&quot;0&quot;,&quot;copyright&quot;:&quot;&quot;,&quot;focal_length&quot;:&quot;0&quot;,&quot;iso&quot;:&quot;0&quot;,&quot;shutter_speed&quot;:&quot;0&quot;,&quot;title&quot;:&quot;&quot;,&quot;orientation&quot;:&quot;0&quot;}\" data-image-title=\"SP Fashion Week N41 :: Karl Lagerfeld para Riachuelo\" data-image-description=\"\" data-image-caption=\"&lt;p&gt;SP Fashion Week N41 :: Karl Lagerfeld para Riachuelo&lt;\/p&gt;\n\" data-medium-file=\"https:\/\/i0.wp.com\/agrund.com\/wp-content\/uploads\/sites\/6\/2016\/04\/karllagerfeld-for-riachuelo-spfw-verao17-detalhes-07-654x983-e1461779645138.jpg?fit=200%2C300&amp;ssl=1\" data-large-file=\"https:\/\/i0.wp.com\/agrund.com\/wp-content\/uploads\/sites\/6\/2016\/04\/karllagerfeld-for-riachuelo-spfw-verao17-detalhes-07-654x983-e1461779645138.jpg?fit=570%2C857&amp;ssl=1\" decoding=\"async\" loading=\"lazy\" class=\"size-full wp-image-148548\" src=\"https:\/\/i0.wp.com\/www.agrund.com\/wp-content\/uploads\/sites\/6\/2016\/04\/karllagerfeld-for-riachuelo-spfw-verao17-detalhes-07-654x983-e1461779645138.jpg?resize=570%2C857\" alt=\"SP Fashion Week N41 :: Karl Lagerfeld para Riachuelo\" width=\"570\" height=\"857\" data-recalc-dims=\"1\" \/><p id=\"caption-attachment-148548\" class=\"wp-caption-text\">SP Fashion Week N41 :: Karl Lagerfeld para Riachuelo<\/p><\/div>\n<div id=\"attachment_148549\" style=\"width: 580px\" class=\"wp-caption aligncenter\"><img aria-describedby=\"caption-attachment-148549\" data-attachment-id=\"148549\" data-permalink=\"https:\/\/agrund.com\/index.php\/sp-fashion-week-n41-karl-lagerfeld-para-riachuelo\/karllagerfeld-for-riachuelo-spfw-verao17-detalhes-24-654x983\/\" data-orig-file=\"https:\/\/i0.wp.com\/agrund.com\/wp-content\/uploads\/sites\/6\/2016\/04\/karllagerfeld-for-riachuelo-spfw-verao17-detalhes-24-654x983-e1461779661527.jpg?fit=570%2C857&amp;ssl=1\" data-orig-size=\"570,857\" data-comments-opened=\"1\" data-image-meta=\"{&quot;aperture&quot;:&quot;0&quot;,&quot;credit&quot;:&quot;&quot;,&quot;camera&quot;:&quot;&quot;,&quot;caption&quot;:&quot;&quot;,&quot;created_timestamp&quot;:&quot;0&quot;,&quot;copyright&quot;:&quot;&quot;,&quot;focal_length&quot;:&quot;0&quot;,&quot;iso&quot;:&quot;0&quot;,&quot;shutter_speed&quot;:&quot;0&quot;,&quot;title&quot;:&quot;&quot;,&quot;orientation&quot;:&quot;0&quot;}\" data-image-title=\"SP Fashion Week N41 :: Karl Lagerfeld para Riachuelo\" data-image-description=\"\" data-image-caption=\"&lt;p&gt;SP Fashion Week N41 :: Karl Lagerfeld para Riachuelo&lt;\/p&gt;\n\" data-medium-file=\"https:\/\/i0.wp.com\/agrund.com\/wp-content\/uploads\/sites\/6\/2016\/04\/karllagerfeld-for-riachuelo-spfw-verao17-detalhes-24-654x983-e1461779661527.jpg?fit=200%2C300&amp;ssl=1\" data-large-file=\"https:\/\/i0.wp.com\/agrund.com\/wp-content\/uploads\/sites\/6\/2016\/04\/karllagerfeld-for-riachuelo-spfw-verao17-detalhes-24-654x983-e1461779661527.jpg?fit=570%2C857&amp;ssl=1\" decoding=\"async\" loading=\"lazy\" class=\"size-full wp-image-148549\" src=\"https:\/\/i0.wp.com\/www.agrund.com\/wp-content\/uploads\/sites\/6\/2016\/04\/karllagerfeld-for-riachuelo-spfw-verao17-detalhes-24-654x983-e1461779661527.jpg?resize=570%2C857\" alt=\"SP Fashion Week N41 :: Karl Lagerfeld para Riachuelo\" width=\"570\" height=\"857\" data-recalc-dims=\"1\" \/><p id=\"caption-attachment-148549\" class=\"wp-caption-text\">SP Fashion Week N41 :: Karl Lagerfeld para Riachuelo<\/p><\/div>\n<div id=\"attachment_148550\" style=\"width: 580px\" class=\"wp-caption aligncenter\"><img aria-describedby=\"caption-attachment-148550\" data-attachment-id=\"148550\" data-permalink=\"https:\/\/agrund.com\/index.php\/sp-fashion-week-n41-karl-lagerfeld-para-riachuelo\/karllagerfeld-for-riachuelo-spfw-verao17-detalhes-27-654x983\/\" data-orig-file=\"https:\/\/i0.wp.com\/agrund.com\/wp-content\/uploads\/sites\/6\/2016\/04\/karllagerfeld-for-riachuelo-spfw-verao17-detalhes-27-654x983-e1461779679421.jpg?fit=570%2C857&amp;ssl=1\" data-orig-size=\"570,857\" data-comments-opened=\"1\" data-image-meta=\"{&quot;aperture&quot;:&quot;0&quot;,&quot;credit&quot;:&quot;&quot;,&quot;camera&quot;:&quot;&quot;,&quot;caption&quot;:&quot;&quot;,&quot;created_timestamp&quot;:&quot;0&quot;,&quot;copyright&quot;:&quot;&quot;,&quot;focal_length&quot;:&quot;0&quot;,&quot;iso&quot;:&quot;0&quot;,&quot;shutter_speed&quot;:&quot;0&quot;,&quot;title&quot;:&quot;&quot;,&quot;orientation&quot;:&quot;0&quot;}\" data-image-title=\"SP Fashion Week N41 :: Karl Lagerfeld para Riachuelo\" data-image-description=\"\" data-image-caption=\"&lt;p&gt;SP Fashion Week N41 :: Karl Lagerfeld para Riachuelo&lt;\/p&gt;\n\" data-medium-file=\"https:\/\/i0.wp.com\/agrund.com\/wp-content\/uploads\/sites\/6\/2016\/04\/karllagerfeld-for-riachuelo-spfw-verao17-detalhes-27-654x983-e1461779679421.jpg?fit=200%2C300&amp;ssl=1\" data-large-file=\"https:\/\/i0.wp.com\/agrund.com\/wp-content\/uploads\/sites\/6\/2016\/04\/karllagerfeld-for-riachuelo-spfw-verao17-detalhes-27-654x983-e1461779679421.jpg?fit=570%2C857&amp;ssl=1\" decoding=\"async\" loading=\"lazy\" class=\"size-full wp-image-148550\" src=\"https:\/\/i0.wp.com\/www.agrund.com\/wp-content\/uploads\/sites\/6\/2016\/04\/karllagerfeld-for-riachuelo-spfw-verao17-detalhes-27-654x983-e1461779679421.jpg?resize=570%2C857\" alt=\"SP Fashion Week N41 :: Karl Lagerfeld para Riachuelo\" width=\"570\" height=\"857\" data-recalc-dims=\"1\" \/><p id=\"caption-attachment-148550\" class=\"wp-caption-text\">SP Fashion Week N41 :: Karl Lagerfeld para Riachuelo<\/p><\/div>\n<div id=\"attachment_148551\" style=\"width: 580px\" class=\"wp-caption aligncenter\"><img aria-describedby=\"caption-attachment-148551\" data-attachment-id=\"148551\" data-permalink=\"https:\/\/agrund.com\/index.php\/sp-fashion-week-n41-karl-lagerfeld-para-riachuelo\/karllagerfeld-for-riachuelo-spfw-verao17-detalhes-29-654x983\/\" data-orig-file=\"https:\/\/i0.wp.com\/agrund.com\/wp-content\/uploads\/sites\/6\/2016\/04\/karllagerfeld-for-riachuelo-spfw-verao17-detalhes-29-654x983-e1461779693499.jpg?fit=570%2C857&amp;ssl=1\" data-orig-size=\"570,857\" data-comments-opened=\"1\" data-image-meta=\"{&quot;aperture&quot;:&quot;0&quot;,&quot;credit&quot;:&quot;&quot;,&quot;camera&quot;:&quot;&quot;,&quot;caption&quot;:&quot;&quot;,&quot;created_timestamp&quot;:&quot;0&quot;,&quot;copyright&quot;:&quot;&quot;,&quot;focal_length&quot;:&quot;0&quot;,&quot;iso&quot;:&quot;0&quot;,&quot;shutter_speed&quot;:&quot;0&quot;,&quot;title&quot;:&quot;&quot;,&quot;orientation&quot;:&quot;0&quot;}\" data-image-title=\"SP Fashion Week N41 :: Karl Lagerfeld para Riachuelo\" data-image-description=\"\" data-image-caption=\"&lt;p&gt;SP Fashion Week N41 :: Karl Lagerfeld para Riachuelo&lt;\/p&gt;\n\" data-medium-file=\"https:\/\/i0.wp.com\/agrund.com\/wp-content\/uploads\/sites\/6\/2016\/04\/karllagerfeld-for-riachuelo-spfw-verao17-detalhes-29-654x983-e1461779693499.jpg?fit=200%2C300&amp;ssl=1\" data-large-file=\"https:\/\/i0.wp.com\/agrund.com\/wp-content\/uploads\/sites\/6\/2016\/04\/karllagerfeld-for-riachuelo-spfw-verao17-detalhes-29-654x983-e1461779693499.jpg?fit=570%2C857&amp;ssl=1\" decoding=\"async\" loading=\"lazy\" class=\"size-full wp-image-148551\" src=\"https:\/\/i0.wp.com\/www.agrund.com\/wp-content\/uploads\/sites\/6\/2016\/04\/karllagerfeld-for-riachuelo-spfw-verao17-detalhes-29-654x983-e1461779693499.jpg?resize=570%2C857\" alt=\"SP Fashion Week N41 :: Karl Lagerfeld para Riachuelo\" width=\"570\" height=\"857\" data-recalc-dims=\"1\" \/><p id=\"caption-attachment-148551\" class=\"wp-caption-text\">SP Fashion Week N41 :: Karl Lagerfeld para Riachuelo<\/p><\/div>\n<div id=\"attachment_148552\" style=\"width: 580px\" class=\"wp-caption aligncenter\"><img aria-describedby=\"caption-attachment-148552\" data-attachment-id=\"148552\" data-permalink=\"https:\/\/agrund.com\/index.php\/sp-fashion-week-n41-karl-lagerfeld-para-riachuelo\/karllagerfeld-for-riachuelo-spfw-verao17-detalhes-32-654x983\/\" data-orig-file=\"https:\/\/i0.wp.com\/agrund.com\/wp-content\/uploads\/sites\/6\/2016\/04\/karllagerfeld-for-riachuelo-spfw-verao17-detalhes-32-654x983-e1461779716855.jpg?fit=570%2C857&amp;ssl=1\" data-orig-size=\"570,857\" data-comments-opened=\"1\" data-image-meta=\"{&quot;aperture&quot;:&quot;0&quot;,&quot;credit&quot;:&quot;&quot;,&quot;camera&quot;:&quot;&quot;,&quot;caption&quot;:&quot;&quot;,&quot;created_timestamp&quot;:&quot;0&quot;,&quot;copyright&quot;:&quot;&quot;,&quot;focal_length&quot;:&quot;0&quot;,&quot;iso&quot;:&quot;0&quot;,&quot;shutter_speed&quot;:&quot;0&quot;,&quot;title&quot;:&quot;&quot;,&quot;orientation&quot;:&quot;0&quot;}\" data-image-title=\"SP Fashion Week N41 :: Karl Lagerfeld para Riachuelo\" data-image-description=\"\" data-image-caption=\"&lt;p&gt;SP Fashion Week N41 :: Karl Lagerfeld para Riachuelo&lt;\/p&gt;\n\" data-medium-file=\"https:\/\/i0.wp.com\/agrund.com\/wp-content\/uploads\/sites\/6\/2016\/04\/karllagerfeld-for-riachuelo-spfw-verao17-detalhes-32-654x983-e1461779716855.jpg?fit=200%2C300&amp;ssl=1\" data-large-file=\"https:\/\/i0.wp.com\/agrund.com\/wp-content\/uploads\/sites\/6\/2016\/04\/karllagerfeld-for-riachuelo-spfw-verao17-detalhes-32-654x983-e1461779716855.jpg?fit=570%2C857&amp;ssl=1\" decoding=\"async\" loading=\"lazy\" class=\"size-full wp-image-148552\" src=\"https:\/\/i0.wp.com\/www.agrund.com\/wp-content\/uploads\/sites\/6\/2016\/04\/karllagerfeld-for-riachuelo-spfw-verao17-detalhes-32-654x983-e1461779716855.jpg?resize=570%2C857\" alt=\"SP Fashion Week N41 :: Karl Lagerfeld para Riachuelo\" width=\"570\" height=\"857\" data-recalc-dims=\"1\" \/><p id=\"caption-attachment-148552\" class=\"wp-caption-text\">SP Fashion Week N41 :: Karl Lagerfeld para Riachuelo<\/p><\/div>\n<div id=\"attachment_148553\" style=\"width: 580px\" class=\"wp-caption aligncenter\"><img aria-describedby=\"caption-attachment-148553\" data-attachment-id=\"148553\" data-permalink=\"https:\/\/agrund.com\/index.php\/sp-fashion-week-n41-karl-lagerfeld-para-riachuelo\/karllagerfeld-for-riachuelo-spfw-verao17-detalhes-34-654x983\/\" data-orig-file=\"https:\/\/i0.wp.com\/agrund.com\/wp-content\/uploads\/sites\/6\/2016\/04\/karllagerfeld-for-riachuelo-spfw-verao17-detalhes-34-654x983-e1461779730606.jpg?fit=570%2C857&amp;ssl=1\" data-orig-size=\"570,857\" data-comments-opened=\"1\" data-image-meta=\"{&quot;aperture&quot;:&quot;0&quot;,&quot;credit&quot;:&quot;&quot;,&quot;camera&quot;:&quot;&quot;,&quot;caption&quot;:&quot;&quot;,&quot;created_timestamp&quot;:&quot;0&quot;,&quot;copyright&quot;:&quot;&quot;,&quot;focal_length&quot;:&quot;0&quot;,&quot;iso&quot;:&quot;0&quot;,&quot;shutter_speed&quot;:&quot;0&quot;,&quot;title&quot;:&quot;&quot;,&quot;orientation&quot;:&quot;0&quot;}\" data-image-title=\"SP Fashion Week N41 :: Karl Lagerfeld para Riachuelo\" data-image-description=\"\" data-image-caption=\"&lt;p&gt;SP Fashion Week N41 :: Karl Lagerfeld para Riachuelo&lt;\/p&gt;\n\" data-medium-file=\"https:\/\/i0.wp.com\/agrund.com\/wp-content\/uploads\/sites\/6\/2016\/04\/karllagerfeld-for-riachuelo-spfw-verao17-detalhes-34-654x983-e1461779730606.jpg?fit=200%2C300&amp;ssl=1\" data-large-file=\"https:\/\/i0.wp.com\/agrund.com\/wp-content\/uploads\/sites\/6\/2016\/04\/karllagerfeld-for-riachuelo-spfw-verao17-detalhes-34-654x983-e1461779730606.jpg?fit=570%2C857&amp;ssl=1\" decoding=\"async\" loading=\"lazy\" class=\"size-full wp-image-148553\" src=\"https:\/\/i0.wp.com\/www.agrund.com\/wp-content\/uploads\/sites\/6\/2016\/04\/karllagerfeld-for-riachuelo-spfw-verao17-detalhes-34-654x983-e1461779730606.jpg?resize=570%2C857\" alt=\"SP Fashion Week N41 :: Karl Lagerfeld para Riachuelo\" width=\"570\" height=\"857\" data-recalc-dims=\"1\" \/><p id=\"caption-attachment-148553\" class=\"wp-caption-text\">SP Fashion Week N41 :: Karl Lagerfeld para Riachuelo<\/p><\/div>\n<div id=\"attachment_148554\" style=\"width: 580px\" class=\"wp-caption aligncenter\"><img aria-describedby=\"caption-attachment-148554\" data-attachment-id=\"148554\" data-permalink=\"https:\/\/agrund.com\/index.php\/sp-fashion-week-n41-karl-lagerfeld-para-riachuelo\/karllagerfeld-for-riachuelo-spfw-verao17-detalhes-36-654x983\/\" data-orig-file=\"https:\/\/i0.wp.com\/agrund.com\/wp-content\/uploads\/sites\/6\/2016\/04\/karllagerfeld-for-riachuelo-spfw-verao17-detalhes-36-654x983-e1461779760378.jpg?fit=570%2C857&amp;ssl=1\" data-orig-size=\"570,857\" data-comments-opened=\"1\" data-image-meta=\"{&quot;aperture&quot;:&quot;0&quot;,&quot;credit&quot;:&quot;&quot;,&quot;camera&quot;:&quot;&quot;,&quot;caption&quot;:&quot;&quot;,&quot;created_timestamp&quot;:&quot;0&quot;,&quot;copyright&quot;:&quot;&quot;,&quot;focal_length&quot;:&quot;0&quot;,&quot;iso&quot;:&quot;0&quot;,&quot;shutter_speed&quot;:&quot;0&quot;,&quot;title&quot;:&quot;&quot;,&quot;orientation&quot;:&quot;0&quot;}\" data-image-title=\"SP Fashion Week N41 :: Karl Lagerfeld para Riachuelo\" data-image-description=\"\" data-image-caption=\"&lt;p&gt;SP Fashion Week N41 :: Karl Lagerfeld para Riachuelo&lt;\/p&gt;\n\" data-medium-file=\"https:\/\/i0.wp.com\/agrund.com\/wp-content\/uploads\/sites\/6\/2016\/04\/karllagerfeld-for-riachuelo-spfw-verao17-detalhes-36-654x983-e1461779760378.jpg?fit=200%2C300&amp;ssl=1\" data-large-file=\"https:\/\/i0.wp.com\/agrund.com\/wp-content\/uploads\/sites\/6\/2016\/04\/karllagerfeld-for-riachuelo-spfw-verao17-detalhes-36-654x983-e1461779760378.jpg?fit=570%2C857&amp;ssl=1\" decoding=\"async\" loading=\"lazy\" class=\"size-full wp-image-148554\" src=\"https:\/\/i0.wp.com\/www.agrund.com\/wp-content\/uploads\/sites\/6\/2016\/04\/karllagerfeld-for-riachuelo-spfw-verao17-detalhes-36-654x983-e1461779760378.jpg?resize=570%2C857\" alt=\"SP Fashion Week N41 :: Karl Lagerfeld para Riachuelo\" width=\"570\" height=\"857\" data-recalc-dims=\"1\" \/><p id=\"caption-attachment-148554\" class=\"wp-caption-text\">SP Fashion Week N41 :: Karl Lagerfeld para Riachuelo<\/p><\/div>\n<p>Imagens:\u00a0Z\u00e9 Takahashi\/Ag. Fotosite.<\/p>\n","protected":false},"excerpt":{"rendered":"<p>Por Arlindo Grund Ontem foi comprovado aqui, na Bienal, que Karl Lagerfeld tem mesmo um poder que transcende seu talento criativo. O desfile de sua linha para Riachuelo foi realizado no segundo dia de S\u00e3o Paulo Fashion Week e reuniu um infinidade de fashionistas. O mais interessante foi &#8220;o veja agora, compre agora&#8221;. Ap\u00f3s a [&hellip;]<\/p>\n","protected":false},"author":8,"featured_media":148555,"comment_status":"open","ping_status":"open","sticky":false,"template":"","format":"standard","meta":{"jetpack_post_was_ever_published":false,"_jetpack_newsletter_access":"","jetpack_publicize_message":"","jetpack_is_tweetstorm":false,"jetpack_publicize_feature_enabled":true,"jetpack_social_post_already_shared":true,"jetpack_social_options":{"image_generator_settings":{"template":"highway","enabled":false}}},"categories":[18],"tags":[],"jetpack_publicize_connections":[],"jetpack_featured_media_url":"https:\/\/i0.wp.com\/agrund.com\/wp-content\/uploads\/sites\/6\/2016\/04\/s-134.jpg?fit=959%2C305&ssl=1","jetpack_sharing_enabled":true,"jetpack_shortlink":"https:\/\/wp.me\/p3Hz0n-CDS","jetpack_likes_enabled":true,"_links":{"self":[{"href":"https:\/\/agrund.com\/index.php\/wp-json\/wp\/v2\/posts\/148544"}],"collection":[{"href":"https:\/\/agrund.com\/index.php\/wp-json\/wp\/v2\/posts"}],"about":[{"href":"https:\/\/agrund.com\/index.php\/wp-json\/wp\/v2\/types\/post"}],"author":[{"embeddable":true,"href":"https:\/\/agrund.com\/index.php\/wp-json\/wp\/v2\/users\/8"}],"replies":[{"embeddable":true,"href":"https:\/\/agrund.com\/index.php\/wp-json\/wp\/v2\/comments?post=148544"}],"version-history":[{"count":0,"href":"https:\/\/agrund.com\/index.php\/wp-json\/wp\/v2\/posts\/148544\/revisions"}],"wp:featuredmedia":[{"embeddable":true,"href":"https:\/\/agrund.com\/index.php\/wp-json\/wp\/v2\/media\/148555"}],"wp:attachment":[{"href":"https:\/\/agrund.com\/index.php\/wp-json\/wp\/v2\/media?parent=148544"}],"wp:term":[{"taxonomy":"category","embeddable":true,"href":"https:\/\/agrund.com\/index.php\/wp-json\/wp\/v2\/categories?post=148544"},{"taxonomy":"post_tag","embeddable":true,"href":"https:\/\/agrund.com\/index.php\/wp-json\/wp\/v2\/tags?post=148544"}],"curies":[{"name":"wp","href":"https:\/\/api.w.org\/{rel}","templated":true}]}}