{"id":14627,"date":"2011-08-11T12:02:55","date_gmt":"2011-08-11T15:02:55","guid":{"rendered":"http:\/\/www.agrund.com\/blogs\/notas\/?p=14627"},"modified":"2011-08-11T12:02:55","modified_gmt":"2011-08-11T15:02:55","slug":"tommy-hilfiger-desfila-no-brasil","status":"publish","type":"post","link":"https:\/\/agrund.com\/index.php\/tommy-hilfiger-desfila-no-brasil\/","title":{"rendered":"Tommy Hilfiger Desfila No Brasil"},"content":{"rendered":"<p style=\"text-align: left\">Segunda-feira, dia 15 de agosto acontecer\u00e1 o primeiro desfile da Tommy Hilfiger em SP. A cole\u00e7\u00e3o apresentada chegar\u00e1 nas lojas brasileiras em setembro. Participam, tamb\u00e9m, a licenciada de \u00f3culos Casa S\u00e1filo &#8211; os \u00f3culos t\u00eam formas geom\u00e9tricas inspiradas nos anos 80, a Vivara, com os rel\u00f3gios e, a Neutrolab, com os perfumes &#8211; sucesso no Brasil com o lan\u00e7amento de 2011, Loud for him e Loud for her. E o agrund.com estar\u00e1 l\u00e1 cobrindo tudo para voc\u00eas! Por enquanto confira as fotos da campanha.<\/p>\n<p style=\"text-align: center\"><img decoding=\"async\" loading=\"lazy\" class=\"aligncenter size-full wp-image-14628\" src=\"https:\/\/i0.wp.com\/www.agrund.com\/arquivo\/notas\/files\/2011\/08\/134.jpg?resize=585%2C383\" alt=\"\" width=\"585\" height=\"383\" data-recalc-dims=\"1\" \/><\/p>\n<p style=\"text-align: center\"><img decoding=\"async\" loading=\"lazy\" class=\"aligncenter size-full wp-image-14629\" src=\"https:\/\/i0.wp.com\/www.agrund.com\/arquivo\/notas\/files\/2011\/08\/215.jpg?resize=588%2C396\" alt=\"\" width=\"588\" height=\"396\" data-recalc-dims=\"1\" \/><\/p>\n<p style=\"text-align: center\"><a href=\"https:\/\/i0.wp.com\/www.agrund.com\/files\/2011\/08\/38.jpg\"><img decoding=\"async\" loading=\"lazy\" class=\"aligncenter size-full wp-image-14630\" src=\"https:\/\/i0.wp.com\/www.agrund.com\/arquivo\/notas\/files\/2011\/08\/38.jpg?resize=578%2C379\" alt=\"\" width=\"578\" height=\"379\" data-recalc-dims=\"1\" \/><\/a><\/p>\n<p style=\"text-align: center\"><img decoding=\"async\" loading=\"lazy\" class=\"aligncenter size-full wp-image-14631\" src=\"https:\/\/i0.wp.com\/www.agrund.com\/arquivo\/notas\/files\/2011\/08\/49.jpg?resize=462%2C653\" alt=\"\" width=\"462\" height=\"653\" data-recalc-dims=\"1\" \/><\/p>\n","protected":false},"excerpt":{"rendered":"<p>Segunda-feira, dia 15 de agosto acontecer\u00e1 o primeiro desfile da Tommy Hilfiger em SP. A cole\u00e7\u00e3o apresentada chegar\u00e1 nas lojas brasileiras em setembro. Participam, tamb\u00e9m, a licenciada de \u00f3culos Casa S\u00e1filo &#8211; os \u00f3culos t\u00eam formas geom\u00e9tricas inspiradas nos anos 80, a Vivara, com os rel\u00f3gios e, a Neutrolab, com os perfumes &#8211; sucesso no [&hellip;]<\/p>\n","protected":false},"author":8,"featured_media":14628,"comment_status":"open","ping_status":"open","sticky":false,"template":"","format":"standard","meta":{"jetpack_post_was_ever_published":false,"_jetpack_newsletter_access":"","jetpack_publicize_message":"","jetpack_is_tweetstorm":false,"jetpack_publicize_feature_enabled":true,"jetpack_social_post_already_shared":false,"jetpack_social_options":{"image_generator_settings":{"template":"highway","enabled":false}}},"categories":[2],"tags":[],"jetpack_publicize_connections":[],"jetpack_featured_media_url":"","jetpack_sharing_enabled":true,"jetpack_shortlink":"https:\/\/wp.me\/p3Hz0n-3NV","jetpack_likes_enabled":true,"_links":{"self":[{"href":"https:\/\/agrund.com\/index.php\/wp-json\/wp\/v2\/posts\/14627"}],"collection":[{"href":"https:\/\/agrund.com\/index.php\/wp-json\/wp\/v2\/posts"}],"about":[{"href":"https:\/\/agrund.com\/index.php\/wp-json\/wp\/v2\/types\/post"}],"author":[{"embeddable":true,"href":"https:\/\/agrund.com\/index.php\/wp-json\/wp\/v2\/users\/8"}],"replies":[{"embeddable":true,"href":"https:\/\/agrund.com\/index.php\/wp-json\/wp\/v2\/comments?post=14627"}],"version-history":[{"count":0,"href":"https:\/\/agrund.com\/index.php\/wp-json\/wp\/v2\/posts\/14627\/revisions"}],"wp:featuredmedia":[{"embeddable":true,"href":"https:\/\/agrund.com\/index.php\/wp-json\/"}],"wp:attachment":[{"href":"https:\/\/agrund.com\/index.php\/wp-json\/wp\/v2\/media?parent=14627"}],"wp:term":[{"taxonomy":"category","embeddable":true,"href":"https:\/\/agrund.com\/index.php\/wp-json\/wp\/v2\/categories?post=14627"},{"taxonomy":"post_tag","embeddable":true,"href":"https:\/\/agrund.com\/index.php\/wp-json\/wp\/v2\/tags?post=14627"}],"curies":[{"name":"wp","href":"https:\/\/api.w.org\/{rel}","templated":true}]}}