{"id":144925,"date":"2016-02-25T16:00:07","date_gmt":"2016-02-25T19:00:07","guid":{"rendered":"http:\/\/www.agrund.com\/?p=144925"},"modified":"2016-02-25T10:46:31","modified_gmt":"2016-02-25T13:46:31","slug":"dicas-curtas-por-arlindo-grund-o-blazer-iii-2","status":"publish","type":"post","link":"https:\/\/agrund.com\/index.php\/dicas-curtas-por-arlindo-grund-o-blazer-iii-2\/","title":{"rendered":"Dicas Curtas Por Arlindo Grund :: O blazer III"},"content":{"rendered":"<p>\u200bQuer tirar o ar cl\u00e1ssico do blazer? Uma dica para acertar nesse exerc\u00edcio de reinven\u00e7\u00e3o \u00e9 combin\u00e1-lo com shorts e rasteirinha \u200b garantindo um resultado informal\u200b. E para quem quer inovar ainda mais vale investir em estampas tropicais ou \u00e9tnicas que t\u00eam tudo a ver com a temporada de primavera-ver\u00e3o. Que tal?<\/p>\n<div id=\"attachment_144926\" style=\"width: 570px\" class=\"wp-caption aligncenter\"><img aria-describedby=\"caption-attachment-144926\" data-attachment-id=\"144926\" data-permalink=\"https:\/\/agrund.com\/index.php\/dicas-curtas-por-arlindo-grund-o-blazer-iii-2\/shorts3-e1436895601592\/\" data-orig-file=\"https:\/\/i0.wp.com\/agrund.com\/wp-content\/uploads\/sites\/6\/2016\/02\/shorts3-e1436895601592.jpg?fit=560%2C303&amp;ssl=1\" data-orig-size=\"560,303\" data-comments-opened=\"1\" data-image-meta=\"{&quot;aperture&quot;:&quot;0&quot;,&quot;credit&quot;:&quot;&quot;,&quot;camera&quot;:&quot;&quot;,&quot;caption&quot;:&quot;&quot;,&quot;created_timestamp&quot;:&quot;0&quot;,&quot;copyright&quot;:&quot;&quot;,&quot;focal_length&quot;:&quot;0&quot;,&quot;iso&quot;:&quot;0&quot;,&quot;shutter_speed&quot;:&quot;0&quot;,&quot;title&quot;:&quot;&quot;,&quot;orientation&quot;:&quot;0&quot;}\" data-image-title=\"Dicas Curtas Por Arlindo Grund :: O blazer III\" data-image-description=\"\" data-image-caption=\"&lt;p&gt;Dicas Curtas Por Arlindo Grund :: O blazer III&lt;\/p&gt;\n\" data-medium-file=\"https:\/\/i0.wp.com\/agrund.com\/wp-content\/uploads\/sites\/6\/2016\/02\/shorts3-e1436895601592.jpg?fit=300%2C162&amp;ssl=1\" data-large-file=\"https:\/\/i0.wp.com\/agrund.com\/wp-content\/uploads\/sites\/6\/2016\/02\/shorts3-e1436895601592.jpg?fit=560%2C303&amp;ssl=1\" decoding=\"async\" loading=\"lazy\" class=\"size-full wp-image-144926\" src=\"https:\/\/i0.wp.com\/www.agrund.com\/wp-content\/uploads\/sites\/6\/2016\/02\/shorts3-e1436895601592.jpg?resize=560%2C303\" alt=\"Dicas Curtas Por Arlindo Grund :: O blazer III \" width=\"560\" height=\"303\" srcset=\"https:\/\/i0.wp.com\/agrund.com\/wp-content\/uploads\/sites\/6\/2016\/02\/shorts3-e1436895601592.jpg?w=560&amp;ssl=1 560w, https:\/\/i0.wp.com\/agrund.com\/wp-content\/uploads\/sites\/6\/2016\/02\/shorts3-e1436895601592.jpg?resize=300%2C162&amp;ssl=1 300w\" sizes=\"(max-width: 560px) 100vw, 560px\" data-recalc-dims=\"1\" \/><p id=\"caption-attachment-144926\" class=\"wp-caption-text\">Dicas Curtas Por Arlindo Grund :: O blazer III<\/p><\/div>\n<p>Imagens: Reprodu\u00e7\u00e3o.<\/p>\n","protected":false},"excerpt":{"rendered":"<p>\u200bQuer tirar o ar cl\u00e1ssico do blazer? Uma dica para acertar nesse exerc\u00edcio de reinven\u00e7\u00e3o \u00e9 combin\u00e1-lo com shorts e rasteirinha \u200b garantindo um resultado informal\u200b. E para quem quer inovar ainda mais vale investir em estampas tropicais ou \u00e9tnicas que t\u00eam tudo a ver com a temporada de primavera-ver\u00e3o. Que tal? Imagens: Reprodu\u00e7\u00e3o.<\/p>\n","protected":false},"author":8,"featured_media":144927,"comment_status":"open","ping_status":"open","sticky":false,"template":"","format":"standard","meta":{"jetpack_post_was_ever_published":false,"_jetpack_newsletter_access":"","jetpack_publicize_message":"","jetpack_is_tweetstorm":false,"jetpack_publicize_feature_enabled":true,"jetpack_social_post_already_shared":true,"jetpack_social_options":{"image_generator_settings":{"template":"highway","enabled":false}}},"categories":[4,2],"tags":[],"jetpack_publicize_connections":[],"jetpack_featured_media_url":"https:\/\/i0.wp.com\/agrund.com\/wp-content\/uploads\/sites\/6\/2016\/02\/s3.jpg?fit=960%2C300&ssl=1","jetpack_sharing_enabled":true,"jetpack_shortlink":"https:\/\/wp.me\/p3Hz0n-BHv","jetpack_likes_enabled":true,"_links":{"self":[{"href":"https:\/\/agrund.com\/index.php\/wp-json\/wp\/v2\/posts\/144925"}],"collection":[{"href":"https:\/\/agrund.com\/index.php\/wp-json\/wp\/v2\/posts"}],"about":[{"href":"https:\/\/agrund.com\/index.php\/wp-json\/wp\/v2\/types\/post"}],"author":[{"embeddable":true,"href":"https:\/\/agrund.com\/index.php\/wp-json\/wp\/v2\/users\/8"}],"replies":[{"embeddable":true,"href":"https:\/\/agrund.com\/index.php\/wp-json\/wp\/v2\/comments?post=144925"}],"version-history":[{"count":0,"href":"https:\/\/agrund.com\/index.php\/wp-json\/wp\/v2\/posts\/144925\/revisions"}],"wp:featuredmedia":[{"embeddable":true,"href":"https:\/\/agrund.com\/index.php\/wp-json\/wp\/v2\/media\/144927"}],"wp:attachment":[{"href":"https:\/\/agrund.com\/index.php\/wp-json\/wp\/v2\/media?parent=144925"}],"wp:term":[{"taxonomy":"category","embeddable":true,"href":"https:\/\/agrund.com\/index.php\/wp-json\/wp\/v2\/categories?post=144925"},{"taxonomy":"post_tag","embeddable":true,"href":"https:\/\/agrund.com\/index.php\/wp-json\/wp\/v2\/tags?post=144925"}],"curies":[{"name":"wp","href":"https:\/\/api.w.org\/{rel}","templated":true}]}}