{"id":144916,"date":"2016-02-25T12:00:56","date_gmt":"2016-02-25T15:00:56","guid":{"rendered":"http:\/\/www.agrund.com\/?p=144916"},"modified":"2016-02-25T10:39:46","modified_gmt":"2016-02-25T13:39:46","slug":"dicas-curtas-por-arlindo-grund-o-blazer-i-2","status":"publish","type":"post","link":"https:\/\/agrund.com\/index.php\/dicas-curtas-por-arlindo-grund-o-blazer-i-2\/","title":{"rendered":"Dicas Curtas por Arlindo Grund :: O blazer I"},"content":{"rendered":"<p>\u200bO b\u200blazer \u00e9 uma pe\u00e7a cl\u00e1ssica \u200b no guarda-roupa\u200b, principalmente no que diz respeitos aos looks para o trabalho. \u200bEnt\u00e3o \u200bque tal dar um toque de irrever\u00eancia nesse ambiente escolhendo\u200b cores \u200binusitadas?\u200b Aposte na combina\u00e7\u00e3o de tons neutros, como o preto e o branco, junto de cores vivas incluindo o vermelho, o azul e o verde (evite os fl\u00faos e os c\u00edtricos). \u200bE s\u200be voc\u00ea achar demais\u200b pode\u200b,\u200b por exemplo\u200b,\u200b apostar em um broche\u200b ou acess\u00f3rio em cores vibrantes para dar um up no visual!<\/p>\n<div id=\"attachment_144917\" style=\"width: 560px\" class=\"wp-caption aligncenter\"><img aria-describedby=\"caption-attachment-144917\" data-attachment-id=\"144917\" data-permalink=\"https:\/\/agrund.com\/index.php\/dicas-curtas-por-arlindo-grund-o-blazer-i-2\/dicas-blazer-colorido-3\/\" data-orig-file=\"https:\/\/i0.wp.com\/agrund.com\/wp-content\/uploads\/sites\/6\/2016\/02\/dicas-blazer-colorido.jpg?fit=550%2C535&amp;ssl=1\" data-orig-size=\"550,535\" data-comments-opened=\"1\" data-image-meta=\"{&quot;aperture&quot;:&quot;0&quot;,&quot;credit&quot;:&quot;&quot;,&quot;camera&quot;:&quot;&quot;,&quot;caption&quot;:&quot;&quot;,&quot;created_timestamp&quot;:&quot;0&quot;,&quot;copyright&quot;:&quot;&quot;,&quot;focal_length&quot;:&quot;0&quot;,&quot;iso&quot;:&quot;0&quot;,&quot;shutter_speed&quot;:&quot;0&quot;,&quot;title&quot;:&quot;&quot;,&quot;orientation&quot;:&quot;0&quot;}\" data-image-title=\"Dicas Curtas por Arlindo Grund :: O blazer I\" data-image-description=\"\" data-image-caption=\"&lt;p&gt;Dicas Curtas por Arlindo Grund :: O blazer I&lt;\/p&gt;\n\" data-medium-file=\"https:\/\/i0.wp.com\/agrund.com\/wp-content\/uploads\/sites\/6\/2016\/02\/dicas-blazer-colorido.jpg?fit=300%2C292&amp;ssl=1\" data-large-file=\"https:\/\/i0.wp.com\/agrund.com\/wp-content\/uploads\/sites\/6\/2016\/02\/dicas-blazer-colorido.jpg?fit=550%2C535&amp;ssl=1\" decoding=\"async\" loading=\"lazy\" class=\"size-full wp-image-144917\" src=\"https:\/\/i0.wp.com\/www.agrund.com\/wp-content\/uploads\/sites\/6\/2016\/02\/dicas-blazer-colorido.jpg?resize=550%2C535\" alt=\"Dicas Curtas por Arlindo Grund :: O blazer I \" width=\"550\" height=\"535\" srcset=\"https:\/\/i0.wp.com\/agrund.com\/wp-content\/uploads\/sites\/6\/2016\/02\/dicas-blazer-colorido.jpg?w=550&amp;ssl=1 550w, https:\/\/i0.wp.com\/agrund.com\/wp-content\/uploads\/sites\/6\/2016\/02\/dicas-blazer-colorido.jpg?resize=300%2C292&amp;ssl=1 300w\" sizes=\"(max-width: 550px) 100vw, 550px\" data-recalc-dims=\"1\" \/><p id=\"caption-attachment-144917\" class=\"wp-caption-text\">Dicas Curtas por Arlindo Grund :: O blazer I<\/p><\/div>\n<p>Imagens: Reprodu\u00e7\u00e3o.<\/p>\n","protected":false},"excerpt":{"rendered":"<p>\u200bO b\u200blazer \u00e9 uma pe\u00e7a cl\u00e1ssica \u200b no guarda-roupa\u200b, principalmente no que diz respeitos aos looks para o trabalho. \u200bEnt\u00e3o \u200bque tal dar um toque de irrever\u00eancia nesse ambiente escolhendo\u200b cores \u200binusitadas?\u200b Aposte na combina\u00e7\u00e3o de tons neutros, como o preto e o branco, junto de cores vivas incluindo o vermelho, o azul e o [&hellip;]<\/p>\n","protected":false},"author":8,"featured_media":144918,"comment_status":"open","ping_status":"open","sticky":false,"template":"","format":"standard","meta":{"jetpack_post_was_ever_published":false,"_jetpack_newsletter_access":"","jetpack_publicize_message":"","jetpack_is_tweetstorm":false,"jetpack_publicize_feature_enabled":true,"jetpack_social_post_already_shared":true,"jetpack_social_options":{"image_generator_settings":{"template":"highway","enabled":false}}},"categories":[4,2],"tags":[],"jetpack_publicize_connections":[],"jetpack_featured_media_url":"https:\/\/i0.wp.com\/agrund.com\/wp-content\/uploads\/sites\/6\/2016\/02\/s1-1.jpg?fit=960%2C300&ssl=1","jetpack_sharing_enabled":true,"jetpack_shortlink":"https:\/\/wp.me\/p3Hz0n-BHm","jetpack_likes_enabled":true,"_links":{"self":[{"href":"https:\/\/agrund.com\/index.php\/wp-json\/wp\/v2\/posts\/144916"}],"collection":[{"href":"https:\/\/agrund.com\/index.php\/wp-json\/wp\/v2\/posts"}],"about":[{"href":"https:\/\/agrund.com\/index.php\/wp-json\/wp\/v2\/types\/post"}],"author":[{"embeddable":true,"href":"https:\/\/agrund.com\/index.php\/wp-json\/wp\/v2\/users\/8"}],"replies":[{"embeddable":true,"href":"https:\/\/agrund.com\/index.php\/wp-json\/wp\/v2\/comments?post=144916"}],"version-history":[{"count":0,"href":"https:\/\/agrund.com\/index.php\/wp-json\/wp\/v2\/posts\/144916\/revisions"}],"wp:featuredmedia":[{"embeddable":true,"href":"https:\/\/agrund.com\/index.php\/wp-json\/wp\/v2\/media\/144918"}],"wp:attachment":[{"href":"https:\/\/agrund.com\/index.php\/wp-json\/wp\/v2\/media?parent=144916"}],"wp:term":[{"taxonomy":"category","embeddable":true,"href":"https:\/\/agrund.com\/index.php\/wp-json\/wp\/v2\/categories?post=144916"},{"taxonomy":"post_tag","embeddable":true,"href":"https:\/\/agrund.com\/index.php\/wp-json\/wp\/v2\/tags?post=144916"}],"curies":[{"name":"wp","href":"https:\/\/api.w.org\/{rel}","templated":true}]}}