{"id":14300,"date":"2011-08-04T11:38:26","date_gmt":"2011-08-04T14:38:26","guid":{"rendered":"http:\/\/www.agrund.com\/blogs\/notas\/?p=14300"},"modified":"2011-08-04T11:38:26","modified_gmt":"2011-08-04T14:38:26","slug":"la-perla-provocante","status":"publish","type":"post","link":"https:\/\/agrund.com\/index.php\/la-perla-provocante\/","title":{"rendered":"La Perla Provocante"},"content":{"rendered":"<p>Lembra aquele suit\u00e3 ic\u00f4nico que Madonna usou na sua turn\u00ea Blond Ambition em 1990? E que gerou todo aquele burburinho junto com a sua performance de Like A Virgin? Pois bem foi Jean-Paul Gaultier que criou. At\u00e9 a\u00ed nenhuma novidade.<\/p>\n<p>O que tem de novo \u00e9 que o designer franc\u00eas criou uma linha provocante de lingerie para a La perla.<\/p>\n<p>Ele disse \u00e0 revista Wedding Style que a colabora\u00e7\u00e3o estava prestes a acontecer, acrescentando: &#8220;Lingerie \u00e9 parte do meu DNA. Sempre usei e minhas cole\u00e7\u00f5es. Na La Perla encontrei a parceria perfeita\u201d.<\/p>\n<p>Gaultier inaugurou, recentemente, uma retrospectiva de sua carreira no Museu de Belas Artes de Montreal, no Canad\u00e1, onde admitiu que criou seu primeiro modelo de suti\u00e3 em formato de cone para seus brinquedos de pel\u00facia.<\/p>\n<p>A cole\u00e7\u00e3o de lingerie de Gaultier para a La Perla ser\u00e1 vendida tanto nas boutiques Jean-Paul Gaultier de todo o mundo como nas lojas La Perla.<\/p>\n<p style=\"text-align: center\"><img decoding=\"async\" loading=\"lazy\" class=\"aligncenter size-full wp-image-14301\" src=\"https:\/\/i0.wp.com\/www.agrund.com\/arquivo\/notas\/files\/2011\/08\/118.jpg?resize=378%2C493\" alt=\"\" width=\"378\" height=\"493\" data-recalc-dims=\"1\" \/><\/p>\n<p style=\"text-align: left\">Foto: Reprodu\u00e7\u00e3o.<\/p>\n","protected":false},"excerpt":{"rendered":"<p>Lembra aquele suit\u00e3 ic\u00f4nico que Madonna usou na sua turn\u00ea Blond Ambition em 1990? E que gerou todo aquele burburinho junto com a sua performance de Like A Virgin? Pois bem foi Jean-Paul Gaultier que criou. At\u00e9 a\u00ed nenhuma novidade. O que tem de novo \u00e9 que o designer franc\u00eas criou uma linha provocante de [&hellip;]<\/p>\n","protected":false},"author":8,"featured_media":14301,"comment_status":"open","ping_status":"open","sticky":false,"template":"","format":"standard","meta":{"jetpack_post_was_ever_published":false,"_jetpack_newsletter_access":"","jetpack_publicize_message":"","jetpack_is_tweetstorm":false,"jetpack_publicize_feature_enabled":true,"jetpack_social_post_already_shared":false,"jetpack_social_options":{"image_generator_settings":{"template":"highway","enabled":false}}},"categories":[2],"tags":[],"jetpack_publicize_connections":[],"jetpack_featured_media_url":"","jetpack_sharing_enabled":true,"jetpack_shortlink":"https:\/\/wp.me\/p3Hz0n-3IE","jetpack_likes_enabled":true,"_links":{"self":[{"href":"https:\/\/agrund.com\/index.php\/wp-json\/wp\/v2\/posts\/14300"}],"collection":[{"href":"https:\/\/agrund.com\/index.php\/wp-json\/wp\/v2\/posts"}],"about":[{"href":"https:\/\/agrund.com\/index.php\/wp-json\/wp\/v2\/types\/post"}],"author":[{"embeddable":true,"href":"https:\/\/agrund.com\/index.php\/wp-json\/wp\/v2\/users\/8"}],"replies":[{"embeddable":true,"href":"https:\/\/agrund.com\/index.php\/wp-json\/wp\/v2\/comments?post=14300"}],"version-history":[{"count":0,"href":"https:\/\/agrund.com\/index.php\/wp-json\/wp\/v2\/posts\/14300\/revisions"}],"wp:featuredmedia":[{"embeddable":true,"href":"https:\/\/agrund.com\/index.php\/wp-json\/"}],"wp:attachment":[{"href":"https:\/\/agrund.com\/index.php\/wp-json\/wp\/v2\/media?parent=14300"}],"wp:term":[{"taxonomy":"category","embeddable":true,"href":"https:\/\/agrund.com\/index.php\/wp-json\/wp\/v2\/categories?post=14300"},{"taxonomy":"post_tag","embeddable":true,"href":"https:\/\/agrund.com\/index.php\/wp-json\/wp\/v2\/tags?post=14300"}],"curies":[{"name":"wp","href":"https:\/\/api.w.org\/{rel}","templated":true}]}}