{"id":14294,"date":"2011-08-04T10:33:11","date_gmt":"2011-08-04T13:33:11","guid":{"rendered":"http:\/\/www.agrund.com\/blogs\/notas\/?p=14294"},"modified":"2011-08-04T10:33:11","modified_gmt":"2011-08-04T13:33:11","slug":"as-mais-bem-vestidas","status":"publish","type":"post","link":"https:\/\/agrund.com\/index.php\/as-mais-bem-vestidas\/","title":{"rendered":"As Mais Bem Vestidas"},"content":{"rendered":"<p>A Duquesa Catherine foi eleita uma das mulheres bem mais vestidas do mundo pela revista Vanity Fair. E n\u00e3o \u00e9 por menos a Princesa arrasa nas suas apari\u00e7\u00f5es e n\u00e3o t\u00e1 nem a\u00ed quando o assunto \u00e9 repetir o modelo. Chic demais! E foi por isso que ela est\u00e1 no topo da lista ao lado de Carey Mulligan, Tilda Swinton e da princesa Charlene de M\u00f4naco. \u00c9 a segunda vez que Catherine participa da lista. A primeira foi em 2008, e, agora, ganhou a aprova\u00e7\u00e3o por seu h\u00e1bito de repetir looks, como o vestido verde de Diane Von Furstenberg que usou em uma recente viagem \u00e0 Calif\u00f3rnia e, novamente, no coquetel que antecedeu o casamento de Zara, prima de William.<\/p>\n<p>Carla Bruni-Sarkozy, casada com o presidente franc\u00eas, Nicolas Sarkozy, liderou a lista, que teve Moza Bint Nasser, do Qatar, em segundo lugar e Catherine em terceiro. Confira a lista, segundo a Vanity Fair:<\/p>\n<p>Carla Bruni-Sarkozy<\/p>\n<p>Moza Bint Nasser Sheikha do Qatar<\/p>\n<p>A duquesa de Cambridge<\/p>\n<p>Andrea Dellal<\/p>\n<p>Carey Mulligan<\/p>\n<p>Christine Lagarde<\/p>\n<p>Tilda Swinton<\/p>\n<p>Lizzie Tisch<\/p>\n<p>H.S.H. Princesa Charlene de M\u00f4naco<\/p>\n<p>Jane Lauder Warsh<\/p>\n<p style=\"text-align: center\"><img decoding=\"async\" loading=\"lazy\" class=\"aligncenter size-full wp-image-14295\" src=\"https:\/\/i0.wp.com\/www.agrund.com\/arquivo\/notas\/files\/2011\/08\/117.jpg?resize=328%2C500\" alt=\"\" width=\"328\" height=\"500\" data-recalc-dims=\"1\" \/><\/p>\n<p style=\"text-align: center\"><img decoding=\"async\" loading=\"lazy\" class=\"aligncenter size-full wp-image-14296\" src=\"https:\/\/i0.wp.com\/www.agrund.com\/arquivo\/notas\/files\/2011\/08\/Carla-Bruni.jpg?resize=350%2C572\" alt=\"\" width=\"350\" height=\"572\" data-recalc-dims=\"1\" \/><\/p>\n<p>Fotos: Reprodu\u00e7\u00e3o.<\/p>\n","protected":false},"excerpt":{"rendered":"<p>A Duquesa Catherine foi eleita uma das mulheres bem mais vestidas do mundo pela revista Vanity Fair. E n\u00e3o \u00e9 por menos a Princesa arrasa nas suas apari\u00e7\u00f5es e n\u00e3o t\u00e1 nem a\u00ed quando o assunto \u00e9 repetir o modelo. Chic demais! E foi por isso que ela est\u00e1 no topo da lista ao lado [&hellip;]<\/p>\n","protected":false},"author":8,"featured_media":14295,"comment_status":"open","ping_status":"open","sticky":false,"template":"","format":"standard","meta":{"jetpack_post_was_ever_published":false,"_jetpack_newsletter_access":"","jetpack_publicize_message":"","jetpack_is_tweetstorm":false,"jetpack_publicize_feature_enabled":true,"jetpack_social_post_already_shared":false,"jetpack_social_options":{"image_generator_settings":{"template":"highway","enabled":false}}},"categories":[2],"tags":[],"jetpack_publicize_connections":[],"jetpack_featured_media_url":"","jetpack_sharing_enabled":true,"jetpack_shortlink":"https:\/\/wp.me\/p3Hz0n-3Iy","jetpack_likes_enabled":true,"_links":{"self":[{"href":"https:\/\/agrund.com\/index.php\/wp-json\/wp\/v2\/posts\/14294"}],"collection":[{"href":"https:\/\/agrund.com\/index.php\/wp-json\/wp\/v2\/posts"}],"about":[{"href":"https:\/\/agrund.com\/index.php\/wp-json\/wp\/v2\/types\/post"}],"author":[{"embeddable":true,"href":"https:\/\/agrund.com\/index.php\/wp-json\/wp\/v2\/users\/8"}],"replies":[{"embeddable":true,"href":"https:\/\/agrund.com\/index.php\/wp-json\/wp\/v2\/comments?post=14294"}],"version-history":[{"count":0,"href":"https:\/\/agrund.com\/index.php\/wp-json\/wp\/v2\/posts\/14294\/revisions"}],"wp:featuredmedia":[{"embeddable":true,"href":"https:\/\/agrund.com\/index.php\/wp-json\/"}],"wp:attachment":[{"href":"https:\/\/agrund.com\/index.php\/wp-json\/wp\/v2\/media?parent=14294"}],"wp:term":[{"taxonomy":"category","embeddable":true,"href":"https:\/\/agrund.com\/index.php\/wp-json\/wp\/v2\/categories?post=14294"},{"taxonomy":"post_tag","embeddable":true,"href":"https:\/\/agrund.com\/index.php\/wp-json\/wp\/v2\/tags?post=14294"}],"curies":[{"name":"wp","href":"https:\/\/api.w.org\/{rel}","templated":true}]}}