{"id":142623,"date":"2016-01-18T15:00:17","date_gmt":"2016-01-18T17:00:17","guid":{"rendered":"http:\/\/www.agrund.com\/?p=142623"},"modified":"2016-01-18T11:47:09","modified_gmt":"2016-01-18T13:47:09","slug":"moda-masculina-nick-jonas-ou-eddie-redmayne-quem-usou-melhor","status":"publish","type":"post","link":"https:\/\/agrund.com\/index.php\/moda-masculina-nick-jonas-ou-eddie-redmayne-quem-usou-melhor\/","title":{"rendered":"Moda Masculina :: Nick Jonas ou Eddie Redmayne: Quem usou melhor?"},"content":{"rendered":"<p>Diferente das disputas fashion que estamos acostumados a ver, hoje temos dois homens. Nick Jonas e Eddie Redmayne escolheram o mesmo terno da Valentino para marcar presen\u00e7a em eventos diferentes.<\/p>\n<p>Tanto o cantor como o ator complementaram o look com gravata e sapatos pretos.<\/p>\n<p>E a\u00ed, quem usou melhor?<\/p>\n<div id=\"attachment_142624\" style=\"width: 580px\" class=\"wp-caption aligncenter\"><a href=\"https:\/\/i0.wp.com\/www.agrund.com\/wp-content\/uploads\/sites\/6\/2016\/01\/131-e1453124794204.jpg\"><img aria-describedby=\"caption-attachment-142624\" data-attachment-id=\"142624\" data-permalink=\"https:\/\/agrund.com\/index.php\/moda-masculina-nick-jonas-ou-eddie-redmayne-quem-usou-melhor\/1-541\/\" data-orig-file=\"https:\/\/i0.wp.com\/agrund.com\/wp-content\/uploads\/sites\/6\/2016\/01\/131-e1453124794204.jpg?fit=570%2C760&amp;ssl=1\" data-orig-size=\"570,760\" data-comments-opened=\"1\" data-image-meta=\"{&quot;aperture&quot;:&quot;0&quot;,&quot;credit&quot;:&quot;&quot;,&quot;camera&quot;:&quot;&quot;,&quot;caption&quot;:&quot;&quot;,&quot;created_timestamp&quot;:&quot;0&quot;,&quot;copyright&quot;:&quot;&quot;,&quot;focal_length&quot;:&quot;0&quot;,&quot;iso&quot;:&quot;0&quot;,&quot;shutter_speed&quot;:&quot;0&quot;,&quot;title&quot;:&quot;&quot;,&quot;orientation&quot;:&quot;0&quot;}\" data-image-title=\"Moda Masculina :: Nick Jonas ou Eddie Redmayne: Quem usou melhor?\" data-image-description=\"\" data-image-caption=\"&lt;p&gt;Moda Masculina :: Nick Jonas ou Eddie Redmayne: Quem usou melhor? &lt;\/p&gt;\n\" data-medium-file=\"https:\/\/i0.wp.com\/agrund.com\/wp-content\/uploads\/sites\/6\/2016\/01\/131-e1453124794204.jpg?fit=225%2C300&amp;ssl=1\" data-large-file=\"https:\/\/i0.wp.com\/agrund.com\/wp-content\/uploads\/sites\/6\/2016\/01\/131-e1453124794204.jpg?fit=570%2C760&amp;ssl=1\" decoding=\"async\" loading=\"lazy\" class=\"size-full wp-image-142624\" src=\"https:\/\/i0.wp.com\/www.agrund.com\/wp-content\/uploads\/sites\/6\/2016\/01\/131-e1453124794204.jpg?resize=570%2C760\" alt=\"Moda Masculina :: Nick Jonas ou Eddie Redmayne: Quem usou melhor? \" width=\"570\" height=\"760\" data-recalc-dims=\"1\" \/><\/a><p id=\"caption-attachment-142624\" class=\"wp-caption-text\">Moda Masculina :: Nick Jonas ou Eddie Redmayne: Quem usou melhor?<\/p><\/div>\n<p>Imagens: Reprodu\u00e7\u00e3o.<\/p>\n","protected":false},"excerpt":{"rendered":"<p>Diferente das disputas fashion que estamos acostumados a ver, hoje temos dois homens. Nick Jonas e Eddie Redmayne escolheram o mesmo terno da Valentino para marcar presen\u00e7a em eventos diferentes. Tanto o cantor como o ator complementaram o look com gravata e sapatos pretos. E a\u00ed, quem usou melhor? Imagens: Reprodu\u00e7\u00e3o.<\/p>\n","protected":false},"author":8,"featured_media":142625,"comment_status":"open","ping_status":"open","sticky":false,"template":"","format":"standard","meta":{"jetpack_post_was_ever_published":false,"_jetpack_newsletter_access":"","jetpack_publicize_message":"","jetpack_is_tweetstorm":false,"jetpack_publicize_feature_enabled":true,"jetpack_social_post_already_shared":true,"jetpack_social_options":{"image_generator_settings":{"template":"highway","enabled":false}}},"categories":[6],"tags":[],"jetpack_publicize_connections":[],"jetpack_featured_media_url":"https:\/\/i0.wp.com\/agrund.com\/wp-content\/uploads\/sites\/6\/2016\/01\/sliden.jpg?fit=960%2C300&ssl=1","jetpack_sharing_enabled":true,"jetpack_shortlink":"https:\/\/wp.me\/p3Hz0n-B6n","jetpack_likes_enabled":true,"_links":{"self":[{"href":"https:\/\/agrund.com\/index.php\/wp-json\/wp\/v2\/posts\/142623"}],"collection":[{"href":"https:\/\/agrund.com\/index.php\/wp-json\/wp\/v2\/posts"}],"about":[{"href":"https:\/\/agrund.com\/index.php\/wp-json\/wp\/v2\/types\/post"}],"author":[{"embeddable":true,"href":"https:\/\/agrund.com\/index.php\/wp-json\/wp\/v2\/users\/8"}],"replies":[{"embeddable":true,"href":"https:\/\/agrund.com\/index.php\/wp-json\/wp\/v2\/comments?post=142623"}],"version-history":[{"count":0,"href":"https:\/\/agrund.com\/index.php\/wp-json\/wp\/v2\/posts\/142623\/revisions"}],"wp:featuredmedia":[{"embeddable":true,"href":"https:\/\/agrund.com\/index.php\/wp-json\/wp\/v2\/media\/142625"}],"wp:attachment":[{"href":"https:\/\/agrund.com\/index.php\/wp-json\/wp\/v2\/media?parent=142623"}],"wp:term":[{"taxonomy":"category","embeddable":true,"href":"https:\/\/agrund.com\/index.php\/wp-json\/wp\/v2\/categories?post=142623"},{"taxonomy":"post_tag","embeddable":true,"href":"https:\/\/agrund.com\/index.php\/wp-json\/wp\/v2\/tags?post=142623"}],"curies":[{"name":"wp","href":"https:\/\/api.w.org\/{rel}","templated":true}]}}