{"id":142606,"date":"2016-01-18T13:00:09","date_gmt":"2016-01-18T15:00:09","guid":{"rendered":"http:\/\/www.agrund.com\/?p=142606"},"modified":"2016-01-18T11:43:07","modified_gmt":"2016-01-18T13:43:07","slug":"moda-masculina-inverno-2016-as-tendencias-da-semana-de-moda-de-londres","status":"publish","type":"post","link":"https:\/\/agrund.com\/index.php\/moda-masculina-inverno-2016-as-tendencias-da-semana-de-moda-de-londres\/","title":{"rendered":"Moda Masculina :: Inverno 2016 :: As tend\u00eancias da Semana de Moda de Londres"},"content":{"rendered":"<p>Por Fabio Paiva<\/p>\n<p>Oi, gente! 2016 come\u00e7ou com tudo e preciso agradecer a audi\u00eancia de voc\u00eas em 2015. E sem perder tempo, j\u00e1 fiz um resum\u00e3o das principais tend\u00eancias da semana de moda de Londres Inverno 2016. Por ser considerada a semana mais conceitual de todas, muita coisa se resume ao p\u00fablico ingl\u00eas, ousado na medida. Mas algumas coisas ganhar\u00e3o outras passarelas, e quem sabe n\u00e3o chegar\u00e1 perto de um de n\u00f3s!<\/p>\n<p>A brincadeira com propor\u00e7\u00f5es foi inusitada e mostra um ar de descontra\u00e7\u00e3o, para n\u00e3o falar relaxamento no visual.<\/p>\n<div id=\"attachment_142607\" style=\"width: 580px\" class=\"wp-caption aligncenter\"><a href=\"https:\/\/i0.wp.com\/www.agrund.com\/wp-content\/uploads\/sites\/6\/2016\/01\/1-Topman-Design-Proporcao-e1453124114806.jpg\"><img aria-describedby=\"caption-attachment-142607\" data-attachment-id=\"142607\" data-permalink=\"https:\/\/agrund.com\/index.php\/moda-masculina-inverno-2016-as-tendencias-da-semana-de-moda-de-londres\/1-topman-design-proporcao\/\" data-orig-file=\"https:\/\/i0.wp.com\/agrund.com\/wp-content\/uploads\/sites\/6\/2016\/01\/1-Topman-Design-Proporcao-e1453124114806.jpg?fit=570%2C855&amp;ssl=1\" data-orig-size=\"570,855\" data-comments-opened=\"1\" data-image-meta=\"{&quot;aperture&quot;:&quot;0&quot;,&quot;credit&quot;:&quot;&quot;,&quot;camera&quot;:&quot;&quot;,&quot;caption&quot;:&quot;&quot;,&quot;created_timestamp&quot;:&quot;1452255371&quot;,&quot;copyright&quot;:&quot;Photo: Kim WestonArnold \\\/ Indigitalimages.com&quot;,&quot;focal_length&quot;:&quot;0&quot;,&quot;iso&quot;:&quot;0&quot;,&quot;shutter_speed&quot;:&quot;0&quot;,&quot;title&quot;:&quot;&quot;,&quot;orientation&quot;:&quot;0&quot;}\" data-image-title=\"Moda Masculina :: Inverno 2016 :: As tend\u00eancias da Semana de Moda de Londres\" data-image-description=\"\" data-image-caption=\"&lt;p&gt;Topman&lt;\/p&gt;\n\" data-medium-file=\"https:\/\/i0.wp.com\/agrund.com\/wp-content\/uploads\/sites\/6\/2016\/01\/1-Topman-Design-Proporcao-e1453124114806.jpg?fit=200%2C300&amp;ssl=1\" data-large-file=\"https:\/\/i0.wp.com\/agrund.com\/wp-content\/uploads\/sites\/6\/2016\/01\/1-Topman-Design-Proporcao-e1453124114806.jpg?fit=683%2C1024&amp;ssl=1\" decoding=\"async\" loading=\"lazy\" class=\"size-full wp-image-142607\" src=\"https:\/\/i0.wp.com\/www.agrund.com\/wp-content\/uploads\/sites\/6\/2016\/01\/1-Topman-Design-Proporcao-e1453124114806.jpg?resize=570%2C855\" alt=\"Topman\" width=\"570\" height=\"855\" data-recalc-dims=\"1\" \/><\/a><p id=\"caption-attachment-142607\" class=\"wp-caption-text\">Topman<\/p><\/div>\n<div id=\"attachment_142608\" style=\"width: 580px\" class=\"wp-caption aligncenter\"><a href=\"https:\/\/i0.wp.com\/www.agrund.com\/wp-content\/uploads\/sites\/6\/2016\/01\/1a-Astrid-Andersen-Propor\u00e7\u00e3o.jpg\"><img aria-describedby=\"caption-attachment-142608\" data-attachment-id=\"142608\" data-permalink=\"https:\/\/agrund.com\/index.php\/moda-masculina-inverno-2016-as-tendencias-da-semana-de-moda-de-londres\/1a-astrid-andersen-proporcao\/\" data-orig-file=\"https:\/\/i0.wp.com\/agrund.com\/wp-content\/uploads\/sites\/6\/2016\/01\/1a-Astrid-Andersen-Propor\u00e7\u00e3o-e1453124137455.jpg?fit=570%2C855&amp;ssl=1\" data-orig-size=\"570,855\" data-comments-opened=\"1\" data-image-meta=\"{&quot;aperture&quot;:&quot;0&quot;,&quot;credit&quot;:&quot;&quot;,&quot;camera&quot;:&quot;&quot;,&quot;caption&quot;:&quot;&quot;,&quot;created_timestamp&quot;:&quot;1452342035&quot;,&quot;copyright&quot;:&quot;Photo: Kim WestonArnold \\\/ Indigitalimages.com&quot;,&quot;focal_length&quot;:&quot;0&quot;,&quot;iso&quot;:&quot;0&quot;,&quot;shutter_speed&quot;:&quot;0&quot;,&quot;title&quot;:&quot;&quot;,&quot;orientation&quot;:&quot;0&quot;}\" data-image-title=\"1a Astrid Andersen Propor\u00e7\u00e3o\" data-image-description=\"\" data-image-caption=\"&lt;p&gt;Astrid Andersen&lt;\/p&gt;\n\" data-medium-file=\"https:\/\/i0.wp.com\/agrund.com\/wp-content\/uploads\/sites\/6\/2016\/01\/1a-Astrid-Andersen-Propor\u00e7\u00e3o-e1453124137455.jpg?fit=200%2C300&amp;ssl=1\" data-large-file=\"https:\/\/i0.wp.com\/agrund.com\/wp-content\/uploads\/sites\/6\/2016\/01\/1a-Astrid-Andersen-Propor\u00e7\u00e3o-e1453124137455.jpg?fit=683%2C1024&amp;ssl=1\" decoding=\"async\" loading=\"lazy\" class=\"size-full wp-image-142608\" src=\"https:\/\/i0.wp.com\/www.agrund.com\/wp-content\/uploads\/sites\/6\/2016\/01\/1a-Astrid-Andersen-Propor\u00e7\u00e3o-e1453124137455.jpg?resize=570%2C855\" alt=\"Astrid Andersen\" width=\"570\" height=\"855\" data-recalc-dims=\"1\" \/><\/a><p id=\"caption-attachment-142608\" class=\"wp-caption-text\">Astrid Andersen<\/p><\/div>\n<p>Depois, o estilista Craig Green prop\u00f5e um nova vis\u00e3o para o militarismo. Chic, minimalista e, mais do que nunca, conceitual!<\/p>\n<div id=\"attachment_142609\" style=\"width: 580px\" class=\"wp-caption aligncenter\"><a href=\"https:\/\/i0.wp.com\/www.agrund.com\/wp-content\/uploads\/sites\/6\/2016\/01\/2-Craig-green-Novo-Militar-e1453124183220.jpg\"><img aria-describedby=\"caption-attachment-142609\" data-attachment-id=\"142609\" data-permalink=\"https:\/\/agrund.com\/index.php\/moda-masculina-inverno-2016-as-tendencias-da-semana-de-moda-de-londres\/2-craig-green-novo-militar\/\" data-orig-file=\"https:\/\/i0.wp.com\/agrund.com\/wp-content\/uploads\/sites\/6\/2016\/01\/2-Craig-green-Novo-Militar-e1453124183220.jpg?fit=570%2C855&amp;ssl=1\" data-orig-size=\"570,855\" data-comments-opened=\"1\" data-image-meta=\"{&quot;aperture&quot;:&quot;0&quot;,&quot;credit&quot;:&quot;MarcusTondo&quot;,&quot;camera&quot;:&quot;&quot;,&quot;caption&quot;:&quot;&quot;,&quot;created_timestamp&quot;:&quot;1452280045&quot;,&quot;copyright&quot;:&quot;Photo: Marcus Tondo \\\/ Indigitalimages.com&quot;,&quot;focal_length&quot;:&quot;0&quot;,&quot;iso&quot;:&quot;0&quot;,&quot;shutter_speed&quot;:&quot;0&quot;,&quot;title&quot;:&quot;&quot;,&quot;orientation&quot;:&quot;0&quot;}\" data-image-title=\"Moda Masculina :: Inverno 2016 :: As tend\u00eancias da Semana de Moda de Londres\" data-image-description=\"\" data-image-caption=\"&lt;p&gt;Craig Green&lt;\/p&gt;\n\" data-medium-file=\"https:\/\/i0.wp.com\/agrund.com\/wp-content\/uploads\/sites\/6\/2016\/01\/2-Craig-green-Novo-Militar-e1453124183220.jpg?fit=200%2C300&amp;ssl=1\" data-large-file=\"https:\/\/i0.wp.com\/agrund.com\/wp-content\/uploads\/sites\/6\/2016\/01\/2-Craig-green-Novo-Militar-e1453124183220.jpg?fit=683%2C1024&amp;ssl=1\" decoding=\"async\" loading=\"lazy\" class=\"size-full wp-image-142609\" src=\"https:\/\/i0.wp.com\/www.agrund.com\/wp-content\/uploads\/sites\/6\/2016\/01\/2-Craig-green-Novo-Militar-e1453124183220.jpg?resize=570%2C855\" alt=\"Craig Green\" width=\"570\" height=\"855\" data-recalc-dims=\"1\" \/><\/a><p id=\"caption-attachment-142609\" class=\"wp-caption-text\">Craig Green<\/p><\/div>\n<div id=\"attachment_142610\" style=\"width: 580px\" class=\"wp-caption aligncenter\"><a href=\"https:\/\/i0.wp.com\/www.agrund.com\/wp-content\/uploads\/sites\/6\/2016\/01\/2a-Craig-Green-Novo-Militar-e1453124202964.jpg\"><img aria-describedby=\"caption-attachment-142610\" data-attachment-id=\"142610\" data-permalink=\"https:\/\/agrund.com\/index.php\/moda-masculina-inverno-2016-as-tendencias-da-semana-de-moda-de-londres\/2a-craig-green-novo-militar\/\" data-orig-file=\"https:\/\/i0.wp.com\/agrund.com\/wp-content\/uploads\/sites\/6\/2016\/01\/2a-Craig-Green-Novo-Militar-e1453124202964.jpg?fit=570%2C855&amp;ssl=1\" data-orig-size=\"570,855\" data-comments-opened=\"1\" data-image-meta=\"{&quot;aperture&quot;:&quot;0&quot;,&quot;credit&quot;:&quot;MarcusTondo&quot;,&quot;camera&quot;:&quot;&quot;,&quot;caption&quot;:&quot;&quot;,&quot;created_timestamp&quot;:&quot;1452280176&quot;,&quot;copyright&quot;:&quot;Photo: Marcus Tondo \\\/ Indigitalimages.com&quot;,&quot;focal_length&quot;:&quot;0&quot;,&quot;iso&quot;:&quot;0&quot;,&quot;shutter_speed&quot;:&quot;0&quot;,&quot;title&quot;:&quot;&quot;,&quot;orientation&quot;:&quot;0&quot;}\" data-image-title=\"Moda Masculina :: Inverno 2016 :: As tend\u00eancias da Semana de Moda de Londres\" data-image-description=\"\" data-image-caption=\"&lt;p&gt;Craig Green&lt;\/p&gt;\n\" data-medium-file=\"https:\/\/i0.wp.com\/agrund.com\/wp-content\/uploads\/sites\/6\/2016\/01\/2a-Craig-Green-Novo-Militar-e1453124202964.jpg?fit=200%2C300&amp;ssl=1\" data-large-file=\"https:\/\/i0.wp.com\/agrund.com\/wp-content\/uploads\/sites\/6\/2016\/01\/2a-Craig-Green-Novo-Militar-e1453124202964.jpg?fit=683%2C1024&amp;ssl=1\" decoding=\"async\" loading=\"lazy\" class=\"size-full wp-image-142610\" src=\"https:\/\/i0.wp.com\/www.agrund.com\/wp-content\/uploads\/sites\/6\/2016\/01\/2a-Craig-Green-Novo-Militar-e1453124202964.jpg?resize=570%2C855\" alt=\"Craig Green\" width=\"570\" height=\"855\" data-recalc-dims=\"1\" \/><\/a><p id=\"caption-attachment-142610\" class=\"wp-caption-text\">Craig Green<\/p><\/div>\n<p>As texturas sempre s\u00e3o um cap\u00edtulo \u00e0 parte nas temporadas. Com a proximidade da moda \u00e0 tecnologia os resultados s\u00e3o surpreendentes. Lou Dalton traz cores s\u00f3brias e uma pel\u00facia de qualidade. Com mais de 200 anos, a Pringle of Scotland mostra porqu\u00ea seu trabalho com fios \u00e9 reconhecido mundialmente. Aten\u00e7\u00e3o para a constru\u00e7\u00e3o do casaco. E deixando a moda masculina mais divertida, a Burberry une o brilho ao esportivo. Sensacional!<\/p>\n<div id=\"attachment_142611\" style=\"width: 580px\" class=\"wp-caption aligncenter\"><a href=\"https:\/\/i0.wp.com\/www.agrund.com\/wp-content\/uploads\/sites\/6\/2016\/01\/3-Lou-Dalton-Texturas.jpg\"><img aria-describedby=\"caption-attachment-142611\" data-attachment-id=\"142611\" data-permalink=\"https:\/\/agrund.com\/index.php\/moda-masculina-inverno-2016-as-tendencias-da-semana-de-moda-de-londres\/3-lou-dalton-texturas\/\" data-orig-file=\"https:\/\/i0.wp.com\/agrund.com\/wp-content\/uploads\/sites\/6\/2016\/01\/3-Lou-Dalton-Texturas-e1453124226458.jpg?fit=570%2C855&amp;ssl=1\" data-orig-size=\"570,855\" data-comments-opened=\"1\" data-image-meta=\"{&quot;aperture&quot;:&quot;0&quot;,&quot;credit&quot;:&quot;&quot;,&quot;camera&quot;:&quot;&quot;,&quot;caption&quot;:&quot;&quot;,&quot;created_timestamp&quot;:&quot;1452359735&quot;,&quot;copyright&quot;:&quot;Photo: Yannis Vlamos \\\/ Indigitalimages.com&quot;,&quot;focal_length&quot;:&quot;0&quot;,&quot;iso&quot;:&quot;0&quot;,&quot;shutter_speed&quot;:&quot;0&quot;,&quot;title&quot;:&quot;&quot;,&quot;orientation&quot;:&quot;0&quot;}\" data-image-title=\"3 Lou Dalton Texturas\" data-image-description=\"\" data-image-caption=\"&lt;p&gt;Lou Dalton&lt;\/p&gt;\n\" data-medium-file=\"https:\/\/i0.wp.com\/agrund.com\/wp-content\/uploads\/sites\/6\/2016\/01\/3-Lou-Dalton-Texturas-e1453124226458.jpg?fit=200%2C300&amp;ssl=1\" data-large-file=\"https:\/\/i0.wp.com\/agrund.com\/wp-content\/uploads\/sites\/6\/2016\/01\/3-Lou-Dalton-Texturas-e1453124226458.jpg?fit=683%2C1024&amp;ssl=1\" decoding=\"async\" loading=\"lazy\" class=\"size-full wp-image-142611\" src=\"https:\/\/i0.wp.com\/www.agrund.com\/wp-content\/uploads\/sites\/6\/2016\/01\/3-Lou-Dalton-Texturas-e1453124226458.jpg?resize=570%2C855\" alt=\"Lou Dalton\" width=\"570\" height=\"855\" data-recalc-dims=\"1\" \/><\/a><p id=\"caption-attachment-142611\" class=\"wp-caption-text\">Lou Dalton<\/p><\/div>\n<div id=\"attachment_142612\" style=\"width: 580px\" class=\"wp-caption aligncenter\"><a href=\"https:\/\/i0.wp.com\/www.agrund.com\/wp-content\/uploads\/sites\/6\/2016\/01\/3a-Pringle-of-Scotland-Texturas.jpg\"><img aria-describedby=\"caption-attachment-142612\" data-attachment-id=\"142612\" data-permalink=\"https:\/\/agrund.com\/index.php\/moda-masculina-inverno-2016-as-tendencias-da-semana-de-moda-de-londres\/3a-pringle-of-scotland-texturas\/\" data-orig-file=\"https:\/\/i0.wp.com\/agrund.com\/wp-content\/uploads\/sites\/6\/2016\/01\/3a-Pringle-of-Scotland-Texturas-e1453124249608.jpg?fit=570%2C855&amp;ssl=1\" data-orig-size=\"570,855\" data-comments-opened=\"1\" data-image-meta=\"{&quot;aperture&quot;:&quot;0&quot;,&quot;credit&quot;:&quot;&quot;,&quot;camera&quot;:&quot;&quot;,&quot;caption&quot;:&quot;&quot;,&quot;created_timestamp&quot;:&quot;1452446303&quot;,&quot;copyright&quot;:&quot;Photo: Yannis Vlamos \\\/ Indigitalimages.com&quot;,&quot;focal_length&quot;:&quot;0&quot;,&quot;iso&quot;:&quot;0&quot;,&quot;shutter_speed&quot;:&quot;0&quot;,&quot;title&quot;:&quot;&quot;,&quot;orientation&quot;:&quot;0&quot;}\" data-image-title=\"3a Pringle of Scotland Texturas\" data-image-description=\"\" data-image-caption=\"&lt;p&gt;Pringle of Scotland&lt;\/p&gt;\n\" data-medium-file=\"https:\/\/i0.wp.com\/agrund.com\/wp-content\/uploads\/sites\/6\/2016\/01\/3a-Pringle-of-Scotland-Texturas-e1453124249608.jpg?fit=200%2C300&amp;ssl=1\" data-large-file=\"https:\/\/i0.wp.com\/agrund.com\/wp-content\/uploads\/sites\/6\/2016\/01\/3a-Pringle-of-Scotland-Texturas-e1453124249608.jpg?fit=683%2C1024&amp;ssl=1\" decoding=\"async\" loading=\"lazy\" class=\"size-full wp-image-142612\" src=\"https:\/\/i0.wp.com\/www.agrund.com\/wp-content\/uploads\/sites\/6\/2016\/01\/3a-Pringle-of-Scotland-Texturas-e1453124249608.jpg?resize=570%2C855\" alt=\"Pringle of Scotland\" width=\"570\" height=\"855\" data-recalc-dims=\"1\" \/><\/a><p id=\"caption-attachment-142612\" class=\"wp-caption-text\">Pringle of Scotland<\/p><\/div>\n<div id=\"attachment_142613\" style=\"width: 580px\" class=\"wp-caption aligncenter\"><a href=\"https:\/\/i0.wp.com\/www.agrund.com\/wp-content\/uploads\/sites\/6\/2016\/01\/3b-Burberry-Texturas-e1453124266604.jpg\"><img aria-describedby=\"caption-attachment-142613\" data-attachment-id=\"142613\" data-permalink=\"https:\/\/agrund.com\/index.php\/moda-masculina-inverno-2016-as-tendencias-da-semana-de-moda-de-londres\/3b-burberry-texturas\/\" data-orig-file=\"https:\/\/i0.wp.com\/agrund.com\/wp-content\/uploads\/sites\/6\/2016\/01\/3b-Burberry-Texturas-e1453124266604.jpg?fit=570%2C855&amp;ssl=1\" data-orig-size=\"570,855\" data-comments-opened=\"1\" data-image-meta=\"{&quot;aperture&quot;:&quot;0&quot;,&quot;credit&quot;:&quot;MarcusTondo&quot;,&quot;camera&quot;:&quot;&quot;,&quot;caption&quot;:&quot;&quot;,&quot;created_timestamp&quot;:&quot;1452525409&quot;,&quot;copyright&quot;:&quot;Photo: Marcus Tondo \\\/ Indigitalimages.com&quot;,&quot;focal_length&quot;:&quot;0&quot;,&quot;iso&quot;:&quot;0&quot;,&quot;shutter_speed&quot;:&quot;0&quot;,&quot;title&quot;:&quot;&quot;,&quot;orientation&quot;:&quot;0&quot;}\" data-image-title=\"Moda Masculina :: Inverno 2016 :: As tend\u00eancias da Semana de Moda de Londres\" data-image-description=\"\" data-image-caption=\"&lt;p&gt;Burberry&lt;\/p&gt;\n\" data-medium-file=\"https:\/\/i0.wp.com\/agrund.com\/wp-content\/uploads\/sites\/6\/2016\/01\/3b-Burberry-Texturas-e1453124266604.jpg?fit=200%2C300&amp;ssl=1\" data-large-file=\"https:\/\/i0.wp.com\/agrund.com\/wp-content\/uploads\/sites\/6\/2016\/01\/3b-Burberry-Texturas-e1453124266604.jpg?fit=683%2C1024&amp;ssl=1\" decoding=\"async\" loading=\"lazy\" class=\"size-full wp-image-142613\" src=\"https:\/\/i0.wp.com\/www.agrund.com\/wp-content\/uploads\/sites\/6\/2016\/01\/3b-Burberry-Texturas-e1453124266604.jpg?resize=570%2C855\" alt=\"Burberry\" width=\"570\" height=\"855\" data-recalc-dims=\"1\" \/><\/a><p id=\"caption-attachment-142613\" class=\"wp-caption-text\">Burberry<\/p><\/div>\n<p>O xadrez, muito presente no inverno, ressurge no universo grunge e cria looks atuais e divertidos. Esportivo ou cl\u00e1ssico, sempre podemos trazer para nossa realidade e se inspirar.<\/p>\n<div id=\"attachment_142614\" style=\"width: 580px\" class=\"wp-caption aligncenter\"><a href=\"https:\/\/i0.wp.com\/www.agrund.com\/wp-content\/uploads\/sites\/6\/2016\/01\/4-Christopher-Shannon-Xadrez-esportivo.jpg\"><img aria-describedby=\"caption-attachment-142614\" data-attachment-id=\"142614\" data-permalink=\"https:\/\/agrund.com\/index.php\/moda-masculina-inverno-2016-as-tendencias-da-semana-de-moda-de-londres\/4-christopher-shannon-xadrez-esportivo\/\" data-orig-file=\"https:\/\/i0.wp.com\/agrund.com\/wp-content\/uploads\/sites\/6\/2016\/01\/4-Christopher-Shannon-Xadrez-esportivo-e1453124294695.jpg?fit=570%2C855&amp;ssl=1\" data-orig-size=\"570,855\" data-comments-opened=\"1\" data-image-meta=\"{&quot;aperture&quot;:&quot;0&quot;,&quot;credit&quot;:&quot;&quot;,&quot;camera&quot;:&quot;&quot;,&quot;caption&quot;:&quot;&quot;,&quot;created_timestamp&quot;:&quot;1452342888&quot;,&quot;copyright&quot;:&quot;&quot;,&quot;focal_length&quot;:&quot;0&quot;,&quot;iso&quot;:&quot;0&quot;,&quot;shutter_speed&quot;:&quot;0&quot;,&quot;title&quot;:&quot;&quot;,&quot;orientation&quot;:&quot;0&quot;}\" data-image-title=\"Moda Masculina :: Inverno 2016 :: As tend\u00eancias da Semana de Moda de Londres\" data-image-description=\"\" data-image-caption=\"&lt;p&gt;Christopher Shannon&lt;\/p&gt;\n\" data-medium-file=\"https:\/\/i0.wp.com\/agrund.com\/wp-content\/uploads\/sites\/6\/2016\/01\/4-Christopher-Shannon-Xadrez-esportivo-e1453124294695.jpg?fit=200%2C300&amp;ssl=1\" data-large-file=\"https:\/\/i0.wp.com\/agrund.com\/wp-content\/uploads\/sites\/6\/2016\/01\/4-Christopher-Shannon-Xadrez-esportivo-e1453124294695.jpg?fit=683%2C1024&amp;ssl=1\" decoding=\"async\" loading=\"lazy\" class=\"size-full wp-image-142614\" src=\"https:\/\/i0.wp.com\/www.agrund.com\/wp-content\/uploads\/sites\/6\/2016\/01\/4-Christopher-Shannon-Xadrez-esportivo-e1453124294695.jpg?resize=570%2C855\" alt=\"Christopher Shannon\" width=\"570\" height=\"855\" data-recalc-dims=\"1\" \/><\/a><p id=\"caption-attachment-142614\" class=\"wp-caption-text\">Christopher Shannon<\/p><\/div>\n<div id=\"attachment_142619\" style=\"width: 580px\" class=\"wp-caption aligncenter\"><a href=\"https:\/\/i0.wp.com\/www.agrund.com\/wp-content\/uploads\/sites\/6\/2016\/01\/4a-Coach-Xadrez-moderno.jpg\"><img aria-describedby=\"caption-attachment-142619\" data-attachment-id=\"142619\" data-permalink=\"https:\/\/agrund.com\/index.php\/moda-masculina-inverno-2016-as-tendencias-da-semana-de-moda-de-londres\/4a-coach-xadrez-moderno\/\" data-orig-file=\"https:\/\/i0.wp.com\/agrund.com\/wp-content\/uploads\/sites\/6\/2016\/01\/4a-Coach-Xadrez-moderno.jpg?fit=570%2C855&amp;ssl=1\" data-orig-size=\"570,855\" data-comments-opened=\"1\" data-image-meta=\"{&quot;aperture&quot;:&quot;0&quot;,&quot;credit&quot;:&quot;&quot;,&quot;camera&quot;:&quot;&quot;,&quot;caption&quot;:&quot;&quot;,&quot;created_timestamp&quot;:&quot;1452349224&quot;,&quot;copyright&quot;:&quot;Photo: Kim WestonArnold \\\/ Indigitalimages.com&quot;,&quot;focal_length&quot;:&quot;0&quot;,&quot;iso&quot;:&quot;0&quot;,&quot;shutter_speed&quot;:&quot;0&quot;,&quot;title&quot;:&quot;&quot;,&quot;orientation&quot;:&quot;0&quot;}\" data-image-title=\"Moda Masculina :: Inverno 2016 :: As tend\u00eancias da Semana de Moda de Londres\" data-image-description=\"\" data-image-caption=\"&lt;p&gt;Coach&lt;\/p&gt;\n\" data-medium-file=\"https:\/\/i0.wp.com\/agrund.com\/wp-content\/uploads\/sites\/6\/2016\/01\/4a-Coach-Xadrez-moderno.jpg?fit=200%2C300&amp;ssl=1\" data-large-file=\"https:\/\/i0.wp.com\/agrund.com\/wp-content\/uploads\/sites\/6\/2016\/01\/4a-Coach-Xadrez-moderno.jpg?fit=570%2C855&amp;ssl=1\" decoding=\"async\" loading=\"lazy\" class=\"size-full wp-image-142619\" src=\"https:\/\/i0.wp.com\/www.agrund.com\/wp-content\/uploads\/sites\/6\/2016\/01\/4a-Coach-Xadrez-moderno.jpg?resize=570%2C855\" alt=\"Coach\" width=\"570\" height=\"855\" srcset=\"https:\/\/i0.wp.com\/agrund.com\/wp-content\/uploads\/sites\/6\/2016\/01\/4a-Coach-Xadrez-moderno.jpg?w=570&amp;ssl=1 570w, https:\/\/i0.wp.com\/agrund.com\/wp-content\/uploads\/sites\/6\/2016\/01\/4a-Coach-Xadrez-moderno.jpg?resize=200%2C300&amp;ssl=1 200w\" sizes=\"(max-width: 570px) 100vw, 570px\" data-recalc-dims=\"1\" \/><\/a><p id=\"caption-attachment-142619\" class=\"wp-caption-text\">Coach<\/p><\/div>\n<p>Essa tend\u00eancia \u00e9 a cara do Arlindo Grund. A cal\u00e7a curta aparece mais ampla e estruturada nas passarelas Londrinas. Mas aten\u00e7\u00e3o: esses modelos s\u00f3 ficam bem nos mais longil\u00edneos e mais magros. Analise bem sua imagem no espelho para ver se a pe\u00e7a que n\u00e3o \u00e9 democr\u00e1tica ficar\u00e1 bem em voc\u00ea.<\/p>\n<div id=\"attachment_142615\" style=\"width: 580px\" class=\"wp-caption aligncenter\"><a href=\"https:\/\/i0.wp.com\/www.agrund.com\/wp-content\/uploads\/sites\/6\/2016\/01\/5-Sibling-Cala-curta-e1453124383823.jpg\"><img aria-describedby=\"caption-attachment-142615\" data-attachment-id=\"142615\" data-permalink=\"https:\/\/agrund.com\/index.php\/moda-masculina-inverno-2016-as-tendencias-da-semana-de-moda-de-londres\/5-sibling-cala-curta\/\" data-orig-file=\"https:\/\/i0.wp.com\/agrund.com\/wp-content\/uploads\/sites\/6\/2016\/01\/5-Sibling-Cala-curta-e1453124383823.jpg?fit=570%2C855&amp;ssl=1\" data-orig-size=\"570,855\" data-comments-opened=\"1\" data-image-meta=\"{&quot;aperture&quot;:&quot;0&quot;,&quot;credit&quot;:&quot;&quot;,&quot;camera&quot;:&quot;&quot;,&quot;caption&quot;:&quot;&quot;,&quot;created_timestamp&quot;:&quot;1452374112&quot;,&quot;copyright&quot;:&quot;Photo: Yannis Vlamos \\\/ Indigitalimages.com&quot;,&quot;focal_length&quot;:&quot;0&quot;,&quot;iso&quot;:&quot;0&quot;,&quot;shutter_speed&quot;:&quot;0&quot;,&quot;title&quot;:&quot;&quot;,&quot;orientation&quot;:&quot;0&quot;}\" data-image-title=\"5 Sibling Cala curta\" data-image-description=\"\" data-image-caption=\"&lt;p&gt;Sibling &lt;\/p&gt;\n\" data-medium-file=\"https:\/\/i0.wp.com\/agrund.com\/wp-content\/uploads\/sites\/6\/2016\/01\/5-Sibling-Cala-curta-e1453124383823.jpg?fit=200%2C300&amp;ssl=1\" data-large-file=\"https:\/\/i0.wp.com\/agrund.com\/wp-content\/uploads\/sites\/6\/2016\/01\/5-Sibling-Cala-curta-e1453124383823.jpg?fit=683%2C1024&amp;ssl=1\" decoding=\"async\" loading=\"lazy\" class=\"size-full wp-image-142615\" src=\"https:\/\/i0.wp.com\/www.agrund.com\/wp-content\/uploads\/sites\/6\/2016\/01\/5-Sibling-Cala-curta-e1453124383823.jpg?resize=570%2C855\" alt=\"Sibling \" width=\"570\" height=\"855\" data-recalc-dims=\"1\" \/><\/a><p id=\"caption-attachment-142615\" class=\"wp-caption-text\">Sibling<\/p><\/div>\n<div id=\"attachment_142616\" style=\"width: 580px\" class=\"wp-caption aligncenter\"><a href=\"https:\/\/i0.wp.com\/www.agrund.com\/wp-content\/uploads\/sites\/6\/2016\/01\/5a-Christopher-Kane-Cal\u00e7a-curta.jpg\"><img aria-describedby=\"caption-attachment-142616\" data-attachment-id=\"142616\" data-permalink=\"https:\/\/agrund.com\/index.php\/moda-masculina-inverno-2016-as-tendencias-da-semana-de-moda-de-londres\/5a-christopher-kane-calca-curta\/\" data-orig-file=\"https:\/\/i0.wp.com\/agrund.com\/wp-content\/uploads\/sites\/6\/2016\/01\/5a-Christopher-Kane-Cal\u00e7a-curta-e1453124408939.jpg?fit=570%2C855&amp;ssl=1\" data-orig-size=\"570,855\" data-comments-opened=\"1\" data-image-meta=\"{&quot;aperture&quot;:&quot;0&quot;,&quot;credit&quot;:&quot;&quot;,&quot;camera&quot;:&quot;&quot;,&quot;caption&quot;:&quot;&quot;,&quot;created_timestamp&quot;:&quot;1449839480&quot;,&quot;copyright&quot;:&quot;&quot;,&quot;focal_length&quot;:&quot;0&quot;,&quot;iso&quot;:&quot;0&quot;,&quot;shutter_speed&quot;:&quot;0&quot;,&quot;title&quot;:&quot;&quot;,&quot;orientation&quot;:&quot;0&quot;}\" data-image-title=\"5a Christopher Kane Cal\u00e7a curta\" data-image-description=\"\" data-image-caption=\"&lt;p&gt;Chirstopher Kane&lt;\/p&gt;\n\" data-medium-file=\"https:\/\/i0.wp.com\/agrund.com\/wp-content\/uploads\/sites\/6\/2016\/01\/5a-Christopher-Kane-Cal\u00e7a-curta-e1453124408939.jpg?fit=200%2C300&amp;ssl=1\" data-large-file=\"https:\/\/i0.wp.com\/agrund.com\/wp-content\/uploads\/sites\/6\/2016\/01\/5a-Christopher-Kane-Cal\u00e7a-curta-e1453124408939.jpg?fit=683%2C1024&amp;ssl=1\" decoding=\"async\" loading=\"lazy\" class=\"size-full wp-image-142616\" src=\"https:\/\/i0.wp.com\/www.agrund.com\/wp-content\/uploads\/sites\/6\/2016\/01\/5a-Christopher-Kane-Cal\u00e7a-curta-e1453124408939.jpg?resize=570%2C855\" alt=\"Chirstopher Kane\" width=\"570\" height=\"855\" data-recalc-dims=\"1\" \/><\/a><p id=\"caption-attachment-142616\" class=\"wp-caption-text\">Chirstopher Kane<\/p><\/div>\n<p>E para encerrar, os punks contempor\u00e2neos de Sarah Burton para Alexander McQueen &#8211; com sua influ\u00eancia militar e seus piercings -, e os punks coloridos de Jeremy Scott de coturno e vinil para Moschino trouxeram personalidade \u00e0 semana de moda de Londres.<\/p>\n<div id=\"attachment_142617\" style=\"width: 580px\" class=\"wp-caption aligncenter\"><a href=\"https:\/\/i0.wp.com\/www.agrund.com\/wp-content\/uploads\/sites\/6\/2016\/01\/6-Alexander-McQueen-Punk.jpg\"><img aria-describedby=\"caption-attachment-142617\" data-attachment-id=\"142617\" data-permalink=\"https:\/\/agrund.com\/index.php\/moda-masculina-inverno-2016-as-tendencias-da-semana-de-moda-de-londres\/6-alexander-mcqueen-punk\/\" data-orig-file=\"https:\/\/i0.wp.com\/agrund.com\/wp-content\/uploads\/sites\/6\/2016\/01\/6-Alexander-McQueen-Punk-e1453124433822.jpg?fit=570%2C855&amp;ssl=1\" data-orig-size=\"570,855\" data-comments-opened=\"1\" data-image-meta=\"{&quot;aperture&quot;:&quot;0&quot;,&quot;credit&quot;:&quot;-&quot;,&quot;camera&quot;:&quot;&quot;,&quot;caption&quot;:&quot;&quot;,&quot;created_timestamp&quot;:&quot;1452443344&quot;,&quot;copyright&quot;:&quot;Photo: Kim Weston Arnold \\\/Indigitalimages.com&quot;,&quot;focal_length&quot;:&quot;0&quot;,&quot;iso&quot;:&quot;0&quot;,&quot;shutter_speed&quot;:&quot;0&quot;,&quot;title&quot;:&quot;&quot;,&quot;orientation&quot;:&quot;0&quot;}\" data-image-title=\"6 Alexander McQueen Punk\" data-image-description=\"\" data-image-caption=\"&lt;p&gt;Alexander McQueen&lt;\/p&gt;\n\" data-medium-file=\"https:\/\/i0.wp.com\/agrund.com\/wp-content\/uploads\/sites\/6\/2016\/01\/6-Alexander-McQueen-Punk-e1453124433822.jpg?fit=200%2C300&amp;ssl=1\" data-large-file=\"https:\/\/i0.wp.com\/agrund.com\/wp-content\/uploads\/sites\/6\/2016\/01\/6-Alexander-McQueen-Punk-e1453124433822.jpg?fit=683%2C1024&amp;ssl=1\" decoding=\"async\" loading=\"lazy\" class=\"size-full wp-image-142617\" src=\"https:\/\/i0.wp.com\/www.agrund.com\/wp-content\/uploads\/sites\/6\/2016\/01\/6-Alexander-McQueen-Punk-e1453124433822.jpg?resize=570%2C855\" alt=\"Alexander McQueen\" width=\"570\" height=\"855\" data-recalc-dims=\"1\" \/><\/a><p id=\"caption-attachment-142617\" class=\"wp-caption-text\">Alexander McQueen<\/p><\/div>\n<div id=\"attachment_142618\" style=\"width: 580px\" class=\"wp-caption aligncenter\"><a href=\"https:\/\/i0.wp.com\/www.agrund.com\/wp-content\/uploads\/sites\/6\/2016\/01\/6a-Moschino-Punk.jpg\"><img aria-describedby=\"caption-attachment-142618\" data-attachment-id=\"142618\" data-permalink=\"https:\/\/agrund.com\/index.php\/moda-masculina-inverno-2016-as-tendencias-da-semana-de-moda-de-londres\/6a-moschino-punk\/\" data-orig-file=\"https:\/\/i0.wp.com\/agrund.com\/wp-content\/uploads\/sites\/6\/2016\/01\/6a-Moschino-Punk-e1453124449806.jpg?fit=570%2C855&amp;ssl=1\" data-orig-size=\"570,855\" data-comments-opened=\"1\" data-image-meta=\"{&quot;aperture&quot;:&quot;0&quot;,&quot;credit&quot;:&quot;MarcusTondo&quot;,&quot;camera&quot;:&quot;&quot;,&quot;caption&quot;:&quot;&quot;,&quot;created_timestamp&quot;:&quot;1452453935&quot;,&quot;copyright&quot;:&quot;Photo: Marcus Tondo \\\/ Indigitalimages.com&quot;,&quot;focal_length&quot;:&quot;0&quot;,&quot;iso&quot;:&quot;0&quot;,&quot;shutter_speed&quot;:&quot;0&quot;,&quot;title&quot;:&quot;&quot;,&quot;orientation&quot;:&quot;0&quot;}\" data-image-title=\"5a Christopher Kane Cal\u00e7a curta\" data-image-description=\"\" data-image-caption=\"&lt;p&gt;Moschino&lt;\/p&gt;\n\" data-medium-file=\"https:\/\/i0.wp.com\/agrund.com\/wp-content\/uploads\/sites\/6\/2016\/01\/6a-Moschino-Punk-e1453124449806.jpg?fit=200%2C300&amp;ssl=1\" data-large-file=\"https:\/\/i0.wp.com\/agrund.com\/wp-content\/uploads\/sites\/6\/2016\/01\/6a-Moschino-Punk-e1453124449806.jpg?fit=683%2C1024&amp;ssl=1\" decoding=\"async\" loading=\"lazy\" class=\"size-full wp-image-142618\" src=\"https:\/\/i0.wp.com\/www.agrund.com\/wp-content\/uploads\/sites\/6\/2016\/01\/6a-Moschino-Punk-e1453124449806.jpg?resize=570%2C855\" alt=\"Moschino\" width=\"570\" height=\"855\" data-recalc-dims=\"1\" \/><\/a><p id=\"caption-attachment-142618\" class=\"wp-caption-text\">Moschino<\/p><\/div>\n<p>E a\u00ed, gente? Qual sua opini\u00e3o em rela\u00e7\u00e3o a essas tend\u00eancias?<\/p>\n<p>Imagens: Reprodu\u00e7\u00e3o.<\/p>\n","protected":false},"excerpt":{"rendered":"<p>Por Fabio Paiva Oi, gente! 2016 come\u00e7ou com tudo e preciso agradecer a audi\u00eancia de voc\u00eas em 2015. E sem perder tempo, j\u00e1 fiz um resum\u00e3o das principais tend\u00eancias da semana de moda de Londres Inverno 2016. Por ser considerada a semana mais conceitual de todas, muita coisa se resume ao p\u00fablico ingl\u00eas, ousado na [&hellip;]<\/p>\n","protected":false},"author":8,"featured_media":142620,"comment_status":"open","ping_status":"open","sticky":false,"template":"","format":"standard","meta":{"jetpack_post_was_ever_published":false,"_jetpack_newsletter_access":"","jetpack_publicize_message":"","jetpack_is_tweetstorm":false,"jetpack_publicize_feature_enabled":true,"jetpack_social_post_already_shared":true,"jetpack_social_options":{"image_generator_settings":{"template":"highway","enabled":false}}},"categories":[6],"tags":[],"jetpack_publicize_connections":[],"jetpack_featured_media_url":"https:\/\/i0.wp.com\/agrund.com\/wp-content\/uploads\/sites\/6\/2016\/01\/slide61.jpg?fit=960%2C300&ssl=1","jetpack_sharing_enabled":true,"jetpack_shortlink":"https:\/\/wp.me\/p3Hz0n-B66","jetpack_likes_enabled":true,"_links":{"self":[{"href":"https:\/\/agrund.com\/index.php\/wp-json\/wp\/v2\/posts\/142606"}],"collection":[{"href":"https:\/\/agrund.com\/index.php\/wp-json\/wp\/v2\/posts"}],"about":[{"href":"https:\/\/agrund.com\/index.php\/wp-json\/wp\/v2\/types\/post"}],"author":[{"embeddable":true,"href":"https:\/\/agrund.com\/index.php\/wp-json\/wp\/v2\/users\/8"}],"replies":[{"embeddable":true,"href":"https:\/\/agrund.com\/index.php\/wp-json\/wp\/v2\/comments?post=142606"}],"version-history":[{"count":0,"href":"https:\/\/agrund.com\/index.php\/wp-json\/wp\/v2\/posts\/142606\/revisions"}],"wp:featuredmedia":[{"embeddable":true,"href":"https:\/\/agrund.com\/index.php\/wp-json\/wp\/v2\/media\/142620"}],"wp:attachment":[{"href":"https:\/\/agrund.com\/index.php\/wp-json\/wp\/v2\/media?parent=142606"}],"wp:term":[{"taxonomy":"category","embeddable":true,"href":"https:\/\/agrund.com\/index.php\/wp-json\/wp\/v2\/categories?post=142606"},{"taxonomy":"post_tag","embeddable":true,"href":"https:\/\/agrund.com\/index.php\/wp-json\/wp\/v2\/tags?post=142606"}],"curies":[{"name":"wp","href":"https:\/\/api.w.org\/{rel}","templated":true}]}}