{"id":142590,"date":"2016-01-18T12:00:14","date_gmt":"2016-01-18T14:00:14","guid":{"rendered":"http:\/\/www.agrund.com\/?p=142590"},"modified":"2016-01-18T09:50:46","modified_gmt":"2016-01-18T11:50:46","slug":"dicas-curtas-por-fabio-paiva-um-fim-de-semana-na-praia-i","status":"publish","type":"post","link":"https:\/\/agrund.com\/index.php\/dicas-curtas-por-fabio-paiva-um-fim-de-semana-na-praia-i\/","title":{"rendered":"Dicas Curtas por Fabio Paiva :: Um fim de semana na praia I"},"content":{"rendered":"<p>Nesse m\u00eas sempre aparece um final de semana surpresa para voc\u00ea curtir uma praia. Ent\u00e3o, pensando nas minhas experi\u00eancias, vou sugerir o que voc\u00ea pode levar de roupas para curtir bem o finde, da sexta ao \u00faltimo raio de sol do domingo, incluindo a roupa da viagem de volta para casa. Mas antes de qualquer dica de roupa, fa\u00e7a uma lista de seus itens essenciais de higiene e sa\u00fade. Cada um com suas peculiaridades. Mais dicas no Twitter e Instagram @FabioPaivaFP.<\/p>\n<div id=\"attachment_142591\" style=\"width: 510px\" class=\"wp-caption aligncenter\"><a href=\"https:\/\/i0.wp.com\/www.agrund.com\/wp-content\/uploads\/sites\/6\/2016\/01\/544004436.jpg\"><img aria-describedby=\"caption-attachment-142591\" data-attachment-id=\"142591\" data-permalink=\"https:\/\/agrund.com\/index.php\/dicas-curtas-por-fabio-paiva-um-fim-de-semana-na-praia-i\/attachment\/544004436\/\" data-orig-file=\"https:\/\/i0.wp.com\/agrund.com\/wp-content\/uploads\/sites\/6\/2016\/01\/544004436.jpg?fit=500%2C500&amp;ssl=1\" data-orig-size=\"500,500\" data-comments-opened=\"1\" data-image-meta=\"{&quot;aperture&quot;:&quot;0&quot;,&quot;credit&quot;:&quot;&quot;,&quot;camera&quot;:&quot;&quot;,&quot;caption&quot;:&quot;&quot;,&quot;created_timestamp&quot;:&quot;0&quot;,&quot;copyright&quot;:&quot;&quot;,&quot;focal_length&quot;:&quot;0&quot;,&quot;iso&quot;:&quot;0&quot;,&quot;shutter_speed&quot;:&quot;0&quot;,&quot;title&quot;:&quot;&quot;,&quot;orientation&quot;:&quot;0&quot;}\" data-image-title=\"Dicas Curtas por Fabio Paiva :: Um fim de semana na praia I\" data-image-description=\"\" data-image-caption=\"&lt;p&gt;Dicas Curtas por Fabio Paiva :: Um fim de semana na praia I&lt;\/p&gt;\n\" data-medium-file=\"https:\/\/i0.wp.com\/agrund.com\/wp-content\/uploads\/sites\/6\/2016\/01\/544004436.jpg?fit=300%2C300&amp;ssl=1\" data-large-file=\"https:\/\/i0.wp.com\/agrund.com\/wp-content\/uploads\/sites\/6\/2016\/01\/544004436.jpg?fit=500%2C500&amp;ssl=1\" decoding=\"async\" loading=\"lazy\" class=\"size-full wp-image-142591\" src=\"https:\/\/i0.wp.com\/www.agrund.com\/wp-content\/uploads\/sites\/6\/2016\/01\/544004436.jpg?resize=500%2C500\" alt=\"Dicas Curtas por Fabio Paiva :: Um fim de semana na praia I\" width=\"500\" height=\"500\" srcset=\"https:\/\/i0.wp.com\/agrund.com\/wp-content\/uploads\/sites\/6\/2016\/01\/544004436.jpg?w=500&amp;ssl=1 500w, https:\/\/i0.wp.com\/agrund.com\/wp-content\/uploads\/sites\/6\/2016\/01\/544004436.jpg?resize=150%2C150&amp;ssl=1 150w, https:\/\/i0.wp.com\/agrund.com\/wp-content\/uploads\/sites\/6\/2016\/01\/544004436.jpg?resize=300%2C300&amp;ssl=1 300w\" sizes=\"(max-width: 500px) 100vw, 500px\" data-recalc-dims=\"1\" \/><\/a><p id=\"caption-attachment-142591\" class=\"wp-caption-text\">Dicas Curtas por Fabio Paiva :: Um fim de semana na praia I<\/p><\/div>\n<p>Imagem: Reprodu\u00e7\u00e3o.<\/p>\n","protected":false},"excerpt":{"rendered":"<p>Nesse m\u00eas sempre aparece um final de semana surpresa para voc\u00ea curtir uma praia. Ent\u00e3o, pensando nas minhas experi\u00eancias, vou sugerir o que voc\u00ea pode levar de roupas para curtir bem o finde, da sexta ao \u00faltimo raio de sol do domingo, incluindo a roupa da viagem de volta para casa. Mas antes de qualquer [&hellip;]<\/p>\n","protected":false},"author":8,"featured_media":142592,"comment_status":"open","ping_status":"open","sticky":false,"template":"","format":"standard","meta":{"jetpack_post_was_ever_published":false,"_jetpack_newsletter_access":"","jetpack_publicize_message":"","jetpack_is_tweetstorm":false,"jetpack_publicize_feature_enabled":true,"jetpack_social_post_already_shared":true,"jetpack_social_options":{"image_generator_settings":{"template":"highway","enabled":false}}},"categories":[5,6],"tags":[],"jetpack_publicize_connections":[],"jetpack_featured_media_url":"https:\/\/i0.wp.com\/agrund.com\/wp-content\/uploads\/sites\/6\/2016\/01\/slide116.jpg?fit=960%2C300&ssl=1","jetpack_sharing_enabled":true,"jetpack_shortlink":"https:\/\/wp.me\/p3Hz0n-B5Q","jetpack_likes_enabled":true,"_links":{"self":[{"href":"https:\/\/agrund.com\/index.php\/wp-json\/wp\/v2\/posts\/142590"}],"collection":[{"href":"https:\/\/agrund.com\/index.php\/wp-json\/wp\/v2\/posts"}],"about":[{"href":"https:\/\/agrund.com\/index.php\/wp-json\/wp\/v2\/types\/post"}],"author":[{"embeddable":true,"href":"https:\/\/agrund.com\/index.php\/wp-json\/wp\/v2\/users\/8"}],"replies":[{"embeddable":true,"href":"https:\/\/agrund.com\/index.php\/wp-json\/wp\/v2\/comments?post=142590"}],"version-history":[{"count":0,"href":"https:\/\/agrund.com\/index.php\/wp-json\/wp\/v2\/posts\/142590\/revisions"}],"wp:featuredmedia":[{"embeddable":true,"href":"https:\/\/agrund.com\/index.php\/wp-json\/wp\/v2\/media\/142592"}],"wp:attachment":[{"href":"https:\/\/agrund.com\/index.php\/wp-json\/wp\/v2\/media?parent=142590"}],"wp:term":[{"taxonomy":"category","embeddable":true,"href":"https:\/\/agrund.com\/index.php\/wp-json\/wp\/v2\/categories?post=142590"},{"taxonomy":"post_tag","embeddable":true,"href":"https:\/\/agrund.com\/index.php\/wp-json\/wp\/v2\/tags?post=142590"}],"curies":[{"name":"wp","href":"https:\/\/api.w.org\/{rel}","templated":true}]}}