{"id":142578,"date":"2016-01-18T11:30:22","date_gmt":"2016-01-18T13:30:22","guid":{"rendered":"http:\/\/www.agrund.com\/?p=142578"},"modified":"2016-01-18T09:24:52","modified_gmt":"2016-01-18T11:24:52","slug":"milao-inverno-2016-o-eterno-minimalismo-de-jil-sander","status":"publish","type":"post","link":"https:\/\/agrund.com\/index.php\/milao-inverno-2016-o-eterno-minimalismo-de-jil-sander\/","title":{"rendered":"Mil\u00e3o Inverno 2016 :: O eterno minimalismo de Jil Sander"},"content":{"rendered":"<p>Por Arlindo Grund<\/p>\n<p>Rodolfo Paglialunga respeitou mais uma vez a espinha dorsal da marca Jil Sander. Para o inverno 2016 apresentado em Mil\u00e3o, ele explorou o minimalismo com inusitados toque modernos. \u00c9 interessante observar a evolu\u00e7\u00e3o desse diretor criativo que mostra uma cole\u00e7\u00e3o evolu\u00edda e forte. Casacos e palet\u00f3s com faixas traziam um ar mais moderno para a armadura do dia-a-dia. A l\u00e3 tamb\u00e9m apareceu em pe\u00e7as como um macac\u00e3o, que tamb\u00e9m tinha detalhes em ferragens. As cal\u00e7as em nylon, com modelagens mais amplas, trouxeram um ar mais esportivo a esse minimalismo exagerado. Destaque para as bolsas, mochilas e para a pochete que realmente insiste em aparecer em todas as esta\u00e7\u00f5es. Uma apresenta\u00e7\u00e3o cheia de linhas e de uma beleza nada convencional. Amei!<\/p>\n<div id=\"attachment_142579\" style=\"width: 580px\" class=\"wp-caption aligncenter\"><a href=\"https:\/\/i0.wp.com\/www.agrund.com\/wp-content\/uploads\/sites\/6\/2016\/01\/130-e1453116007576.jpg\"><img aria-describedby=\"caption-attachment-142579\" data-attachment-id=\"142579\" data-permalink=\"https:\/\/agrund.com\/index.php\/milao-inverno-2016-o-eterno-minimalismo-de-jil-sander\/1-540\/\" data-orig-file=\"https:\/\/i0.wp.com\/agrund.com\/wp-content\/uploads\/sites\/6\/2016\/01\/130-e1453116007576.jpg?fit=570%2C855&amp;ssl=1\" data-orig-size=\"570,855\" data-comments-opened=\"1\" data-image-meta=\"{&quot;aperture&quot;:&quot;0&quot;,&quot;credit&quot;:&quot;MarcusTondo&quot;,&quot;camera&quot;:&quot;&quot;,&quot;caption&quot;:&quot;&quot;,&quot;created_timestamp&quot;:&quot;1452961701&quot;,&quot;copyright&quot;:&quot;Photo: Marcus Tondo \\\/ Indigitalimages.com&quot;,&quot;focal_length&quot;:&quot;0&quot;,&quot;iso&quot;:&quot;0&quot;,&quot;shutter_speed&quot;:&quot;0&quot;,&quot;title&quot;:&quot;&quot;,&quot;orientation&quot;:&quot;0&quot;}\" data-image-title=\"Mil\u00e3o Inverno 2016 :: O eterno minimalismo de Jil Sander\" data-image-description=\"\" data-image-caption=\"&lt;p&gt;Mil\u00e3o Inverno 2016 :: O eterno minimalismo de Jil Sander&lt;\/p&gt;\n\" data-medium-file=\"https:\/\/i0.wp.com\/agrund.com\/wp-content\/uploads\/sites\/6\/2016\/01\/130-e1453116007576.jpg?fit=200%2C300&amp;ssl=1\" data-large-file=\"https:\/\/i0.wp.com\/agrund.com\/wp-content\/uploads\/sites\/6\/2016\/01\/130-e1453116007576.jpg?fit=683%2C1024&amp;ssl=1\" decoding=\"async\" loading=\"lazy\" class=\"size-full wp-image-142579\" src=\"https:\/\/i0.wp.com\/www.agrund.com\/wp-content\/uploads\/sites\/6\/2016\/01\/130-e1453116007576.jpg?resize=570%2C855\" alt=\"Mil\u00e3o Inverno 2016 :: O eterno minimalismo de Jil Sander\" width=\"570\" height=\"855\" data-recalc-dims=\"1\" \/><\/a><p id=\"caption-attachment-142579\" class=\"wp-caption-text\">Mil\u00e3o Inverno 2016 :: O eterno minimalismo de Jil Sander<\/p><\/div>\n<div id=\"attachment_142580\" style=\"width: 580px\" class=\"wp-caption aligncenter\"><a href=\"https:\/\/i0.wp.com\/www.agrund.com\/wp-content\/uploads\/sites\/6\/2016\/01\/226-e1453116028190.jpg\"><img aria-describedby=\"caption-attachment-142580\" data-attachment-id=\"142580\" data-permalink=\"https:\/\/agrund.com\/index.php\/milao-inverno-2016-o-eterno-minimalismo-de-jil-sander\/2-515\/\" data-orig-file=\"https:\/\/i0.wp.com\/agrund.com\/wp-content\/uploads\/sites\/6\/2016\/01\/226-e1453116028190.jpg?fit=570%2C855&amp;ssl=1\" data-orig-size=\"570,855\" data-comments-opened=\"1\" data-image-meta=\"{&quot;aperture&quot;:&quot;0&quot;,&quot;credit&quot;:&quot;MarcusTondo&quot;,&quot;camera&quot;:&quot;&quot;,&quot;caption&quot;:&quot;&quot;,&quot;created_timestamp&quot;:&quot;1452961745&quot;,&quot;copyright&quot;:&quot;Photo: Marcus Tondo \\\/ Indigitalimages.com&quot;,&quot;focal_length&quot;:&quot;0&quot;,&quot;iso&quot;:&quot;0&quot;,&quot;shutter_speed&quot;:&quot;0&quot;,&quot;title&quot;:&quot;&quot;,&quot;orientation&quot;:&quot;0&quot;}\" data-image-title=\"Mil\u00e3o Inverno 2016 :: O eterno minimalismo de Jil Sander\" data-image-description=\"\" data-image-caption=\"&lt;p&gt;Mil\u00e3o Inverno 2016 :: O eterno minimalismo de Jil Sander&lt;\/p&gt;\n\" data-medium-file=\"https:\/\/i0.wp.com\/agrund.com\/wp-content\/uploads\/sites\/6\/2016\/01\/226-e1453116028190.jpg?fit=200%2C300&amp;ssl=1\" data-large-file=\"https:\/\/i0.wp.com\/agrund.com\/wp-content\/uploads\/sites\/6\/2016\/01\/226-e1453116028190.jpg?fit=683%2C1024&amp;ssl=1\" decoding=\"async\" loading=\"lazy\" class=\"size-full wp-image-142580\" src=\"https:\/\/i0.wp.com\/www.agrund.com\/wp-content\/uploads\/sites\/6\/2016\/01\/226-e1453116028190.jpg?resize=570%2C855\" alt=\"Mil\u00e3o Inverno 2016 :: O eterno minimalismo de Jil Sander\" width=\"570\" height=\"855\" data-recalc-dims=\"1\" \/><\/a><p id=\"caption-attachment-142580\" class=\"wp-caption-text\">Mil\u00e3o Inverno 2016 :: O eterno minimalismo de Jil Sander<\/p><\/div>\n<div id=\"attachment_142581\" style=\"width: 580px\" class=\"wp-caption aligncenter\"><a href=\"https:\/\/i0.wp.com\/www.agrund.com\/wp-content\/uploads\/sites\/6\/2016\/01\/324.jpg\"><img aria-describedby=\"caption-attachment-142581\" data-attachment-id=\"142581\" data-permalink=\"https:\/\/agrund.com\/index.php\/milao-inverno-2016-o-eterno-minimalismo-de-jil-sander\/3-494\/\" data-orig-file=\"https:\/\/i0.wp.com\/agrund.com\/wp-content\/uploads\/sites\/6\/2016\/01\/324-e1453116042428.jpg?fit=570%2C855&amp;ssl=1\" data-orig-size=\"570,855\" data-comments-opened=\"1\" data-image-meta=\"{&quot;aperture&quot;:&quot;0&quot;,&quot;credit&quot;:&quot;MarcusTondo&quot;,&quot;camera&quot;:&quot;&quot;,&quot;caption&quot;:&quot;&quot;,&quot;created_timestamp&quot;:&quot;1452961778&quot;,&quot;copyright&quot;:&quot;Photo: Marcus Tondo \\\/ Indigitalimages.com&quot;,&quot;focal_length&quot;:&quot;0&quot;,&quot;iso&quot;:&quot;0&quot;,&quot;shutter_speed&quot;:&quot;0&quot;,&quot;title&quot;:&quot;&quot;,&quot;orientation&quot;:&quot;0&quot;}\" data-image-title=\"Mil\u00e3o Inverno 2016 :: O eterno minimalismo de Jil Sander\" data-image-description=\"\" data-image-caption=\"&lt;p&gt;Mil\u00e3o Inverno 2016 :: O eterno minimalismo de Jil Sander&lt;\/p&gt;\n\" data-medium-file=\"https:\/\/i0.wp.com\/agrund.com\/wp-content\/uploads\/sites\/6\/2016\/01\/324-e1453116042428.jpg?fit=200%2C300&amp;ssl=1\" data-large-file=\"https:\/\/i0.wp.com\/agrund.com\/wp-content\/uploads\/sites\/6\/2016\/01\/324-e1453116042428.jpg?fit=683%2C1024&amp;ssl=1\" decoding=\"async\" loading=\"lazy\" class=\"size-full wp-image-142581\" src=\"https:\/\/i0.wp.com\/www.agrund.com\/wp-content\/uploads\/sites\/6\/2016\/01\/324-e1453116042428.jpg?resize=570%2C855\" alt=\"Mil\u00e3o Inverno 2016 :: O eterno minimalismo de Jil Sander\" width=\"570\" height=\"855\" data-recalc-dims=\"1\" \/><\/a><p id=\"caption-attachment-142581\" class=\"wp-caption-text\">Mil\u00e3o Inverno 2016 :: O eterno minimalismo de Jil Sander<\/p><\/div>\n<div id=\"attachment_142582\" style=\"width: 580px\" class=\"wp-caption aligncenter\"><a href=\"https:\/\/i0.wp.com\/www.agrund.com\/wp-content\/uploads\/sites\/6\/2016\/01\/424.jpg\"><img aria-describedby=\"caption-attachment-142582\" data-attachment-id=\"142582\" data-permalink=\"https:\/\/agrund.com\/index.php\/milao-inverno-2016-o-eterno-minimalismo-de-jil-sander\/4-467\/\" data-orig-file=\"https:\/\/i0.wp.com\/agrund.com\/wp-content\/uploads\/sites\/6\/2016\/01\/424-e1453116054916.jpg?fit=570%2C855&amp;ssl=1\" data-orig-size=\"570,855\" data-comments-opened=\"1\" data-image-meta=\"{&quot;aperture&quot;:&quot;0&quot;,&quot;credit&quot;:&quot;MarcusTondo&quot;,&quot;camera&quot;:&quot;&quot;,&quot;caption&quot;:&quot;&quot;,&quot;created_timestamp&quot;:&quot;1452961886&quot;,&quot;copyright&quot;:&quot;Photo: Marcus Tondo \\\/ Indigitalimages.com&quot;,&quot;focal_length&quot;:&quot;0&quot;,&quot;iso&quot;:&quot;0&quot;,&quot;shutter_speed&quot;:&quot;0&quot;,&quot;title&quot;:&quot;&quot;,&quot;orientation&quot;:&quot;0&quot;}\" data-image-title=\"Mil\u00e3o Inverno 2016 :: O eterno minimalismo de Jil Sander\" data-image-description=\"\" data-image-caption=\"&lt;p&gt;Mil\u00e3o Inverno 2016 :: O eterno minimalismo de Jil Sander&lt;\/p&gt;\n\" data-medium-file=\"https:\/\/i0.wp.com\/agrund.com\/wp-content\/uploads\/sites\/6\/2016\/01\/424-e1453116054916.jpg?fit=200%2C300&amp;ssl=1\" data-large-file=\"https:\/\/i0.wp.com\/agrund.com\/wp-content\/uploads\/sites\/6\/2016\/01\/424-e1453116054916.jpg?fit=683%2C1024&amp;ssl=1\" decoding=\"async\" loading=\"lazy\" class=\"size-full wp-image-142582\" src=\"https:\/\/i0.wp.com\/www.agrund.com\/wp-content\/uploads\/sites\/6\/2016\/01\/424-e1453116054916.jpg?resize=570%2C855\" alt=\"Mil\u00e3o Inverno 2016 :: O eterno minimalismo de Jil Sander\" width=\"570\" height=\"855\" data-recalc-dims=\"1\" \/><\/a><p id=\"caption-attachment-142582\" class=\"wp-caption-text\">Mil\u00e3o Inverno 2016 :: O eterno minimalismo de Jil Sander<\/p><\/div>\n<div id=\"attachment_142583\" style=\"width: 580px\" class=\"wp-caption aligncenter\"><a href=\"https:\/\/i0.wp.com\/www.agrund.com\/wp-content\/uploads\/sites\/6\/2016\/01\/524.jpg\"><img aria-describedby=\"caption-attachment-142583\" data-attachment-id=\"142583\" data-permalink=\"https:\/\/agrund.com\/index.php\/milao-inverno-2016-o-eterno-minimalismo-de-jil-sander\/5-446\/\" data-orig-file=\"https:\/\/i0.wp.com\/agrund.com\/wp-content\/uploads\/sites\/6\/2016\/01\/524-e1453116068274.jpg?fit=570%2C855&amp;ssl=1\" data-orig-size=\"570,855\" data-comments-opened=\"1\" data-image-meta=\"{&quot;aperture&quot;:&quot;0&quot;,&quot;credit&quot;:&quot;MarcusTondo&quot;,&quot;camera&quot;:&quot;&quot;,&quot;caption&quot;:&quot;&quot;,&quot;created_timestamp&quot;:&quot;1452961908&quot;,&quot;copyright&quot;:&quot;Photo: Marcus Tondo \\\/ Indigitalimages.com&quot;,&quot;focal_length&quot;:&quot;0&quot;,&quot;iso&quot;:&quot;0&quot;,&quot;shutter_speed&quot;:&quot;0&quot;,&quot;title&quot;:&quot;&quot;,&quot;orientation&quot;:&quot;0&quot;}\" data-image-title=\"Mil\u00e3o Inverno 2016 :: O eterno minimalismo de Jil Sander\" data-image-description=\"\" data-image-caption=\"&lt;p&gt;Mil\u00e3o Inverno 2016 :: O eterno minimalismo de Jil Sander&lt;\/p&gt;\n\" data-medium-file=\"https:\/\/i0.wp.com\/agrund.com\/wp-content\/uploads\/sites\/6\/2016\/01\/524-e1453116068274.jpg?fit=200%2C300&amp;ssl=1\" data-large-file=\"https:\/\/i0.wp.com\/agrund.com\/wp-content\/uploads\/sites\/6\/2016\/01\/524-e1453116068274.jpg?fit=683%2C1024&amp;ssl=1\" decoding=\"async\" loading=\"lazy\" class=\"size-full wp-image-142583\" src=\"https:\/\/i0.wp.com\/www.agrund.com\/wp-content\/uploads\/sites\/6\/2016\/01\/524-e1453116068274.jpg?resize=570%2C855\" alt=\"Mil\u00e3o Inverno 2016 :: O eterno minimalismo de Jil Sander\" width=\"570\" height=\"855\" data-recalc-dims=\"1\" \/><\/a><p id=\"caption-attachment-142583\" class=\"wp-caption-text\">Mil\u00e3o Inverno 2016 :: O eterno minimalismo de Jil Sander<\/p><\/div>\n<div id=\"attachment_142584\" style=\"width: 580px\" class=\"wp-caption aligncenter\"><a href=\"https:\/\/i0.wp.com\/www.agrund.com\/wp-content\/uploads\/sites\/6\/2016\/01\/624.jpg\"><img aria-describedby=\"caption-attachment-142584\" data-attachment-id=\"142584\" data-permalink=\"https:\/\/agrund.com\/index.php\/milao-inverno-2016-o-eterno-minimalismo-de-jil-sander\/6-427\/\" data-orig-file=\"https:\/\/i0.wp.com\/agrund.com\/wp-content\/uploads\/sites\/6\/2016\/01\/624-e1453116080828.jpg?fit=570%2C855&amp;ssl=1\" data-orig-size=\"570,855\" data-comments-opened=\"1\" data-image-meta=\"{&quot;aperture&quot;:&quot;0&quot;,&quot;credit&quot;:&quot;MarcusTondo&quot;,&quot;camera&quot;:&quot;&quot;,&quot;caption&quot;:&quot;&quot;,&quot;created_timestamp&quot;:&quot;1452961960&quot;,&quot;copyright&quot;:&quot;Photo: Marcus Tondo \\\/ Indigitalimages.com&quot;,&quot;focal_length&quot;:&quot;0&quot;,&quot;iso&quot;:&quot;0&quot;,&quot;shutter_speed&quot;:&quot;0&quot;,&quot;title&quot;:&quot;&quot;,&quot;orientation&quot;:&quot;0&quot;}\" data-image-title=\"Mil\u00e3o Inverno 2016 :: O eterno minimalismo de Jil Sander\" data-image-description=\"\" data-image-caption=\"&lt;p&gt;Mil\u00e3o Inverno 2016 :: O eterno minimalismo de Jil Sander&lt;\/p&gt;\n\" data-medium-file=\"https:\/\/i0.wp.com\/agrund.com\/wp-content\/uploads\/sites\/6\/2016\/01\/624-e1453116080828.jpg?fit=200%2C300&amp;ssl=1\" data-large-file=\"https:\/\/i0.wp.com\/agrund.com\/wp-content\/uploads\/sites\/6\/2016\/01\/624-e1453116080828.jpg?fit=683%2C1024&amp;ssl=1\" decoding=\"async\" loading=\"lazy\" class=\"size-full wp-image-142584\" src=\"https:\/\/i0.wp.com\/www.agrund.com\/wp-content\/uploads\/sites\/6\/2016\/01\/624-e1453116080828.jpg?resize=570%2C855\" alt=\"Mil\u00e3o Inverno 2016 :: O eterno minimalismo de Jil Sander\" width=\"570\" height=\"855\" data-recalc-dims=\"1\" \/><\/a><p id=\"caption-attachment-142584\" class=\"wp-caption-text\">Mil\u00e3o Inverno 2016 :: O eterno minimalismo de Jil Sander<\/p><\/div>\n<div id=\"attachment_142585\" style=\"width: 580px\" class=\"wp-caption aligncenter\"><a href=\"https:\/\/i0.wp.com\/www.agrund.com\/wp-content\/uploads\/sites\/6\/2016\/01\/724.jpg\"><img aria-describedby=\"caption-attachment-142585\" data-attachment-id=\"142585\" data-permalink=\"https:\/\/agrund.com\/index.php\/milao-inverno-2016-o-eterno-minimalismo-de-jil-sander\/7-401\/\" data-orig-file=\"https:\/\/i0.wp.com\/agrund.com\/wp-content\/uploads\/sites\/6\/2016\/01\/724-e1453116094907.jpg?fit=570%2C855&amp;ssl=1\" data-orig-size=\"570,855\" data-comments-opened=\"1\" data-image-meta=\"{&quot;aperture&quot;:&quot;0&quot;,&quot;credit&quot;:&quot;MarcusTondo&quot;,&quot;camera&quot;:&quot;&quot;,&quot;caption&quot;:&quot;&quot;,&quot;created_timestamp&quot;:&quot;1452962069&quot;,&quot;copyright&quot;:&quot;Photo: Marcus Tondo \\\/ Indigitalimages.com&quot;,&quot;focal_length&quot;:&quot;0&quot;,&quot;iso&quot;:&quot;0&quot;,&quot;shutter_speed&quot;:&quot;0&quot;,&quot;title&quot;:&quot;&quot;,&quot;orientation&quot;:&quot;0&quot;}\" data-image-title=\"Mil\u00e3o Inverno 2016 :: O eterno minimalismo de Jil Sander\" data-image-description=\"\" data-image-caption=\"&lt;p&gt;Mil\u00e3o Inverno 2016 :: O eterno minimalismo de Jil Sander&lt;\/p&gt;\n\" data-medium-file=\"https:\/\/i0.wp.com\/agrund.com\/wp-content\/uploads\/sites\/6\/2016\/01\/724-e1453116094907.jpg?fit=200%2C300&amp;ssl=1\" data-large-file=\"https:\/\/i0.wp.com\/agrund.com\/wp-content\/uploads\/sites\/6\/2016\/01\/724-e1453116094907.jpg?fit=683%2C1024&amp;ssl=1\" decoding=\"async\" loading=\"lazy\" class=\"size-full wp-image-142585\" src=\"https:\/\/i0.wp.com\/www.agrund.com\/wp-content\/uploads\/sites\/6\/2016\/01\/724-e1453116094907.jpg?resize=570%2C855\" alt=\"Mil\u00e3o Inverno 2016 :: O eterno minimalismo de Jil Sander\" width=\"570\" height=\"855\" data-recalc-dims=\"1\" \/><\/a><p id=\"caption-attachment-142585\" class=\"wp-caption-text\">Mil\u00e3o Inverno 2016 :: O eterno minimalismo de Jil Sander<\/p><\/div>\n<div id=\"attachment_142586\" style=\"width: 580px\" class=\"wp-caption aligncenter\"><a href=\"https:\/\/i0.wp.com\/www.agrund.com\/wp-content\/uploads\/sites\/6\/2016\/01\/825.jpg\"><img aria-describedby=\"caption-attachment-142586\" data-attachment-id=\"142586\" data-permalink=\"https:\/\/agrund.com\/index.php\/milao-inverno-2016-o-eterno-minimalismo-de-jil-sander\/8-399\/\" data-orig-file=\"https:\/\/i0.wp.com\/agrund.com\/wp-content\/uploads\/sites\/6\/2016\/01\/825-e1453116109945.jpg?fit=570%2C855&amp;ssl=1\" data-orig-size=\"570,855\" data-comments-opened=\"1\" data-image-meta=\"{&quot;aperture&quot;:&quot;0&quot;,&quot;credit&quot;:&quot;MarcusTondo&quot;,&quot;camera&quot;:&quot;&quot;,&quot;caption&quot;:&quot;&quot;,&quot;created_timestamp&quot;:&quot;1452962174&quot;,&quot;copyright&quot;:&quot;Photo: Marcus Tondo \\\/ Indigitalimages.com&quot;,&quot;focal_length&quot;:&quot;0&quot;,&quot;iso&quot;:&quot;0&quot;,&quot;shutter_speed&quot;:&quot;0&quot;,&quot;title&quot;:&quot;&quot;,&quot;orientation&quot;:&quot;0&quot;}\" data-image-title=\"Mil\u00e3o Inverno 2016 :: O eterno minimalismo de Jil Sander\" data-image-description=\"\" data-image-caption=\"&lt;p&gt;Mil\u00e3o Inverno 2016 :: O eterno minimalismo de Jil Sander&lt;\/p&gt;\n\" data-medium-file=\"https:\/\/i0.wp.com\/agrund.com\/wp-content\/uploads\/sites\/6\/2016\/01\/825-e1453116109945.jpg?fit=200%2C300&amp;ssl=1\" data-large-file=\"https:\/\/i0.wp.com\/agrund.com\/wp-content\/uploads\/sites\/6\/2016\/01\/825-e1453116109945.jpg?fit=683%2C1024&amp;ssl=1\" decoding=\"async\" loading=\"lazy\" class=\"size-full wp-image-142586\" src=\"https:\/\/i0.wp.com\/www.agrund.com\/wp-content\/uploads\/sites\/6\/2016\/01\/825-e1453116109945.jpg?resize=570%2C855\" alt=\"Mil\u00e3o Inverno 2016 :: O eterno minimalismo de Jil Sander\" width=\"570\" height=\"855\" data-recalc-dims=\"1\" \/><\/a><p id=\"caption-attachment-142586\" class=\"wp-caption-text\">Mil\u00e3o Inverno 2016 :: O eterno minimalismo de Jil Sander<\/p><\/div>\n<p>Imagens: Reprodu\u00e7\u00e3o.<\/p>\n","protected":false},"excerpt":{"rendered":"<p>Por Arlindo Grund Rodolfo Paglialunga respeitou mais uma vez a espinha dorsal da marca Jil Sander. Para o inverno 2016 apresentado em Mil\u00e3o, ele explorou o minimalismo com inusitados toque modernos. \u00c9 interessante observar a evolu\u00e7\u00e3o desse diretor criativo que mostra uma cole\u00e7\u00e3o evolu\u00edda e forte. Casacos e palet\u00f3s com faixas traziam um ar mais [&hellip;]<\/p>\n","protected":false},"author":8,"featured_media":142588,"comment_status":"open","ping_status":"open","sticky":false,"template":"","format":"standard","meta":{"jetpack_post_was_ever_published":false,"_jetpack_newsletter_access":"","jetpack_publicize_message":"","jetpack_is_tweetstorm":false,"jetpack_publicize_feature_enabled":true,"jetpack_social_post_already_shared":true,"jetpack_social_options":{"image_generator_settings":{"template":"highway","enabled":false}}},"categories":[9,21,6],"tags":[],"jetpack_publicize_connections":[],"jetpack_featured_media_url":"https:\/\/i0.wp.com\/agrund.com\/wp-content\/uploads\/sites\/6\/2016\/01\/s8.jpg?fit=960%2C300&ssl=1","jetpack_sharing_enabled":true,"jetpack_shortlink":"https:\/\/wp.me\/p3Hz0n-B5E","jetpack_likes_enabled":true,"_links":{"self":[{"href":"https:\/\/agrund.com\/index.php\/wp-json\/wp\/v2\/posts\/142578"}],"collection":[{"href":"https:\/\/agrund.com\/index.php\/wp-json\/wp\/v2\/posts"}],"about":[{"href":"https:\/\/agrund.com\/index.php\/wp-json\/wp\/v2\/types\/post"}],"author":[{"embeddable":true,"href":"https:\/\/agrund.com\/index.php\/wp-json\/wp\/v2\/users\/8"}],"replies":[{"embeddable":true,"href":"https:\/\/agrund.com\/index.php\/wp-json\/wp\/v2\/comments?post=142578"}],"version-history":[{"count":0,"href":"https:\/\/agrund.com\/index.php\/wp-json\/wp\/v2\/posts\/142578\/revisions"}],"wp:featuredmedia":[{"embeddable":true,"href":"https:\/\/agrund.com\/index.php\/wp-json\/wp\/v2\/media\/142588"}],"wp:attachment":[{"href":"https:\/\/agrund.com\/index.php\/wp-json\/wp\/v2\/media?parent=142578"}],"wp:term":[{"taxonomy":"category","embeddable":true,"href":"https:\/\/agrund.com\/index.php\/wp-json\/wp\/v2\/categories?post=142578"},{"taxonomy":"post_tag","embeddable":true,"href":"https:\/\/agrund.com\/index.php\/wp-json\/wp\/v2\/tags?post=142578"}],"curies":[{"name":"wp","href":"https:\/\/api.w.org\/{rel}","templated":true}]}}