{"id":142562,"date":"2016-01-18T11:00:44","date_gmt":"2016-01-18T13:00:44","guid":{"rendered":"http:\/\/www.agrund.com\/?p=142562"},"modified":"2016-01-18T09:06:41","modified_gmt":"2016-01-18T11:06:41","slug":"milao-inverno-2016-os-cowboys-italianos-da-dolce-gabbana","status":"publish","type":"post","link":"https:\/\/agrund.com\/index.php\/milao-inverno-2016-os-cowboys-italianos-da-dolce-gabbana\/","title":{"rendered":"Mil\u00e3o Inverno 2016 :: Os cowboys italianos da Dolce &amp; Gabbana"},"content":{"rendered":"<p>Por Arlindo Grund<\/p>\n<p>A inspira\u00e7\u00e3o para o inverno 2016 da Dolce &amp; Gabbana continua sendo a It\u00e1lia. Mas desta vez sob uma \u00f3tica diferente &#8211; e porque n\u00e3o surpreendente. O interior do pa\u00eds da bota! E claro que um toque de western n\u00e3o faz mal a cole\u00e7\u00e3o alguma, desde que saibam trabalhar. Aqui temos um exemplo de como unir culturas e ainda mais mostrar roupas de uma extrema eleg\u00e2ncia. Os ponchos e casacos amplos e com texturas realmente trouxeram um ar mais vintage \u00e0s pe\u00e7as. Depois, todo o charme do siciliano veio \u00e0 tona com cal\u00e7as mais secas e que se misturavam em belas composi\u00e7\u00f5es. A alfaiataria impec\u00e1vel e j\u00e1 tradicional nas passarelas da marca abrilhantaram a apresenta\u00e7\u00e3o. As ceroulas, que criavam um visual sexy com casacos e ponchos, estavam l\u00e1 para dar um ar mais real, tipo cowboy empoeirado. Aplica\u00e7\u00f5es, bordados e estampas remetiam ao universo retratado de uma maneira bem divertida. Os pijamas ainda est\u00e3o fortes e continuam para o inverno 2016, j\u00e1 que nessa temporada tiveram procura m\u00e1xima em seus pontos de venda. O destaque ficou para a estampa de Z\u00e2mbia, o gato de Stefano Gabbana, que tamb\u00e9m se atreveu a dividir pe\u00e7as com cactos e armas antigas. O destaque tecnol\u00f3gico ficou por conta da interatividade que alguns modelos faziam com seus tablets. Mais uma apresenta\u00e7\u00e3o fenomenal!<\/p>\n<div id=\"attachment_142563\" style=\"width: 580px\" class=\"wp-caption aligncenter\"><a href=\"https:\/\/i0.wp.com\/www.agrund.com\/wp-content\/uploads\/sites\/6\/2016\/01\/128-e1453114909490.jpg\"><img aria-describedby=\"caption-attachment-142563\" data-attachment-id=\"142563\" data-permalink=\"https:\/\/agrund.com\/index.php\/milao-inverno-2016-os-cowboys-italianos-da-dolce-gabbana\/1-539\/\" data-orig-file=\"https:\/\/i0.wp.com\/agrund.com\/wp-content\/uploads\/sites\/6\/2016\/01\/128-e1453114909490.jpg?fit=570%2C855&amp;ssl=1\" data-orig-size=\"570,855\" data-comments-opened=\"1\" data-image-meta=\"{&quot;aperture&quot;:&quot;0&quot;,&quot;credit&quot;:&quot;&quot;,&quot;camera&quot;:&quot;&quot;,&quot;caption&quot;:&quot;&quot;,&quot;created_timestamp&quot;:&quot;1452954531&quot;,&quot;copyright&quot;:&quot;Photo: Yannis Vlamos \\\/ Indigitalimages.com&quot;,&quot;focal_length&quot;:&quot;0&quot;,&quot;iso&quot;:&quot;0&quot;,&quot;shutter_speed&quot;:&quot;0&quot;,&quot;title&quot;:&quot;&quot;,&quot;orientation&quot;:&quot;0&quot;}\" data-image-title=\"Mil\u00e3o Inverno 2016 :: Os cowboys italianos da Dolce &amp;amp; Gabbana\" data-image-description=\"\" data-image-caption=\"&lt;p&gt;Mil\u00e3o Inverno 2016 :: Os cowboys italianos da Dolce &amp;amp; Gabbana&lt;\/p&gt;\n\" data-medium-file=\"https:\/\/i0.wp.com\/agrund.com\/wp-content\/uploads\/sites\/6\/2016\/01\/128-e1453114909490.jpg?fit=200%2C300&amp;ssl=1\" data-large-file=\"https:\/\/i0.wp.com\/agrund.com\/wp-content\/uploads\/sites\/6\/2016\/01\/128-e1453114909490.jpg?fit=683%2C1024&amp;ssl=1\" decoding=\"async\" loading=\"lazy\" class=\"size-full wp-image-142563\" src=\"https:\/\/i0.wp.com\/www.agrund.com\/wp-content\/uploads\/sites\/6\/2016\/01\/128-e1453114909490.jpg?resize=570%2C855\" alt=\"Mil\u00e3o Inverno 2016 :: Os cowboys italianos da Dolce &amp; Gabbana\" width=\"570\" height=\"855\" data-recalc-dims=\"1\" \/><\/a><p id=\"caption-attachment-142563\" class=\"wp-caption-text\">Mil\u00e3o Inverno 2016 :: Os cowboys italianos da Dolce &amp; Gabbana<\/p><\/div>\n<div id=\"attachment_142564\" style=\"width: 580px\" class=\"wp-caption aligncenter\"><a href=\"https:\/\/i0.wp.com\/www.agrund.com\/wp-content\/uploads\/sites\/6\/2016\/01\/225-e1453114922903.jpg\"><img aria-describedby=\"caption-attachment-142564\" data-attachment-id=\"142564\" data-permalink=\"https:\/\/agrund.com\/index.php\/milao-inverno-2016-os-cowboys-italianos-da-dolce-gabbana\/2-514\/\" data-orig-file=\"https:\/\/i0.wp.com\/agrund.com\/wp-content\/uploads\/sites\/6\/2016\/01\/225-e1453114922903.jpg?fit=570%2C855&amp;ssl=1\" data-orig-size=\"570,855\" data-comments-opened=\"1\" data-image-meta=\"{&quot;aperture&quot;:&quot;0&quot;,&quot;credit&quot;:&quot;&quot;,&quot;camera&quot;:&quot;&quot;,&quot;caption&quot;:&quot;&quot;,&quot;created_timestamp&quot;:&quot;1452954545&quot;,&quot;copyright&quot;:&quot;Photo: Yannis Vlamos \\\/ Indigitalimages.com&quot;,&quot;focal_length&quot;:&quot;0&quot;,&quot;iso&quot;:&quot;0&quot;,&quot;shutter_speed&quot;:&quot;0&quot;,&quot;title&quot;:&quot;&quot;,&quot;orientation&quot;:&quot;0&quot;}\" data-image-title=\"Mil\u00e3o Inverno 2016 :: Os cowboys italianos da Dolce &amp;amp; Gabbana\" data-image-description=\"\" data-image-caption=\"&lt;p&gt;Mil\u00e3o Inverno 2016 :: Os cowboys italianos da Dolce &amp;amp; Gabbana&lt;\/p&gt;\n\" data-medium-file=\"https:\/\/i0.wp.com\/agrund.com\/wp-content\/uploads\/sites\/6\/2016\/01\/225-e1453114922903.jpg?fit=200%2C300&amp;ssl=1\" data-large-file=\"https:\/\/i0.wp.com\/agrund.com\/wp-content\/uploads\/sites\/6\/2016\/01\/225-e1453114922903.jpg?fit=683%2C1024&amp;ssl=1\" decoding=\"async\" loading=\"lazy\" class=\"size-full wp-image-142564\" src=\"https:\/\/i0.wp.com\/www.agrund.com\/wp-content\/uploads\/sites\/6\/2016\/01\/225-e1453114922903.jpg?resize=570%2C855\" alt=\"Mil\u00e3o Inverno 2016 :: Os cowboys italianos da Dolce &amp; Gabbana\" width=\"570\" height=\"855\" data-recalc-dims=\"1\" \/><\/a><p id=\"caption-attachment-142564\" class=\"wp-caption-text\">Mil\u00e3o Inverno 2016 :: Os cowboys italianos da Dolce &amp; Gabbana<\/p><\/div>\n<div id=\"attachment_142565\" style=\"width: 580px\" class=\"wp-caption aligncenter\"><a href=\"https:\/\/i0.wp.com\/www.agrund.com\/wp-content\/uploads\/sites\/6\/2016\/01\/323.jpg\"><img aria-describedby=\"caption-attachment-142565\" data-attachment-id=\"142565\" data-permalink=\"https:\/\/agrund.com\/index.php\/milao-inverno-2016-os-cowboys-italianos-da-dolce-gabbana\/3-493\/\" data-orig-file=\"https:\/\/i0.wp.com\/agrund.com\/wp-content\/uploads\/sites\/6\/2016\/01\/323-e1453114937148.jpg?fit=570%2C855&amp;ssl=1\" data-orig-size=\"570,855\" data-comments-opened=\"1\" data-image-meta=\"{&quot;aperture&quot;:&quot;0&quot;,&quot;credit&quot;:&quot;&quot;,&quot;camera&quot;:&quot;&quot;,&quot;caption&quot;:&quot;&quot;,&quot;created_timestamp&quot;:&quot;1452954584&quot;,&quot;copyright&quot;:&quot;Photo: Yannis Vlamos \\\/ Indigitalimages.com&quot;,&quot;focal_length&quot;:&quot;0&quot;,&quot;iso&quot;:&quot;0&quot;,&quot;shutter_speed&quot;:&quot;0&quot;,&quot;title&quot;:&quot;&quot;,&quot;orientation&quot;:&quot;0&quot;}\" data-image-title=\"Mil\u00e3o Inverno 2016 :: Os cowboys italianos da Dolce &amp;amp; Gabbana\" data-image-description=\"\" data-image-caption=\"&lt;p&gt;Mil\u00e3o Inverno 2016 :: Os cowboys italianos da Dolce &amp;amp; Gabbana&lt;\/p&gt;\n\" data-medium-file=\"https:\/\/i0.wp.com\/agrund.com\/wp-content\/uploads\/sites\/6\/2016\/01\/323-e1453114937148.jpg?fit=200%2C300&amp;ssl=1\" data-large-file=\"https:\/\/i0.wp.com\/agrund.com\/wp-content\/uploads\/sites\/6\/2016\/01\/323-e1453114937148.jpg?fit=683%2C1024&amp;ssl=1\" decoding=\"async\" loading=\"lazy\" class=\"size-full wp-image-142565\" src=\"https:\/\/i0.wp.com\/www.agrund.com\/wp-content\/uploads\/sites\/6\/2016\/01\/323-e1453114937148.jpg?resize=570%2C855\" alt=\"Mil\u00e3o Inverno 2016 :: Os cowboys italianos da Dolce &amp; Gabbana\" width=\"570\" height=\"855\" data-recalc-dims=\"1\" \/><\/a><p id=\"caption-attachment-142565\" class=\"wp-caption-text\">Mil\u00e3o Inverno 2016 :: Os cowboys italianos da Dolce &amp; Gabbana<\/p><\/div>\n<div id=\"attachment_142566\" style=\"width: 580px\" class=\"wp-caption aligncenter\"><a href=\"https:\/\/i0.wp.com\/www.agrund.com\/wp-content\/uploads\/sites\/6\/2016\/01\/423.jpg\"><img aria-describedby=\"caption-attachment-142566\" data-attachment-id=\"142566\" data-permalink=\"https:\/\/agrund.com\/index.php\/milao-inverno-2016-os-cowboys-italianos-da-dolce-gabbana\/4-466\/\" data-orig-file=\"https:\/\/i0.wp.com\/agrund.com\/wp-content\/uploads\/sites\/6\/2016\/01\/423-e1453114953310.jpg?fit=570%2C855&amp;ssl=1\" data-orig-size=\"570,855\" data-comments-opened=\"1\" data-image-meta=\"{&quot;aperture&quot;:&quot;0&quot;,&quot;credit&quot;:&quot;&quot;,&quot;camera&quot;:&quot;&quot;,&quot;caption&quot;:&quot;&quot;,&quot;created_timestamp&quot;:&quot;1452954610&quot;,&quot;copyright&quot;:&quot;Photo: Yannis Vlamos \\\/ Indigitalimages.com&quot;,&quot;focal_length&quot;:&quot;0&quot;,&quot;iso&quot;:&quot;0&quot;,&quot;shutter_speed&quot;:&quot;0&quot;,&quot;title&quot;:&quot;&quot;,&quot;orientation&quot;:&quot;0&quot;}\" data-image-title=\"Mil\u00e3o Inverno 2016 :: Os cowboys italianos da Dolce &amp;amp; Gabbana\" data-image-description=\"\" data-image-caption=\"&lt;p&gt;Mil\u00e3o Inverno 2016 :: Os cowboys italianos da Dolce &amp;amp; Gabbana&lt;\/p&gt;\n\" data-medium-file=\"https:\/\/i0.wp.com\/agrund.com\/wp-content\/uploads\/sites\/6\/2016\/01\/423-e1453114953310.jpg?fit=200%2C300&amp;ssl=1\" data-large-file=\"https:\/\/i0.wp.com\/agrund.com\/wp-content\/uploads\/sites\/6\/2016\/01\/423-e1453114953310.jpg?fit=683%2C1024&amp;ssl=1\" decoding=\"async\" loading=\"lazy\" class=\"size-full wp-image-142566\" src=\"https:\/\/i0.wp.com\/www.agrund.com\/wp-content\/uploads\/sites\/6\/2016\/01\/423-e1453114953310.jpg?resize=570%2C855\" alt=\"Mil\u00e3o Inverno 2016 :: Os cowboys italianos da Dolce &amp; Gabbana\" width=\"570\" height=\"855\" data-recalc-dims=\"1\" \/><\/a><p id=\"caption-attachment-142566\" class=\"wp-caption-text\">Mil\u00e3o Inverno 2016 :: Os cowboys italianos da Dolce &amp; Gabbana<\/p><\/div>\n<div id=\"attachment_142567\" style=\"width: 580px\" class=\"wp-caption aligncenter\"><a href=\"https:\/\/i0.wp.com\/www.agrund.com\/wp-content\/uploads\/sites\/6\/2016\/01\/523.jpg\"><img aria-describedby=\"caption-attachment-142567\" data-attachment-id=\"142567\" data-permalink=\"https:\/\/agrund.com\/index.php\/milao-inverno-2016-os-cowboys-italianos-da-dolce-gabbana\/5-445\/\" data-orig-file=\"https:\/\/i0.wp.com\/agrund.com\/wp-content\/uploads\/sites\/6\/2016\/01\/523-e1453114967421.jpg?fit=570%2C855&amp;ssl=1\" data-orig-size=\"570,855\" data-comments-opened=\"1\" data-image-meta=\"{&quot;aperture&quot;:&quot;0&quot;,&quot;credit&quot;:&quot;&quot;,&quot;camera&quot;:&quot;&quot;,&quot;caption&quot;:&quot;&quot;,&quot;created_timestamp&quot;:&quot;1452954626&quot;,&quot;copyright&quot;:&quot;Photo: Yannis Vlamos \\\/ Indigitalimages.com&quot;,&quot;focal_length&quot;:&quot;0&quot;,&quot;iso&quot;:&quot;0&quot;,&quot;shutter_speed&quot;:&quot;0&quot;,&quot;title&quot;:&quot;&quot;,&quot;orientation&quot;:&quot;0&quot;}\" data-image-title=\"Mil\u00e3o Inverno 2016 :: Os cowboys italianos da Dolce &amp;amp; Gabbana\" data-image-description=\"\" data-image-caption=\"&lt;p&gt;Mil\u00e3o Inverno 2016 :: Os cowboys italianos da Dolce &amp;amp; Gabbana&lt;\/p&gt;\n\" data-medium-file=\"https:\/\/i0.wp.com\/agrund.com\/wp-content\/uploads\/sites\/6\/2016\/01\/523-e1453114967421.jpg?fit=200%2C300&amp;ssl=1\" data-large-file=\"https:\/\/i0.wp.com\/agrund.com\/wp-content\/uploads\/sites\/6\/2016\/01\/523-e1453114967421.jpg?fit=683%2C1024&amp;ssl=1\" decoding=\"async\" loading=\"lazy\" class=\"size-full wp-image-142567\" src=\"https:\/\/i0.wp.com\/www.agrund.com\/wp-content\/uploads\/sites\/6\/2016\/01\/523-e1453114967421.jpg?resize=570%2C855\" alt=\"Mil\u00e3o Inverno 2016 :: Os cowboys italianos da Dolce &amp; Gabbana\" width=\"570\" height=\"855\" data-recalc-dims=\"1\" \/><\/a><p id=\"caption-attachment-142567\" class=\"wp-caption-text\">Mil\u00e3o Inverno 2016 :: Os cowboys italianos da Dolce &amp; Gabbana<\/p><\/div>\n<div id=\"attachment_142568\" style=\"width: 580px\" class=\"wp-caption aligncenter\"><a href=\"https:\/\/i0.wp.com\/www.agrund.com\/wp-content\/uploads\/sites\/6\/2016\/01\/623-e1453114982535.jpg\"><img aria-describedby=\"caption-attachment-142568\" data-attachment-id=\"142568\" data-permalink=\"https:\/\/agrund.com\/index.php\/milao-inverno-2016-os-cowboys-italianos-da-dolce-gabbana\/6-426\/\" data-orig-file=\"https:\/\/i0.wp.com\/agrund.com\/wp-content\/uploads\/sites\/6\/2016\/01\/623-e1453114982535.jpg?fit=570%2C855&amp;ssl=1\" data-orig-size=\"570,855\" data-comments-opened=\"1\" data-image-meta=\"{&quot;aperture&quot;:&quot;0&quot;,&quot;credit&quot;:&quot;&quot;,&quot;camera&quot;:&quot;&quot;,&quot;caption&quot;:&quot;&quot;,&quot;created_timestamp&quot;:&quot;1452954664&quot;,&quot;copyright&quot;:&quot;Photo: Yannis Vlamos \\\/ Indigitalimages.com&quot;,&quot;focal_length&quot;:&quot;0&quot;,&quot;iso&quot;:&quot;0&quot;,&quot;shutter_speed&quot;:&quot;0&quot;,&quot;title&quot;:&quot;&quot;,&quot;orientation&quot;:&quot;0&quot;}\" data-image-title=\"Mil\u00e3o Inverno 2016 :: Os cowboys italianos da Dolce &amp;amp; Gabbana\" data-image-description=\"\" data-image-caption=\"&lt;p&gt;Mil\u00e3o Inverno 2016 :: Os cowboys italianos da Dolce &amp;amp; Gabbana&lt;\/p&gt;\n\" data-medium-file=\"https:\/\/i0.wp.com\/agrund.com\/wp-content\/uploads\/sites\/6\/2016\/01\/623-e1453114982535.jpg?fit=200%2C300&amp;ssl=1\" data-large-file=\"https:\/\/i0.wp.com\/agrund.com\/wp-content\/uploads\/sites\/6\/2016\/01\/623-e1453114982535.jpg?fit=683%2C1024&amp;ssl=1\" decoding=\"async\" loading=\"lazy\" class=\"size-full wp-image-142568\" src=\"https:\/\/i0.wp.com\/www.agrund.com\/wp-content\/uploads\/sites\/6\/2016\/01\/623-e1453114982535.jpg?resize=570%2C855\" alt=\"Mil\u00e3o Inverno 2016 :: Os cowboys italianos da Dolce &amp; Gabbana\" width=\"570\" height=\"855\" data-recalc-dims=\"1\" \/><\/a><p id=\"caption-attachment-142568\" class=\"wp-caption-text\">Mil\u00e3o Inverno 2016 :: Os cowboys italianos da Dolce &amp; Gabbana<\/p><\/div>\n<div id=\"attachment_142569\" style=\"width: 580px\" class=\"wp-caption aligncenter\"><a href=\"https:\/\/i0.wp.com\/www.agrund.com\/wp-content\/uploads\/sites\/6\/2016\/01\/723.jpg\"><img aria-describedby=\"caption-attachment-142569\" data-attachment-id=\"142569\" data-permalink=\"https:\/\/agrund.com\/index.php\/milao-inverno-2016-os-cowboys-italianos-da-dolce-gabbana\/7-400\/\" data-orig-file=\"https:\/\/i0.wp.com\/agrund.com\/wp-content\/uploads\/sites\/6\/2016\/01\/723-e1453114997583.jpg?fit=570%2C855&amp;ssl=1\" data-orig-size=\"570,855\" data-comments-opened=\"1\" data-image-meta=\"{&quot;aperture&quot;:&quot;0&quot;,&quot;credit&quot;:&quot;&quot;,&quot;camera&quot;:&quot;&quot;,&quot;caption&quot;:&quot;&quot;,&quot;created_timestamp&quot;:&quot;1452954700&quot;,&quot;copyright&quot;:&quot;Photo: Yannis Vlamos \\\/ Indigitalimages.com&quot;,&quot;focal_length&quot;:&quot;0&quot;,&quot;iso&quot;:&quot;0&quot;,&quot;shutter_speed&quot;:&quot;0&quot;,&quot;title&quot;:&quot;&quot;,&quot;orientation&quot;:&quot;0&quot;}\" data-image-title=\"Mil\u00e3o Inverno 2016 :: Os cowboys italianos da Dolce &amp;amp; Gabbana\" data-image-description=\"\" data-image-caption=\"&lt;p&gt;Mil\u00e3o Inverno 2016 :: Os cowboys italianos da Dolce &amp;amp; Gabbana&lt;\/p&gt;\n\" data-medium-file=\"https:\/\/i0.wp.com\/agrund.com\/wp-content\/uploads\/sites\/6\/2016\/01\/723-e1453114997583.jpg?fit=200%2C300&amp;ssl=1\" data-large-file=\"https:\/\/i0.wp.com\/agrund.com\/wp-content\/uploads\/sites\/6\/2016\/01\/723-e1453114997583.jpg?fit=683%2C1024&amp;ssl=1\" decoding=\"async\" loading=\"lazy\" class=\"size-full wp-image-142569\" src=\"https:\/\/i0.wp.com\/www.agrund.com\/wp-content\/uploads\/sites\/6\/2016\/01\/723-e1453114997583.jpg?resize=570%2C855\" alt=\"Mil\u00e3o Inverno 2016 :: Os cowboys italianos da Dolce &amp; Gabbana\" width=\"570\" height=\"855\" data-recalc-dims=\"1\" \/><\/a><p id=\"caption-attachment-142569\" class=\"wp-caption-text\">Mil\u00e3o Inverno 2016 :: Os cowboys italianos da Dolce &amp; Gabbana<\/p><\/div>\n<div id=\"attachment_142570\" style=\"width: 580px\" class=\"wp-caption aligncenter\"><a href=\"https:\/\/i0.wp.com\/www.agrund.com\/wp-content\/uploads\/sites\/6\/2016\/01\/824-e1453115011709.jpg\"><img aria-describedby=\"caption-attachment-142570\" data-attachment-id=\"142570\" data-permalink=\"https:\/\/agrund.com\/index.php\/milao-inverno-2016-os-cowboys-italianos-da-dolce-gabbana\/8-398\/\" data-orig-file=\"https:\/\/i0.wp.com\/agrund.com\/wp-content\/uploads\/sites\/6\/2016\/01\/824-e1453115011709.jpg?fit=570%2C855&amp;ssl=1\" data-orig-size=\"570,855\" data-comments-opened=\"1\" data-image-meta=\"{&quot;aperture&quot;:&quot;0&quot;,&quot;credit&quot;:&quot;&quot;,&quot;camera&quot;:&quot;&quot;,&quot;caption&quot;:&quot;&quot;,&quot;created_timestamp&quot;:&quot;1452954766&quot;,&quot;copyright&quot;:&quot;Photo: Yannis Vlamos \\\/ Indigitalimages.com&quot;,&quot;focal_length&quot;:&quot;0&quot;,&quot;iso&quot;:&quot;0&quot;,&quot;shutter_speed&quot;:&quot;0&quot;,&quot;title&quot;:&quot;&quot;,&quot;orientation&quot;:&quot;0&quot;}\" data-image-title=\"Mil\u00e3o Inverno 2016 :: Os cowboys italianos da Dolce &amp;amp; Gabbana\" data-image-description=\"\" data-image-caption=\"&lt;p&gt;Mil\u00e3o Inverno 2016 :: Os cowboys italianos da Dolce &amp;amp; Gabbana&lt;\/p&gt;\n\" data-medium-file=\"https:\/\/i0.wp.com\/agrund.com\/wp-content\/uploads\/sites\/6\/2016\/01\/824-e1453115011709.jpg?fit=200%2C300&amp;ssl=1\" data-large-file=\"https:\/\/i0.wp.com\/agrund.com\/wp-content\/uploads\/sites\/6\/2016\/01\/824-e1453115011709.jpg?fit=683%2C1024&amp;ssl=1\" decoding=\"async\" loading=\"lazy\" class=\"size-full wp-image-142570\" src=\"https:\/\/i0.wp.com\/www.agrund.com\/wp-content\/uploads\/sites\/6\/2016\/01\/824-e1453115011709.jpg?resize=570%2C855\" alt=\"Mil\u00e3o Inverno 2016 :: Os cowboys italianos da Dolce &amp; Gabbana\" width=\"570\" height=\"855\" data-recalc-dims=\"1\" \/><\/a><p id=\"caption-attachment-142570\" class=\"wp-caption-text\">Mil\u00e3o Inverno 2016 :: Os cowboys italianos da Dolce &amp; Gabbana<\/p><\/div>\n<div id=\"attachment_142571\" style=\"width: 580px\" class=\"wp-caption aligncenter\"><a href=\"https:\/\/i0.wp.com\/www.agrund.com\/wp-content\/uploads\/sites\/6\/2016\/01\/99.jpg\"><img aria-describedby=\"caption-attachment-142571\" data-attachment-id=\"142571\" data-permalink=\"https:\/\/agrund.com\/index.php\/milao-inverno-2016-os-cowboys-italianos-da-dolce-gabbana\/9-251\/\" data-orig-file=\"https:\/\/i0.wp.com\/agrund.com\/wp-content\/uploads\/sites\/6\/2016\/01\/99-e1453115025390.jpg?fit=570%2C855&amp;ssl=1\" data-orig-size=\"570,855\" data-comments-opened=\"1\" data-image-meta=\"{&quot;aperture&quot;:&quot;0&quot;,&quot;credit&quot;:&quot;&quot;,&quot;camera&quot;:&quot;&quot;,&quot;caption&quot;:&quot;&quot;,&quot;created_timestamp&quot;:&quot;1452954803&quot;,&quot;copyright&quot;:&quot;Photo: Yannis Vlamos \\\/ Indigitalimages.com&quot;,&quot;focal_length&quot;:&quot;0&quot;,&quot;iso&quot;:&quot;0&quot;,&quot;shutter_speed&quot;:&quot;0&quot;,&quot;title&quot;:&quot;&quot;,&quot;orientation&quot;:&quot;0&quot;}\" data-image-title=\"Mil\u00e3o Inverno 2016 :: Os cowboys italianos da Dolce &amp;amp; Gabbana\" data-image-description=\"\" data-image-caption=\"&lt;p&gt;Mil\u00e3o Inverno 2016 :: Os cowboys italianos da Dolce &amp;amp; Gabbana&lt;\/p&gt;\n\" data-medium-file=\"https:\/\/i0.wp.com\/agrund.com\/wp-content\/uploads\/sites\/6\/2016\/01\/99-e1453115025390.jpg?fit=200%2C300&amp;ssl=1\" data-large-file=\"https:\/\/i0.wp.com\/agrund.com\/wp-content\/uploads\/sites\/6\/2016\/01\/99-e1453115025390.jpg?fit=683%2C1024&amp;ssl=1\" decoding=\"async\" loading=\"lazy\" class=\"size-full wp-image-142571\" src=\"https:\/\/i0.wp.com\/www.agrund.com\/wp-content\/uploads\/sites\/6\/2016\/01\/99-e1453115025390.jpg?resize=570%2C855\" alt=\"Mil\u00e3o Inverno 2016 :: Os cowboys italianos da Dolce &amp; Gabbana\" width=\"570\" height=\"855\" data-recalc-dims=\"1\" \/><\/a><p id=\"caption-attachment-142571\" class=\"wp-caption-text\">Mil\u00e3o Inverno 2016 :: Os cowboys italianos da Dolce &amp; Gabbana<\/p><\/div>\n<div id=\"attachment_142572\" style=\"width: 580px\" class=\"wp-caption aligncenter\"><a href=\"https:\/\/i0.wp.com\/www.agrund.com\/wp-content\/uploads\/sites\/6\/2016\/01\/109.jpg\"><img aria-describedby=\"caption-attachment-142572\" data-attachment-id=\"142572\" data-permalink=\"https:\/\/agrund.com\/index.php\/milao-inverno-2016-os-cowboys-italianos-da-dolce-gabbana\/10-239\/\" data-orig-file=\"https:\/\/i0.wp.com\/agrund.com\/wp-content\/uploads\/sites\/6\/2016\/01\/109-e1453115040190.jpg?fit=570%2C855&amp;ssl=1\" data-orig-size=\"570,855\" data-comments-opened=\"1\" data-image-meta=\"{&quot;aperture&quot;:&quot;0&quot;,&quot;credit&quot;:&quot;&quot;,&quot;camera&quot;:&quot;&quot;,&quot;caption&quot;:&quot;&quot;,&quot;created_timestamp&quot;:&quot;1452954843&quot;,&quot;copyright&quot;:&quot;Photo: Yannis Vlamos \\\/ Indigitalimages.com&quot;,&quot;focal_length&quot;:&quot;0&quot;,&quot;iso&quot;:&quot;0&quot;,&quot;shutter_speed&quot;:&quot;0&quot;,&quot;title&quot;:&quot;&quot;,&quot;orientation&quot;:&quot;0&quot;}\" data-image-title=\"Mil\u00e3o Inverno 2016 :: Os cowboys italianos da Dolce &amp;amp; Gabbana\" data-image-description=\"\" data-image-caption=\"&lt;p&gt;Mil\u00e3o Inverno 2016 :: Os cowboys italianos da Dolce &amp;amp; Gabbana&lt;\/p&gt;\n\" data-medium-file=\"https:\/\/i0.wp.com\/agrund.com\/wp-content\/uploads\/sites\/6\/2016\/01\/109-e1453115040190.jpg?fit=200%2C300&amp;ssl=1\" data-large-file=\"https:\/\/i0.wp.com\/agrund.com\/wp-content\/uploads\/sites\/6\/2016\/01\/109-e1453115040190.jpg?fit=683%2C1024&amp;ssl=1\" decoding=\"async\" loading=\"lazy\" class=\"size-full wp-image-142572\" src=\"https:\/\/i0.wp.com\/www.agrund.com\/wp-content\/uploads\/sites\/6\/2016\/01\/109-e1453115040190.jpg?resize=570%2C855\" alt=\"Mil\u00e3o Inverno 2016 :: Os cowboys italianos da Dolce &amp; Gabbana\" width=\"570\" height=\"855\" data-recalc-dims=\"1\" \/><\/a><p id=\"caption-attachment-142572\" class=\"wp-caption-text\">Mil\u00e3o Inverno 2016 :: Os cowboys italianos da Dolce &amp; Gabbana<\/p><\/div>\n<div id=\"attachment_142573\" style=\"width: 580px\" class=\"wp-caption aligncenter\"><a href=\"https:\/\/i0.wp.com\/www.agrund.com\/wp-content\/uploads\/sites\/6\/2016\/01\/1110-e1453115055398.jpg\"><img aria-describedby=\"caption-attachment-142573\" data-attachment-id=\"142573\" data-permalink=\"https:\/\/agrund.com\/index.php\/milao-inverno-2016-os-cowboys-italianos-da-dolce-gabbana\/11-106\/\" data-orig-file=\"https:\/\/i0.wp.com\/agrund.com\/wp-content\/uploads\/sites\/6\/2016\/01\/1110-e1453115055398.jpg?fit=570%2C855&amp;ssl=1\" data-orig-size=\"570,855\" data-comments-opened=\"1\" data-image-meta=\"{&quot;aperture&quot;:&quot;0&quot;,&quot;credit&quot;:&quot;&quot;,&quot;camera&quot;:&quot;&quot;,&quot;caption&quot;:&quot;&quot;,&quot;created_timestamp&quot;:&quot;1452954906&quot;,&quot;copyright&quot;:&quot;Photo: Yannis Vlamos \\\/ Indigitalimages.com&quot;,&quot;focal_length&quot;:&quot;0&quot;,&quot;iso&quot;:&quot;0&quot;,&quot;shutter_speed&quot;:&quot;0&quot;,&quot;title&quot;:&quot;&quot;,&quot;orientation&quot;:&quot;0&quot;}\" data-image-title=\"Mil\u00e3o Inverno 2016 :: Os cowboys italianos da Dolce &amp;amp; Gabbana\" data-image-description=\"\" data-image-caption=\"&lt;p&gt;Mil\u00e3o Inverno 2016 :: Os cowboys italianos da Dolce &amp;amp; Gabbana&lt;\/p&gt;\n\" data-medium-file=\"https:\/\/i0.wp.com\/agrund.com\/wp-content\/uploads\/sites\/6\/2016\/01\/1110-e1453115055398.jpg?fit=200%2C300&amp;ssl=1\" data-large-file=\"https:\/\/i0.wp.com\/agrund.com\/wp-content\/uploads\/sites\/6\/2016\/01\/1110-e1453115055398.jpg?fit=683%2C1024&amp;ssl=1\" decoding=\"async\" loading=\"lazy\" class=\"size-full wp-image-142573\" src=\"https:\/\/i0.wp.com\/www.agrund.com\/wp-content\/uploads\/sites\/6\/2016\/01\/1110-e1453115055398.jpg?resize=570%2C855\" alt=\"Mil\u00e3o Inverno 2016 :: Os cowboys italianos da Dolce &amp; Gabbana\" width=\"570\" height=\"855\" data-recalc-dims=\"1\" \/><\/a><p id=\"caption-attachment-142573\" class=\"wp-caption-text\">Mil\u00e3o Inverno 2016 :: Os cowboys italianos da Dolce &amp; Gabbana<\/p><\/div>\n<div id=\"attachment_142574\" style=\"width: 580px\" class=\"wp-caption aligncenter\"><a href=\"https:\/\/i0.wp.com\/www.agrund.com\/wp-content\/uploads\/sites\/6\/2016\/01\/129.jpg\"><img aria-describedby=\"caption-attachment-142574\" data-attachment-id=\"142574\" data-permalink=\"https:\/\/agrund.com\/index.php\/milao-inverno-2016-os-cowboys-italianos-da-dolce-gabbana\/12-102\/\" data-orig-file=\"https:\/\/i0.wp.com\/agrund.com\/wp-content\/uploads\/sites\/6\/2016\/01\/129-e1453115070432.jpg?fit=570%2C855&amp;ssl=1\" data-orig-size=\"570,855\" data-comments-opened=\"1\" data-image-meta=\"{&quot;aperture&quot;:&quot;0&quot;,&quot;credit&quot;:&quot;&quot;,&quot;camera&quot;:&quot;&quot;,&quot;caption&quot;:&quot;&quot;,&quot;created_timestamp&quot;:&quot;1452954936&quot;,&quot;copyright&quot;:&quot;Photo: Yannis Vlamos \\\/ Indigitalimages.com&quot;,&quot;focal_length&quot;:&quot;0&quot;,&quot;iso&quot;:&quot;0&quot;,&quot;shutter_speed&quot;:&quot;0&quot;,&quot;title&quot;:&quot;&quot;,&quot;orientation&quot;:&quot;0&quot;}\" data-image-title=\"Mil\u00e3o Inverno 2016 :: Os cowboys italianos da Dolce &amp;amp; Gabbana\" data-image-description=\"\" data-image-caption=\"&lt;p&gt;Mil\u00e3o Inverno 2016 :: Os cowboys italianos da Dolce &amp;amp; Gabbana&lt;\/p&gt;\n\" data-medium-file=\"https:\/\/i0.wp.com\/agrund.com\/wp-content\/uploads\/sites\/6\/2016\/01\/129-e1453115070432.jpg?fit=200%2C300&amp;ssl=1\" data-large-file=\"https:\/\/i0.wp.com\/agrund.com\/wp-content\/uploads\/sites\/6\/2016\/01\/129-e1453115070432.jpg?fit=683%2C1024&amp;ssl=1\" decoding=\"async\" loading=\"lazy\" class=\"size-full wp-image-142574\" src=\"https:\/\/i0.wp.com\/www.agrund.com\/wp-content\/uploads\/sites\/6\/2016\/01\/129-e1453115070432.jpg?resize=570%2C855\" alt=\"Mil\u00e3o Inverno 2016 :: Os cowboys italianos da Dolce &amp; Gabbana\" width=\"570\" height=\"855\" data-recalc-dims=\"1\" \/><\/a><p id=\"caption-attachment-142574\" class=\"wp-caption-text\">Mil\u00e3o Inverno 2016 :: Os cowboys italianos da Dolce &amp; Gabbana<\/p><\/div>\n<div id=\"attachment_142576\" style=\"width: 580px\" class=\"wp-caption aligncenter\"><a href=\"https:\/\/i0.wp.com\/www.agrund.com\/wp-content\/uploads\/sites\/6\/2016\/01\/Slide5.jpg\"><img aria-describedby=\"caption-attachment-142576\" data-attachment-id=\"142576\" data-permalink=\"https:\/\/agrund.com\/index.php\/milao-inverno-2016-os-cowboys-italianos-da-dolce-gabbana\/slide-4920\/\" data-orig-file=\"https:\/\/i0.wp.com\/agrund.com\/wp-content\/uploads\/sites\/6\/2016\/01\/Slide5.jpg?fit=570%2C855&amp;ssl=1\" data-orig-size=\"570,855\" data-comments-opened=\"1\" data-image-meta=\"{&quot;aperture&quot;:&quot;0&quot;,&quot;credit&quot;:&quot;&quot;,&quot;camera&quot;:&quot;&quot;,&quot;caption&quot;:&quot;&quot;,&quot;created_timestamp&quot;:&quot;1452955059&quot;,&quot;copyright&quot;:&quot;Photo: Yannis Vlamos \\\/ Indigitalimages.com&quot;,&quot;focal_length&quot;:&quot;0&quot;,&quot;iso&quot;:&quot;0&quot;,&quot;shutter_speed&quot;:&quot;0&quot;,&quot;title&quot;:&quot;&quot;,&quot;orientation&quot;:&quot;0&quot;}\" data-image-title=\"Mil\u00e3o Inverno 2016 :: Os cowboys italianos da Dolce &amp;amp; Gabbana\" data-image-description=\"\" data-image-caption=\"&lt;p&gt;Mil\u00e3o Inverno 2016 :: Os cowboys italianos da Dolce &amp;amp; Gabbana&lt;\/p&gt;\n\" data-medium-file=\"https:\/\/i0.wp.com\/agrund.com\/wp-content\/uploads\/sites\/6\/2016\/01\/Slide5.jpg?fit=200%2C300&amp;ssl=1\" data-large-file=\"https:\/\/i0.wp.com\/agrund.com\/wp-content\/uploads\/sites\/6\/2016\/01\/Slide5.jpg?fit=570%2C855&amp;ssl=1\" decoding=\"async\" loading=\"lazy\" class=\"size-full wp-image-142576\" src=\"https:\/\/i0.wp.com\/www.agrund.com\/wp-content\/uploads\/sites\/6\/2016\/01\/Slide5.jpg?resize=570%2C855\" alt=\"Mil\u00e3o Inverno 2016 :: Os cowboys italianos da Dolce &amp; Gabbana\" width=\"570\" height=\"855\" srcset=\"https:\/\/i0.wp.com\/agrund.com\/wp-content\/uploads\/sites\/6\/2016\/01\/Slide5.jpg?w=570&amp;ssl=1 570w, https:\/\/i0.wp.com\/agrund.com\/wp-content\/uploads\/sites\/6\/2016\/01\/Slide5.jpg?resize=200%2C300&amp;ssl=1 200w\" sizes=\"(max-width: 570px) 100vw, 570px\" data-recalc-dims=\"1\" \/><\/a><p id=\"caption-attachment-142576\" class=\"wp-caption-text\">Mil\u00e3o Inverno 2016 :: Os cowboys italianos da Dolce &amp; Gabbana<\/p><\/div>\n<p>Imagens: Reprodu\u00e7\u00e3o.<\/p>\n<p>&nbsp;<\/p>\n<p>&nbsp;<\/p>\n","protected":false},"excerpt":{"rendered":"<p>Por Arlindo Grund A inspira\u00e7\u00e3o para o inverno 2016 da Dolce &amp; Gabbana continua sendo a It\u00e1lia. Mas desta vez sob uma \u00f3tica diferente &#8211; e porque n\u00e3o surpreendente. O interior do pa\u00eds da bota! E claro que um toque de western n\u00e3o faz mal a cole\u00e7\u00e3o alguma, desde que saibam trabalhar. Aqui temos um [&hellip;]<\/p>\n","protected":false},"author":8,"featured_media":142575,"comment_status":"open","ping_status":"open","sticky":false,"template":"","format":"standard","meta":{"jetpack_post_was_ever_published":false,"_jetpack_newsletter_access":"","jetpack_publicize_message":"","jetpack_is_tweetstorm":false,"jetpack_publicize_feature_enabled":true,"jetpack_social_post_already_shared":true,"jetpack_social_options":{"image_generator_settings":{"template":"highway","enabled":false}}},"categories":[9,21,6],"tags":[],"jetpack_publicize_connections":[],"jetpack_featured_media_url":"https:\/\/i0.wp.com\/agrund.com\/wp-content\/uploads\/sites\/6\/2016\/01\/s7.jpg?fit=960%2C300&ssl=1","jetpack_sharing_enabled":true,"jetpack_shortlink":"https:\/\/wp.me\/p3Hz0n-B5o","jetpack_likes_enabled":true,"_links":{"self":[{"href":"https:\/\/agrund.com\/index.php\/wp-json\/wp\/v2\/posts\/142562"}],"collection":[{"href":"https:\/\/agrund.com\/index.php\/wp-json\/wp\/v2\/posts"}],"about":[{"href":"https:\/\/agrund.com\/index.php\/wp-json\/wp\/v2\/types\/post"}],"author":[{"embeddable":true,"href":"https:\/\/agrund.com\/index.php\/wp-json\/wp\/v2\/users\/8"}],"replies":[{"embeddable":true,"href":"https:\/\/agrund.com\/index.php\/wp-json\/wp\/v2\/comments?post=142562"}],"version-history":[{"count":0,"href":"https:\/\/agrund.com\/index.php\/wp-json\/wp\/v2\/posts\/142562\/revisions"}],"wp:featuredmedia":[{"embeddable":true,"href":"https:\/\/agrund.com\/index.php\/wp-json\/wp\/v2\/media\/142575"}],"wp:attachment":[{"href":"https:\/\/agrund.com\/index.php\/wp-json\/wp\/v2\/media?parent=142562"}],"wp:term":[{"taxonomy":"category","embeddable":true,"href":"https:\/\/agrund.com\/index.php\/wp-json\/wp\/v2\/categories?post=142562"},{"taxonomy":"post_tag","embeddable":true,"href":"https:\/\/agrund.com\/index.php\/wp-json\/wp\/v2\/tags?post=142562"}],"curies":[{"name":"wp","href":"https:\/\/api.w.org\/{rel}","templated":true}]}}