{"id":142548,"date":"2016-01-18T10:30:25","date_gmt":"2016-01-18T12:30:25","guid":{"rendered":"http:\/\/www.agrund.com\/?p=142548"},"modified":"2016-01-18T08:58:14","modified_gmt":"2016-01-18T10:58:14","slug":"milao-inverno-2016-super-herois-lil-wayne-e-muita-moda-na-passarela-de-philipp-plein","status":"publish","type":"post","link":"https:\/\/agrund.com\/index.php\/milao-inverno-2016-super-herois-lil-wayne-e-muita-moda-na-passarela-de-philipp-plein\/","title":{"rendered":"Mil\u00e3o Inverno 2016 :: Super her\u00f3is, L&#8217;il Wayne e muita moda na passarela de Philipp Plein"},"content":{"rendered":"<p>Por Arlindo Grund<\/p>\n<p>Um verdadeiro show! Foi a proposta de Philipp Plein para sua apresenta\u00e7\u00e3o inverno 2016 em Mil\u00e3o. Em meio a uma orquestra com DJ, surge L&#8217;il Wayne para cantar ao vivo no desfile. Homens prontos para enfrentar as batalhas do dia-a-dia. Verdadeiros her\u00f3is urbanos do asfalto que trocam as asas por skates e jaquetas super bem acabadas e parecendo feitas sob medida. As cal\u00e7as que lembram armaduras de homens com super poderes tamb\u00e9m traziam a pegada esportiva e uma informa\u00e7\u00e3o de textura que enriqueceu as produ\u00e7\u00f5es. Her\u00f3is de verdade, sim. Homem aranha, Batman, Super Homem, entre outros emprestaram suas logomarcas que se concretizaram em broches, estampas, bordados e aplica\u00e7\u00f5es nas roupas e nas incr\u00edveis mochilas. Os casacos eram extremamente elegantes e a alfaiataria parecia deixar os modelos mais elegantes ainda. Agora escolha seu uniforme de super her\u00f3i e v\u00e1 enfrentar o seu dia com muito estilo! Um pouco dessa inspira\u00e7\u00e3o vem do avan\u00e7o da marca nas Am\u00e9ricas. Vamos aguardar!<\/p>\n<div id=\"attachment_142549\" style=\"width: 580px\" class=\"wp-caption aligncenter\"><a href=\"https:\/\/i0.wp.com\/www.agrund.com\/wp-content\/uploads\/sites\/6\/2016\/01\/127.jpg\"><img aria-describedby=\"caption-attachment-142549\" data-attachment-id=\"142549\" data-permalink=\"https:\/\/agrund.com\/index.php\/milao-inverno-2016-super-herois-lil-wayne-e-muita-moda-na-passarela-de-philipp-plein\/1-538\/\" data-orig-file=\"https:\/\/i0.wp.com\/agrund.com\/wp-content\/uploads\/sites\/6\/2016\/01\/127-e1453114522230.jpg?fit=570%2C855&amp;ssl=1\" data-orig-size=\"570,855\" data-comments-opened=\"1\" data-image-meta=\"{&quot;aperture&quot;:&quot;0&quot;,&quot;credit&quot;:&quot;MarcusTondo&quot;,&quot;camera&quot;:&quot;&quot;,&quot;caption&quot;:&quot;&quot;,&quot;created_timestamp&quot;:&quot;1452980767&quot;,&quot;copyright&quot;:&quot;Photo: Marcus Tondo \\\/ Indigitalimages.com&quot;,&quot;focal_length&quot;:&quot;0&quot;,&quot;iso&quot;:&quot;0&quot;,&quot;shutter_speed&quot;:&quot;0&quot;,&quot;title&quot;:&quot;&quot;,&quot;orientation&quot;:&quot;0&quot;}\" data-image-title=\"Mil\u00e3o Inverno 2016 :: Super her\u00f3is, L&#8217;il Wayne e muita moda na passarela de Philipp Plein\" data-image-description=\"\" data-image-caption=\"&lt;p&gt;Mil\u00e3o Inverno 2016 :: Super her\u00f3is, L&#8217;il Wayne e muita moda na passarela de Philipp Plein&lt;\/p&gt;\n\" data-medium-file=\"https:\/\/i0.wp.com\/agrund.com\/wp-content\/uploads\/sites\/6\/2016\/01\/127-e1453114522230.jpg?fit=200%2C300&amp;ssl=1\" data-large-file=\"https:\/\/i0.wp.com\/agrund.com\/wp-content\/uploads\/sites\/6\/2016\/01\/127-e1453114522230.jpg?fit=683%2C1024&amp;ssl=1\" decoding=\"async\" loading=\"lazy\" class=\"size-full wp-image-142549\" src=\"https:\/\/i0.wp.com\/www.agrund.com\/wp-content\/uploads\/sites\/6\/2016\/01\/127-e1453114522230.jpg?resize=570%2C855\" alt=\"Mil\u00e3o Inverno 2016 :: Super her\u00f3is, L'il Wayne e muita moda na passarela de Philipp Plein\" width=\"570\" height=\"855\" data-recalc-dims=\"1\" \/><\/a><p id=\"caption-attachment-142549\" class=\"wp-caption-text\">Mil\u00e3o Inverno 2016 :: Super her\u00f3is, L&#8217;il Wayne e muita moda na passarela de Philipp Plein<\/p><\/div>\n<div id=\"attachment_142550\" style=\"width: 580px\" class=\"wp-caption aligncenter\"><a href=\"https:\/\/i0.wp.com\/www.agrund.com\/wp-content\/uploads\/sites\/6\/2016\/01\/224-e1453114535621.jpg\"><img aria-describedby=\"caption-attachment-142550\" data-attachment-id=\"142550\" data-permalink=\"https:\/\/agrund.com\/index.php\/milao-inverno-2016-super-herois-lil-wayne-e-muita-moda-na-passarela-de-philipp-plein\/2-513\/\" data-orig-file=\"https:\/\/i0.wp.com\/agrund.com\/wp-content\/uploads\/sites\/6\/2016\/01\/224-e1453114535621.jpg?fit=570%2C855&amp;ssl=1\" data-orig-size=\"570,855\" data-comments-opened=\"1\" data-image-meta=\"{&quot;aperture&quot;:&quot;0&quot;,&quot;credit&quot;:&quot;MarcusTondo&quot;,&quot;camera&quot;:&quot;&quot;,&quot;caption&quot;:&quot;&quot;,&quot;created_timestamp&quot;:&quot;1452980783&quot;,&quot;copyright&quot;:&quot;Photo: Marcus Tondo \\\/ Indigitalimages.com&quot;,&quot;focal_length&quot;:&quot;0&quot;,&quot;iso&quot;:&quot;0&quot;,&quot;shutter_speed&quot;:&quot;0&quot;,&quot;title&quot;:&quot;&quot;,&quot;orientation&quot;:&quot;0&quot;}\" data-image-title=\"Mil\u00e3o Inverno 2016 :: Super her\u00f3is, L&#8217;il Wayne e muita moda na passarela de Philipp Plein\" data-image-description=\"\" data-image-caption=\"&lt;p&gt;Mil\u00e3o Inverno 2016 :: Super her\u00f3is, L&#8217;il Wayne e muita moda na passarela de Philipp Plein&lt;\/p&gt;\n\" data-medium-file=\"https:\/\/i0.wp.com\/agrund.com\/wp-content\/uploads\/sites\/6\/2016\/01\/224-e1453114535621.jpg?fit=200%2C300&amp;ssl=1\" data-large-file=\"https:\/\/i0.wp.com\/agrund.com\/wp-content\/uploads\/sites\/6\/2016\/01\/224-e1453114535621.jpg?fit=683%2C1024&amp;ssl=1\" decoding=\"async\" loading=\"lazy\" class=\"size-full wp-image-142550\" src=\"https:\/\/i0.wp.com\/www.agrund.com\/wp-content\/uploads\/sites\/6\/2016\/01\/224-e1453114535621.jpg?resize=570%2C855\" alt=\"Mil\u00e3o Inverno 2016 :: Super her\u00f3is, L'il Wayne e muita moda na passarela de Philipp Plein\" width=\"570\" height=\"855\" data-recalc-dims=\"1\" \/><\/a><p id=\"caption-attachment-142550\" class=\"wp-caption-text\">Mil\u00e3o Inverno 2016 :: Super her\u00f3is, L&#8217;il Wayne e muita moda na passarela de Philipp Plein<\/p><\/div>\n<div id=\"attachment_142551\" style=\"width: 580px\" class=\"wp-caption aligncenter\"><a href=\"https:\/\/i0.wp.com\/www.agrund.com\/wp-content\/uploads\/sites\/6\/2016\/01\/322.jpg\"><img aria-describedby=\"caption-attachment-142551\" data-attachment-id=\"142551\" data-permalink=\"https:\/\/agrund.com\/index.php\/milao-inverno-2016-super-herois-lil-wayne-e-muita-moda-na-passarela-de-philipp-plein\/3-492\/\" data-orig-file=\"https:\/\/i0.wp.com\/agrund.com\/wp-content\/uploads\/sites\/6\/2016\/01\/322-e1453114549434.jpg?fit=570%2C855&amp;ssl=1\" data-orig-size=\"570,855\" data-comments-opened=\"1\" data-image-meta=\"{&quot;aperture&quot;:&quot;0&quot;,&quot;credit&quot;:&quot;MarcusTondo&quot;,&quot;camera&quot;:&quot;&quot;,&quot;caption&quot;:&quot;&quot;,&quot;created_timestamp&quot;:&quot;1452980815&quot;,&quot;copyright&quot;:&quot;Photo: Marcus Tondo \\\/ Indigitalimages.com&quot;,&quot;focal_length&quot;:&quot;0&quot;,&quot;iso&quot;:&quot;0&quot;,&quot;shutter_speed&quot;:&quot;0&quot;,&quot;title&quot;:&quot;&quot;,&quot;orientation&quot;:&quot;0&quot;}\" data-image-title=\"Mil\u00e3o Inverno 2016 :: Super her\u00f3is, L&#8217;il Wayne e muita moda na passarela de Philipp Plein\" data-image-description=\"\" data-image-caption=\"&lt;p&gt;Mil\u00e3o Inverno 2016 :: Super her\u00f3is, L&#8217;il Wayne e muita moda na passarela de Philipp Plein&lt;\/p&gt;\n\" data-medium-file=\"https:\/\/i0.wp.com\/agrund.com\/wp-content\/uploads\/sites\/6\/2016\/01\/322-e1453114549434.jpg?fit=200%2C300&amp;ssl=1\" data-large-file=\"https:\/\/i0.wp.com\/agrund.com\/wp-content\/uploads\/sites\/6\/2016\/01\/322-e1453114549434.jpg?fit=683%2C1024&amp;ssl=1\" decoding=\"async\" loading=\"lazy\" class=\"size-full wp-image-142551\" src=\"https:\/\/i0.wp.com\/www.agrund.com\/wp-content\/uploads\/sites\/6\/2016\/01\/322-e1453114549434.jpg?resize=570%2C855\" alt=\"Mil\u00e3o Inverno 2016 :: Super her\u00f3is, L'il Wayne e muita moda na passarela de Philipp Plein\" width=\"570\" height=\"855\" data-recalc-dims=\"1\" \/><\/a><p id=\"caption-attachment-142551\" class=\"wp-caption-text\">Mil\u00e3o Inverno 2016 :: Super her\u00f3is, L&#8217;il Wayne e muita moda na passarela de Philipp Plein<\/p><\/div>\n<div id=\"attachment_142552\" style=\"width: 580px\" class=\"wp-caption aligncenter\"><a href=\"https:\/\/i0.wp.com\/www.agrund.com\/wp-content\/uploads\/sites\/6\/2016\/01\/422.jpg\"><img aria-describedby=\"caption-attachment-142552\" data-attachment-id=\"142552\" data-permalink=\"https:\/\/agrund.com\/index.php\/milao-inverno-2016-super-herois-lil-wayne-e-muita-moda-na-passarela-de-philipp-plein\/4-465\/\" data-orig-file=\"https:\/\/i0.wp.com\/agrund.com\/wp-content\/uploads\/sites\/6\/2016\/01\/422-e1453114563207.jpg?fit=570%2C855&amp;ssl=1\" data-orig-size=\"570,855\" data-comments-opened=\"1\" data-image-meta=\"{&quot;aperture&quot;:&quot;0&quot;,&quot;credit&quot;:&quot;MarcusTondo&quot;,&quot;camera&quot;:&quot;&quot;,&quot;caption&quot;:&quot;&quot;,&quot;created_timestamp&quot;:&quot;1452980845&quot;,&quot;copyright&quot;:&quot;Photo: Marcus Tondo \\\/ Indigitalimages.com&quot;,&quot;focal_length&quot;:&quot;0&quot;,&quot;iso&quot;:&quot;0&quot;,&quot;shutter_speed&quot;:&quot;0&quot;,&quot;title&quot;:&quot;&quot;,&quot;orientation&quot;:&quot;0&quot;}\" data-image-title=\"Mil\u00e3o Inverno 2016 :: Super her\u00f3is, L&#8217;il Wayne e muita moda na passarela de Philipp Plein\" data-image-description=\"\" data-image-caption=\"&lt;p&gt;Mil\u00e3o Inverno 2016 :: Super her\u00f3is, L&#8217;il Wayne e muita moda na passarela de Philipp Plein&lt;\/p&gt;\n\" data-medium-file=\"https:\/\/i0.wp.com\/agrund.com\/wp-content\/uploads\/sites\/6\/2016\/01\/422-e1453114563207.jpg?fit=200%2C300&amp;ssl=1\" data-large-file=\"https:\/\/i0.wp.com\/agrund.com\/wp-content\/uploads\/sites\/6\/2016\/01\/422-e1453114563207.jpg?fit=683%2C1024&amp;ssl=1\" decoding=\"async\" loading=\"lazy\" class=\"size-full wp-image-142552\" src=\"https:\/\/i0.wp.com\/www.agrund.com\/wp-content\/uploads\/sites\/6\/2016\/01\/422-e1453114563207.jpg?resize=570%2C855\" alt=\"Mil\u00e3o Inverno 2016 :: Super her\u00f3is, L'il Wayne e muita moda na passarela de Philipp Plein\" width=\"570\" height=\"855\" data-recalc-dims=\"1\" \/><\/a><p id=\"caption-attachment-142552\" class=\"wp-caption-text\">Mil\u00e3o Inverno 2016 :: Super her\u00f3is, L&#8217;il Wayne e muita moda na passarela de Philipp Plein<\/p><\/div>\n<div id=\"attachment_142553\" style=\"width: 580px\" class=\"wp-caption aligncenter\"><a href=\"https:\/\/i0.wp.com\/www.agrund.com\/wp-content\/uploads\/sites\/6\/2016\/01\/522.jpg\"><img aria-describedby=\"caption-attachment-142553\" data-attachment-id=\"142553\" data-permalink=\"https:\/\/agrund.com\/index.php\/milao-inverno-2016-super-herois-lil-wayne-e-muita-moda-na-passarela-de-philipp-plein\/5-444\/\" data-orig-file=\"https:\/\/i0.wp.com\/agrund.com\/wp-content\/uploads\/sites\/6\/2016\/01\/522-e1453114578592.jpg?fit=570%2C855&amp;ssl=1\" data-orig-size=\"570,855\" data-comments-opened=\"1\" data-image-meta=\"{&quot;aperture&quot;:&quot;0&quot;,&quot;credit&quot;:&quot;MarcusTondo&quot;,&quot;camera&quot;:&quot;&quot;,&quot;caption&quot;:&quot;&quot;,&quot;created_timestamp&quot;:&quot;1452980914&quot;,&quot;copyright&quot;:&quot;Photo: Marcus Tondo \\\/ Indigitalimages.com&quot;,&quot;focal_length&quot;:&quot;0&quot;,&quot;iso&quot;:&quot;0&quot;,&quot;shutter_speed&quot;:&quot;0&quot;,&quot;title&quot;:&quot;&quot;,&quot;orientation&quot;:&quot;0&quot;}\" data-image-title=\"Mil\u00e3o Inverno 2016 :: Super her\u00f3is, L&#8217;il Wayne e muita moda na passarela de Philipp Plein\" data-image-description=\"\" data-image-caption=\"&lt;p&gt;Mil\u00e3o Inverno 2016 :: Super her\u00f3is, L&#8217;il Wayne e muita moda na passarela de Philipp Plein&lt;\/p&gt;\n\" data-medium-file=\"https:\/\/i0.wp.com\/agrund.com\/wp-content\/uploads\/sites\/6\/2016\/01\/522-e1453114578592.jpg?fit=200%2C300&amp;ssl=1\" data-large-file=\"https:\/\/i0.wp.com\/agrund.com\/wp-content\/uploads\/sites\/6\/2016\/01\/522-e1453114578592.jpg?fit=683%2C1024&amp;ssl=1\" decoding=\"async\" loading=\"lazy\" class=\"size-full wp-image-142553\" src=\"https:\/\/i0.wp.com\/www.agrund.com\/wp-content\/uploads\/sites\/6\/2016\/01\/522-e1453114578592.jpg?resize=570%2C855\" alt=\"Mil\u00e3o Inverno 2016 :: Super her\u00f3is, L'il Wayne e muita moda na passarela de Philipp Plein\" width=\"570\" height=\"855\" data-recalc-dims=\"1\" \/><\/a><p id=\"caption-attachment-142553\" class=\"wp-caption-text\">Mil\u00e3o Inverno 2016 :: Super her\u00f3is, L&#8217;il Wayne e muita moda na passarela de Philipp Plein<\/p><\/div>\n<div id=\"attachment_142554\" style=\"width: 580px\" class=\"wp-caption aligncenter\"><a href=\"https:\/\/i0.wp.com\/www.agrund.com\/wp-content\/uploads\/sites\/6\/2016\/01\/622.jpg\"><img aria-describedby=\"caption-attachment-142554\" data-attachment-id=\"142554\" data-permalink=\"https:\/\/agrund.com\/index.php\/milao-inverno-2016-super-herois-lil-wayne-e-muita-moda-na-passarela-de-philipp-plein\/6-425\/\" data-orig-file=\"https:\/\/i0.wp.com\/agrund.com\/wp-content\/uploads\/sites\/6\/2016\/01\/622-e1453114591120.jpg?fit=570%2C855&amp;ssl=1\" data-orig-size=\"570,855\" data-comments-opened=\"1\" data-image-meta=\"{&quot;aperture&quot;:&quot;0&quot;,&quot;credit&quot;:&quot;MarcusTondo&quot;,&quot;camera&quot;:&quot;&quot;,&quot;caption&quot;:&quot;&quot;,&quot;created_timestamp&quot;:&quot;1452980934&quot;,&quot;copyright&quot;:&quot;Photo: Marcus Tondo \\\/ Indigitalimages.com&quot;,&quot;focal_length&quot;:&quot;0&quot;,&quot;iso&quot;:&quot;0&quot;,&quot;shutter_speed&quot;:&quot;0&quot;,&quot;title&quot;:&quot;&quot;,&quot;orientation&quot;:&quot;0&quot;}\" data-image-title=\"Mil\u00e3o Inverno 2016 :: Super her\u00f3is, L&#8217;il Wayne e muita moda na passarela de Philipp Plein\" data-image-description=\"\" data-image-caption=\"&lt;p&gt;Mil\u00e3o Inverno 2016 :: Super her\u00f3is, L&#8217;il Wayne e muita moda na passarela de Philipp Plein&lt;\/p&gt;\n\" data-medium-file=\"https:\/\/i0.wp.com\/agrund.com\/wp-content\/uploads\/sites\/6\/2016\/01\/622-e1453114591120.jpg?fit=200%2C300&amp;ssl=1\" data-large-file=\"https:\/\/i0.wp.com\/agrund.com\/wp-content\/uploads\/sites\/6\/2016\/01\/622-e1453114591120.jpg?fit=683%2C1024&amp;ssl=1\" decoding=\"async\" loading=\"lazy\" class=\"size-full wp-image-142554\" src=\"https:\/\/i0.wp.com\/www.agrund.com\/wp-content\/uploads\/sites\/6\/2016\/01\/622-e1453114591120.jpg?resize=570%2C855\" alt=\"Mil\u00e3o Inverno 2016 :: Super her\u00f3is, L'il Wayne e muita moda na passarela de Philipp Plein\" width=\"570\" height=\"855\" data-recalc-dims=\"1\" \/><\/a><p id=\"caption-attachment-142554\" class=\"wp-caption-text\">Mil\u00e3o Inverno 2016 :: Super her\u00f3is, L&#8217;il Wayne e muita moda na passarela de Philipp Plein<\/p><\/div>\n<div id=\"attachment_142555\" style=\"width: 580px\" class=\"wp-caption aligncenter\"><a href=\"https:\/\/i0.wp.com\/www.agrund.com\/wp-content\/uploads\/sites\/6\/2016\/01\/722.jpg\"><img aria-describedby=\"caption-attachment-142555\" data-attachment-id=\"142555\" data-permalink=\"https:\/\/agrund.com\/index.php\/milao-inverno-2016-super-herois-lil-wayne-e-muita-moda-na-passarela-de-philipp-plein\/7-399\/\" data-orig-file=\"https:\/\/i0.wp.com\/agrund.com\/wp-content\/uploads\/sites\/6\/2016\/01\/722-e1453114604585.jpg?fit=570%2C855&amp;ssl=1\" data-orig-size=\"570,855\" data-comments-opened=\"1\" data-image-meta=\"{&quot;aperture&quot;:&quot;0&quot;,&quot;credit&quot;:&quot;MarcusTondo&quot;,&quot;camera&quot;:&quot;&quot;,&quot;caption&quot;:&quot;&quot;,&quot;created_timestamp&quot;:&quot;1452980970&quot;,&quot;copyright&quot;:&quot;Photo: Marcus Tondo \\\/ Indigitalimages.com&quot;,&quot;focal_length&quot;:&quot;0&quot;,&quot;iso&quot;:&quot;0&quot;,&quot;shutter_speed&quot;:&quot;0&quot;,&quot;title&quot;:&quot;&quot;,&quot;orientation&quot;:&quot;0&quot;}\" data-image-title=\"Mil\u00e3o Inverno 2016 :: Super her\u00f3is, L&#8217;il Wayne e muita moda na passarela de Philipp Plein\" data-image-description=\"\" data-image-caption=\"&lt;p&gt;Mil\u00e3o Inverno 2016 :: Super her\u00f3is, L&#8217;il Wayne e muita moda na passarela de Philipp Plein&lt;\/p&gt;\n\" data-medium-file=\"https:\/\/i0.wp.com\/agrund.com\/wp-content\/uploads\/sites\/6\/2016\/01\/722-e1453114604585.jpg?fit=200%2C300&amp;ssl=1\" data-large-file=\"https:\/\/i0.wp.com\/agrund.com\/wp-content\/uploads\/sites\/6\/2016\/01\/722-e1453114604585.jpg?fit=683%2C1024&amp;ssl=1\" decoding=\"async\" loading=\"lazy\" class=\"size-full wp-image-142555\" src=\"https:\/\/i0.wp.com\/www.agrund.com\/wp-content\/uploads\/sites\/6\/2016\/01\/722-e1453114604585.jpg?resize=570%2C855\" alt=\"Mil\u00e3o Inverno 2016 :: Super her\u00f3is, L'il Wayne e muita moda na passarela de Philipp Plein\" width=\"570\" height=\"855\" data-recalc-dims=\"1\" \/><\/a><p id=\"caption-attachment-142555\" class=\"wp-caption-text\">Mil\u00e3o Inverno 2016 :: Super her\u00f3is, L&#8217;il Wayne e muita moda na passarela de Philipp Plein<\/p><\/div>\n<div id=\"attachment_142556\" style=\"width: 580px\" class=\"wp-caption aligncenter\"><a href=\"https:\/\/i0.wp.com\/www.agrund.com\/wp-content\/uploads\/sites\/6\/2016\/01\/823.jpg\"><img aria-describedby=\"caption-attachment-142556\" data-attachment-id=\"142556\" data-permalink=\"https:\/\/agrund.com\/index.php\/milao-inverno-2016-super-herois-lil-wayne-e-muita-moda-na-passarela-de-philipp-plein\/8-397\/\" data-orig-file=\"https:\/\/i0.wp.com\/agrund.com\/wp-content\/uploads\/sites\/6\/2016\/01\/823-e1453114620118.jpg?fit=570%2C855&amp;ssl=1\" data-orig-size=\"570,855\" data-comments-opened=\"1\" data-image-meta=\"{&quot;aperture&quot;:&quot;0&quot;,&quot;credit&quot;:&quot;MarcusTondo&quot;,&quot;camera&quot;:&quot;&quot;,&quot;caption&quot;:&quot;&quot;,&quot;created_timestamp&quot;:&quot;1452980996&quot;,&quot;copyright&quot;:&quot;Photo: Marcus Tondo \\\/ Indigitalimages.com&quot;,&quot;focal_length&quot;:&quot;0&quot;,&quot;iso&quot;:&quot;0&quot;,&quot;shutter_speed&quot;:&quot;0&quot;,&quot;title&quot;:&quot;&quot;,&quot;orientation&quot;:&quot;0&quot;}\" data-image-title=\"Mil\u00e3o Inverno 2016 :: Super her\u00f3is, L&#8217;il Wayne e muita moda na passarela de Philipp Plein\" data-image-description=\"\" data-image-caption=\"&lt;p&gt;Mil\u00e3o Inverno 2016 :: Super her\u00f3is, L&#8217;il Wayne e muita moda na passarela de Philipp Plein&lt;\/p&gt;\n\" data-medium-file=\"https:\/\/i0.wp.com\/agrund.com\/wp-content\/uploads\/sites\/6\/2016\/01\/823-e1453114620118.jpg?fit=200%2C300&amp;ssl=1\" data-large-file=\"https:\/\/i0.wp.com\/agrund.com\/wp-content\/uploads\/sites\/6\/2016\/01\/823-e1453114620118.jpg?fit=683%2C1024&amp;ssl=1\" decoding=\"async\" loading=\"lazy\" class=\"size-full wp-image-142556\" src=\"https:\/\/i0.wp.com\/www.agrund.com\/wp-content\/uploads\/sites\/6\/2016\/01\/823-e1453114620118.jpg?resize=570%2C855\" alt=\"Mil\u00e3o Inverno 2016 :: Super her\u00f3is, L'il Wayne e muita moda na passarela de Philipp Plein\" width=\"570\" height=\"855\" data-recalc-dims=\"1\" \/><\/a><p id=\"caption-attachment-142556\" class=\"wp-caption-text\">Mil\u00e3o Inverno 2016 :: Super her\u00f3is, L&#8217;il Wayne e muita moda na passarela de Philipp Plein<\/p><\/div>\n<div id=\"attachment_142557\" style=\"width: 580px\" class=\"wp-caption aligncenter\"><a href=\"https:\/\/i0.wp.com\/www.agrund.com\/wp-content\/uploads\/sites\/6\/2016\/01\/98-e1453114633247.jpg\"><img aria-describedby=\"caption-attachment-142557\" data-attachment-id=\"142557\" data-permalink=\"https:\/\/agrund.com\/index.php\/milao-inverno-2016-super-herois-lil-wayne-e-muita-moda-na-passarela-de-philipp-plein\/9-250\/\" data-orig-file=\"https:\/\/i0.wp.com\/agrund.com\/wp-content\/uploads\/sites\/6\/2016\/01\/98-e1453114633247.jpg?fit=570%2C855&amp;ssl=1\" data-orig-size=\"570,855\" data-comments-opened=\"1\" data-image-meta=\"{&quot;aperture&quot;:&quot;0&quot;,&quot;credit&quot;:&quot;MarcusTondo&quot;,&quot;camera&quot;:&quot;&quot;,&quot;caption&quot;:&quot;&quot;,&quot;created_timestamp&quot;:&quot;1452981012&quot;,&quot;copyright&quot;:&quot;Photo: Marcus Tondo \\\/ Indigitalimages.com&quot;,&quot;focal_length&quot;:&quot;0&quot;,&quot;iso&quot;:&quot;0&quot;,&quot;shutter_speed&quot;:&quot;0&quot;,&quot;title&quot;:&quot;&quot;,&quot;orientation&quot;:&quot;0&quot;}\" data-image-title=\"Mil\u00e3o Inverno 2016 :: Super her\u00f3is, L&#8217;il Wayne e muita moda na passarela de Philipp Plein\" data-image-description=\"\" data-image-caption=\"&lt;p&gt;Mil\u00e3o Inverno 2016 :: Super her\u00f3is, L&#8217;il Wayne e muita moda na passarela de Philipp Plein&lt;\/p&gt;\n\" data-medium-file=\"https:\/\/i0.wp.com\/agrund.com\/wp-content\/uploads\/sites\/6\/2016\/01\/98-e1453114633247.jpg?fit=200%2C300&amp;ssl=1\" data-large-file=\"https:\/\/i0.wp.com\/agrund.com\/wp-content\/uploads\/sites\/6\/2016\/01\/98-e1453114633247.jpg?fit=683%2C1024&amp;ssl=1\" decoding=\"async\" loading=\"lazy\" class=\"size-full wp-image-142557\" src=\"https:\/\/i0.wp.com\/www.agrund.com\/wp-content\/uploads\/sites\/6\/2016\/01\/98-e1453114633247.jpg?resize=570%2C855\" alt=\"Mil\u00e3o Inverno 2016 :: Super her\u00f3is, L'il Wayne e muita moda na passarela de Philipp Plein\" width=\"570\" height=\"855\" data-recalc-dims=\"1\" \/><\/a><p id=\"caption-attachment-142557\" class=\"wp-caption-text\">Mil\u00e3o Inverno 2016 :: Super her\u00f3is, L&#8217;il Wayne e muita moda na passarela de Philipp Plein<\/p><\/div>\n<div id=\"attachment_142558\" style=\"width: 580px\" class=\"wp-caption aligncenter\"><a href=\"https:\/\/i0.wp.com\/www.agrund.com\/wp-content\/uploads\/sites\/6\/2016\/01\/108-e1453114647762.jpg\"><img aria-describedby=\"caption-attachment-142558\" data-attachment-id=\"142558\" data-permalink=\"https:\/\/agrund.com\/index.php\/milao-inverno-2016-super-herois-lil-wayne-e-muita-moda-na-passarela-de-philipp-plein\/10-238\/\" data-orig-file=\"https:\/\/i0.wp.com\/agrund.com\/wp-content\/uploads\/sites\/6\/2016\/01\/108-e1453114647762.jpg?fit=570%2C855&amp;ssl=1\" data-orig-size=\"570,855\" data-comments-opened=\"1\" data-image-meta=\"{&quot;aperture&quot;:&quot;0&quot;,&quot;credit&quot;:&quot;MarcusTondo&quot;,&quot;camera&quot;:&quot;&quot;,&quot;caption&quot;:&quot;&quot;,&quot;created_timestamp&quot;:&quot;1452981059&quot;,&quot;copyright&quot;:&quot;Photo: Marcus Tondo \\\/ Indigitalimages.com&quot;,&quot;focal_length&quot;:&quot;0&quot;,&quot;iso&quot;:&quot;0&quot;,&quot;shutter_speed&quot;:&quot;0&quot;,&quot;title&quot;:&quot;&quot;,&quot;orientation&quot;:&quot;0&quot;}\" data-image-title=\"Mil\u00e3o Inverno 2016 :: Super her\u00f3is, L&#8217;il Wayne e muita moda na passarela de Philipp Plein\" data-image-description=\"\" data-image-caption=\"&lt;p&gt;Mil\u00e3o Inverno 2016 :: Super her\u00f3is, L&#8217;il Wayne e muita moda na passarela de Philipp Plein&lt;\/p&gt;\n\" data-medium-file=\"https:\/\/i0.wp.com\/agrund.com\/wp-content\/uploads\/sites\/6\/2016\/01\/108-e1453114647762.jpg?fit=200%2C300&amp;ssl=1\" data-large-file=\"https:\/\/i0.wp.com\/agrund.com\/wp-content\/uploads\/sites\/6\/2016\/01\/108-e1453114647762.jpg?fit=683%2C1024&amp;ssl=1\" decoding=\"async\" loading=\"lazy\" class=\"size-full wp-image-142558\" src=\"https:\/\/i0.wp.com\/www.agrund.com\/wp-content\/uploads\/sites\/6\/2016\/01\/108-e1453114647762.jpg?resize=570%2C855\" alt=\"Mil\u00e3o Inverno 2016 :: Super her\u00f3is, L'il Wayne e muita moda na passarela de Philipp Plein\" width=\"570\" height=\"855\" data-recalc-dims=\"1\" \/><\/a><p id=\"caption-attachment-142558\" class=\"wp-caption-text\">Mil\u00e3o Inverno 2016 :: Super her\u00f3is, L&#8217;il Wayne e muita moda na passarela de Philipp Plein<\/p><\/div>\n<div id=\"attachment_142559\" style=\"width: 580px\" class=\"wp-caption aligncenter\"><a href=\"https:\/\/i0.wp.com\/www.agrund.com\/wp-content\/uploads\/sites\/6\/2016\/01\/Slide4-e1453114662101.jpg\"><img aria-describedby=\"caption-attachment-142559\" data-attachment-id=\"142559\" data-permalink=\"https:\/\/agrund.com\/index.php\/milao-inverno-2016-super-herois-lil-wayne-e-muita-moda-na-passarela-de-philipp-plein\/slide-4919\/\" data-orig-file=\"https:\/\/i0.wp.com\/agrund.com\/wp-content\/uploads\/sites\/6\/2016\/01\/Slide4-e1453114662101.jpg?fit=570%2C855&amp;ssl=1\" data-orig-size=\"570,855\" data-comments-opened=\"1\" data-image-meta=\"{&quot;aperture&quot;:&quot;0&quot;,&quot;credit&quot;:&quot;MarcusTondo&quot;,&quot;camera&quot;:&quot;&quot;,&quot;caption&quot;:&quot;&quot;,&quot;created_timestamp&quot;:&quot;1452981138&quot;,&quot;copyright&quot;:&quot;Photo: Marcus Tondo \\\/ Indigitalimages.com&quot;,&quot;focal_length&quot;:&quot;0&quot;,&quot;iso&quot;:&quot;0&quot;,&quot;shutter_speed&quot;:&quot;0&quot;,&quot;title&quot;:&quot;&quot;,&quot;orientation&quot;:&quot;0&quot;}\" data-image-title=\"Mil\u00e3o Inverno 2016 :: Super her\u00f3is, L&#8217;il Wayne e muita moda na passarela de Philipp Plein\" data-image-description=\"\" data-image-caption=\"&lt;p&gt;Mil\u00e3o Inverno 2016 :: Super her\u00f3is, L&#8217;il Wayne e muita moda na passarela de Philipp Plein&lt;\/p&gt;\n\" data-medium-file=\"https:\/\/i0.wp.com\/agrund.com\/wp-content\/uploads\/sites\/6\/2016\/01\/Slide4-e1453114662101.jpg?fit=200%2C300&amp;ssl=1\" data-large-file=\"https:\/\/i0.wp.com\/agrund.com\/wp-content\/uploads\/sites\/6\/2016\/01\/Slide4-e1453114662101.jpg?fit=683%2C1024&amp;ssl=1\" decoding=\"async\" loading=\"lazy\" class=\"size-full wp-image-142559\" src=\"https:\/\/i0.wp.com\/www.agrund.com\/wp-content\/uploads\/sites\/6\/2016\/01\/Slide4-e1453114662101.jpg?resize=570%2C855\" alt=\"Mil\u00e3o Inverno 2016 :: Super her\u00f3is, L'il Wayne e muita moda na passarela de Philipp Plein\" width=\"570\" height=\"855\" data-recalc-dims=\"1\" \/><\/a><p id=\"caption-attachment-142559\" class=\"wp-caption-text\">Mil\u00e3o Inverno 2016 :: Super her\u00f3is, L&#8217;il Wayne e muita moda na passarela de Philipp Plein<\/p><\/div>\n<p>Imagens: Reprodu\u00e7\u00e3o.<\/p>\n","protected":false},"excerpt":{"rendered":"<p>Por Arlindo Grund Um verdadeiro show! Foi a proposta de Philipp Plein para sua apresenta\u00e7\u00e3o inverno 2016 em Mil\u00e3o. Em meio a uma orquestra com DJ, surge L&#8217;il Wayne para cantar ao vivo no desfile. Homens prontos para enfrentar as batalhas do dia-a-dia. Verdadeiros her\u00f3is urbanos do asfalto que trocam as asas por skates e [&hellip;]<\/p>\n","protected":false},"author":8,"featured_media":142560,"comment_status":"open","ping_status":"open","sticky":false,"template":"","format":"standard","meta":{"jetpack_post_was_ever_published":false,"_jetpack_newsletter_access":"","jetpack_publicize_message":"","jetpack_is_tweetstorm":false,"jetpack_publicize_feature_enabled":true,"jetpack_social_post_already_shared":true,"jetpack_social_options":{"image_generator_settings":{"template":"highway","enabled":false}}},"categories":[9,21,6],"tags":[],"jetpack_publicize_connections":[],"jetpack_featured_media_url":"https:\/\/i0.wp.com\/agrund.com\/wp-content\/uploads\/sites\/6\/2016\/01\/sl1.jpg?fit=960%2C300&ssl=1","jetpack_sharing_enabled":true,"jetpack_shortlink":"https:\/\/wp.me\/p3Hz0n-B5a","jetpack_likes_enabled":true,"_links":{"self":[{"href":"https:\/\/agrund.com\/index.php\/wp-json\/wp\/v2\/posts\/142548"}],"collection":[{"href":"https:\/\/agrund.com\/index.php\/wp-json\/wp\/v2\/posts"}],"about":[{"href":"https:\/\/agrund.com\/index.php\/wp-json\/wp\/v2\/types\/post"}],"author":[{"embeddable":true,"href":"https:\/\/agrund.com\/index.php\/wp-json\/wp\/v2\/users\/8"}],"replies":[{"embeddable":true,"href":"https:\/\/agrund.com\/index.php\/wp-json\/wp\/v2\/comments?post=142548"}],"version-history":[{"count":0,"href":"https:\/\/agrund.com\/index.php\/wp-json\/wp\/v2\/posts\/142548\/revisions"}],"wp:featuredmedia":[{"embeddable":true,"href":"https:\/\/agrund.com\/index.php\/wp-json\/wp\/v2\/media\/142560"}],"wp:attachment":[{"href":"https:\/\/agrund.com\/index.php\/wp-json\/wp\/v2\/media?parent=142548"}],"wp:term":[{"taxonomy":"category","embeddable":true,"href":"https:\/\/agrund.com\/index.php\/wp-json\/wp\/v2\/categories?post=142548"},{"taxonomy":"post_tag","embeddable":true,"href":"https:\/\/agrund.com\/index.php\/wp-json\/wp\/v2\/tags?post=142548"}],"curies":[{"name":"wp","href":"https:\/\/api.w.org\/{rel}","templated":true}]}}