{"id":142506,"date":"2016-01-18T09:00:41","date_gmt":"2016-01-18T11:00:41","guid":{"rendered":"http:\/\/www.agrund.com\/?p=142506"},"modified":"2016-01-18T08:39:28","modified_gmt":"2016-01-18T10:39:28","slug":"milao-inverno-2016-ralph-lauren-reafirma-sua-invasao-no-mundo","status":"publish","type":"post","link":"https:\/\/agrund.com\/index.php\/milao-inverno-2016-ralph-lauren-reafirma-sua-invasao-no-mundo\/","title":{"rendered":"Mil\u00e3o Inverno 2016 :: Ralph Lauren reafirma sua invas\u00e3o no mundo"},"content":{"rendered":"<p>Por Arlindo Grund<\/p>\n<p>A apresenta\u00e7\u00e3o da Ralph Lauren linha Purple Label Inverno 2016 foi cheia de burburinho e de gente famosa. Aconteceu em Mil\u00e3o e trouxe o DNA americano para a capital da moda italiana. Tinha um toque de western e cowboys americanos com suas texturas e cores mais terrosas e claras dominando o mundo. Alguns looks apresentados tinham tamb\u00e9m uma atmosfera &#8216;executivos dos anos 80&#8217;, com seus palet\u00f3s e ombros meio arredondados, mas a tecnologia aliada aos tecidos nobres deram uma nova cara ao caimento das pe\u00e7as. As cal\u00e7as foram as mais cl\u00e1ssicas at\u00e9 agora \u2013 retas com cintura no lugar e comprimento sem quebras na barra. E as jaquetas e casacos foram o ponto alto da cole\u00e7\u00e3o. Os palet\u00f3s impec\u00e1veis vieram no veludo alem\u00e3o, em tecidos adamascados e num xadrez com cores mais s\u00f3brias. Boas composi\u00e7\u00f5es de cores e de looks. Talvez a cole\u00e7\u00e3o mais internacional apresentada at\u00e9 agora. Tipo sem fronteira. Far\u00e1 sucesso em todos os pontos de vendas da marca.<\/p>\n<div id=\"attachment_142507\" style=\"width: 580px\" class=\"wp-caption aligncenter\"><a href=\"https:\/\/i0.wp.com\/www.agrund.com\/wp-content\/uploads\/sites\/6\/2016\/01\/124-e1453113364735.jpg\"><img aria-describedby=\"caption-attachment-142507\" data-attachment-id=\"142507\" data-permalink=\"https:\/\/agrund.com\/index.php\/milao-inverno-2016-ralph-lauren-reafirma-sua-invasao-no-mundo\/null\/\" data-orig-file=\"https:\/\/i0.wp.com\/agrund.com\/wp-content\/uploads\/sites\/6\/2016\/01\/124-e1453113364735.jpg?fit=570%2C888&amp;ssl=1\" data-orig-size=\"570,888\" data-comments-opened=\"1\" data-image-meta=\"{&quot;aperture&quot;:&quot;0&quot;,&quot;credit&quot;:&quot;DAN &amp; CORINA LECCA&quot;,&quot;camera&quot;:&quot;&quot;,&quot;caption&quot;:&quot;FW16 PALPH LAUREN PURPLE&quot;,&quot;created_timestamp&quot;:&quot;1442048248&quot;,&quot;copyright&quot;:&quot;?DAN &amp; CORINA LECCA&quot;,&quot;focal_length&quot;:&quot;0&quot;,&quot;iso&quot;:&quot;0&quot;,&quot;shutter_speed&quot;:&quot;0&quot;,&quot;title&quot;:&quot;null&quot;,&quot;orientation&quot;:&quot;0&quot;}\" data-image-title=\"Mil\u00e3o Inverno 2016 :: Ralph Lauren reafirma sua invas\u00e3o no mundo\" data-image-description=\"\" data-image-caption=\"&lt;p&gt;Mil\u00e3o Inverno 2016 :: Ralph Lauren reafirma sua invas\u00e3o no mundo&lt;\/p&gt;\n\" data-medium-file=\"https:\/\/i0.wp.com\/agrund.com\/wp-content\/uploads\/sites\/6\/2016\/01\/124-e1453113364735.jpg?fit=193%2C300&amp;ssl=1\" data-large-file=\"https:\/\/i0.wp.com\/agrund.com\/wp-content\/uploads\/sites\/6\/2016\/01\/124-e1453113364735.jpg?fit=657%2C1024&amp;ssl=1\" decoding=\"async\" loading=\"lazy\" class=\"size-full wp-image-142507\" src=\"https:\/\/i0.wp.com\/www.agrund.com\/wp-content\/uploads\/sites\/6\/2016\/01\/124-e1453113364735.jpg?resize=570%2C888\" alt=\"Mil\u00e3o Inverno 2016 :: Ralph Lauren reafirma sua invas\u00e3o no mundo\" width=\"570\" height=\"888\" data-recalc-dims=\"1\" \/><\/a><p id=\"caption-attachment-142507\" class=\"wp-caption-text\">Mil\u00e3o Inverno 2016 :: Ralph Lauren reafirma sua invas\u00e3o no mundo<\/p><\/div>\n<div id=\"attachment_142508\" style=\"width: 580px\" class=\"wp-caption aligncenter\"><a href=\"https:\/\/i0.wp.com\/www.agrund.com\/wp-content\/uploads\/sites\/6\/2016\/01\/221.jpg\"><img aria-describedby=\"caption-attachment-142508\" data-attachment-id=\"142508\" data-permalink=\"https:\/\/agrund.com\/index.php\/milao-inverno-2016-ralph-lauren-reafirma-sua-invasao-no-mundo\/null-2\/\" data-orig-file=\"https:\/\/i0.wp.com\/agrund.com\/wp-content\/uploads\/sites\/6\/2016\/01\/221-e1453113380895.jpg?fit=570%2C855&amp;ssl=1\" data-orig-size=\"570,855\" data-comments-opened=\"1\" data-image-meta=\"{&quot;aperture&quot;:&quot;0&quot;,&quot;credit&quot;:&quot;DAN &amp; CORINA LECCA&quot;,&quot;camera&quot;:&quot;&quot;,&quot;caption&quot;:&quot;FW16 RALPH LAUREN PURPLE&quot;,&quot;created_timestamp&quot;:&quot;1442046488&quot;,&quot;copyright&quot;:&quot;?DAN &amp; CORINA LECCA&quot;,&quot;focal_length&quot;:&quot;0&quot;,&quot;iso&quot;:&quot;0&quot;,&quot;shutter_speed&quot;:&quot;0&quot;,&quot;title&quot;:&quot;null&quot;,&quot;orientation&quot;:&quot;0&quot;}\" data-image-title=\"Mil\u00e3o Inverno 2016 :: Ralph Lauren reafirma sua invas\u00e3o no mundo\" data-image-description=\"\" data-image-caption=\"&lt;p&gt;Mil\u00e3o Inverno 2016 :: Ralph Lauren reafirma sua invas\u00e3o no mundo&lt;\/p&gt;\n\" data-medium-file=\"https:\/\/i0.wp.com\/agrund.com\/wp-content\/uploads\/sites\/6\/2016\/01\/221-e1453113380895.jpg?fit=200%2C300&amp;ssl=1\" data-large-file=\"https:\/\/i0.wp.com\/agrund.com\/wp-content\/uploads\/sites\/6\/2016\/01\/221-e1453113380895.jpg?fit=683%2C1024&amp;ssl=1\" decoding=\"async\" loading=\"lazy\" class=\"size-full wp-image-142508\" src=\"https:\/\/i0.wp.com\/www.agrund.com\/wp-content\/uploads\/sites\/6\/2016\/01\/221-e1453113380895.jpg?resize=570%2C855\" alt=\"Mil\u00e3o Inverno 2016 :: Ralph Lauren reafirma sua invas\u00e3o no mundo\" width=\"570\" height=\"855\" data-recalc-dims=\"1\" \/><\/a><p id=\"caption-attachment-142508\" class=\"wp-caption-text\">Mil\u00e3o Inverno 2016 :: Ralph Lauren reafirma sua invas\u00e3o no mundo<\/p><\/div>\n<div id=\"attachment_142509\" style=\"width: 580px\" class=\"wp-caption aligncenter\"><a href=\"https:\/\/i0.wp.com\/www.agrund.com\/wp-content\/uploads\/sites\/6\/2016\/01\/319.jpg\"><img aria-describedby=\"caption-attachment-142509\" data-attachment-id=\"142509\" data-permalink=\"https:\/\/agrund.com\/index.php\/milao-inverno-2016-ralph-lauren-reafirma-sua-invasao-no-mundo\/null-3\/\" data-orig-file=\"https:\/\/i0.wp.com\/agrund.com\/wp-content\/uploads\/sites\/6\/2016\/01\/319-e1453113398576.jpg?fit=570%2C855&amp;ssl=1\" data-orig-size=\"570,855\" data-comments-opened=\"1\" data-image-meta=\"{&quot;aperture&quot;:&quot;0&quot;,&quot;credit&quot;:&quot;DAN &amp; CORINA LECCA&quot;,&quot;camera&quot;:&quot;&quot;,&quot;caption&quot;:&quot;FW16 RALPH LAUREN PURPLE&quot;,&quot;created_timestamp&quot;:&quot;1442046105&quot;,&quot;copyright&quot;:&quot;?DAN &amp; CORINA LECCA&quot;,&quot;focal_length&quot;:&quot;0&quot;,&quot;iso&quot;:&quot;0&quot;,&quot;shutter_speed&quot;:&quot;0&quot;,&quot;title&quot;:&quot;null&quot;,&quot;orientation&quot;:&quot;0&quot;}\" data-image-title=\"Mil\u00e3o Inverno 2016 :: Ralph Lauren reafirma sua invas\u00e3o no mundoc\" data-image-description=\"\" data-image-caption=\"&lt;p&gt;Mil\u00e3o Inverno 2016 :: Ralph Lauren reafirma sua invas\u00e3o no mundo&lt;\/p&gt;\n\" data-medium-file=\"https:\/\/i0.wp.com\/agrund.com\/wp-content\/uploads\/sites\/6\/2016\/01\/319-e1453113398576.jpg?fit=200%2C300&amp;ssl=1\" data-large-file=\"https:\/\/i0.wp.com\/agrund.com\/wp-content\/uploads\/sites\/6\/2016\/01\/319-e1453113398576.jpg?fit=683%2C1024&amp;ssl=1\" decoding=\"async\" loading=\"lazy\" class=\"size-full wp-image-142509\" src=\"https:\/\/i0.wp.com\/www.agrund.com\/wp-content\/uploads\/sites\/6\/2016\/01\/319-e1453113398576.jpg?resize=570%2C855\" alt=\"Mil\u00e3o Inverno 2016 :: Ralph Lauren reafirma sua invas\u00e3o no mundo\" width=\"570\" height=\"855\" data-recalc-dims=\"1\" \/><\/a><p id=\"caption-attachment-142509\" class=\"wp-caption-text\">Mil\u00e3o Inverno 2016 :: Ralph Lauren reafirma sua invas\u00e3o no mundo<\/p><\/div>\n<div id=\"attachment_142510\" style=\"width: 580px\" class=\"wp-caption aligncenter\"><a href=\"https:\/\/i0.wp.com\/www.agrund.com\/wp-content\/uploads\/sites\/6\/2016\/01\/419-e1453113414592.jpg\"><img aria-describedby=\"caption-attachment-142510\" data-attachment-id=\"142510\" data-permalink=\"https:\/\/agrund.com\/index.php\/milao-inverno-2016-ralph-lauren-reafirma-sua-invasao-no-mundo\/null-4\/\" data-orig-file=\"https:\/\/i0.wp.com\/agrund.com\/wp-content\/uploads\/sites\/6\/2016\/01\/419-e1453113414592.jpg?fit=570%2C855&amp;ssl=1\" data-orig-size=\"570,855\" data-comments-opened=\"1\" data-image-meta=\"{&quot;aperture&quot;:&quot;0&quot;,&quot;credit&quot;:&quot;DAN &amp; CORINA LECCA&quot;,&quot;camera&quot;:&quot;&quot;,&quot;caption&quot;:&quot;FW16 RALPH LAUREN PURPLE&quot;,&quot;created_timestamp&quot;:&quot;1442047322&quot;,&quot;copyright&quot;:&quot;?DAN &amp; CORINA LECCA&quot;,&quot;focal_length&quot;:&quot;0&quot;,&quot;iso&quot;:&quot;0&quot;,&quot;shutter_speed&quot;:&quot;0&quot;,&quot;title&quot;:&quot;null&quot;,&quot;orientation&quot;:&quot;0&quot;}\" data-image-title=\"Mil\u00e3o Inverno 2016 :: Ralph Lauren reafirma sua invas\u00e3o no mundo\" data-image-description=\"\" data-image-caption=\"&lt;p&gt;Mil\u00e3o Inverno 2016 :: Ralph Lauren reafirma sua invas\u00e3o no mundo&lt;\/p&gt;\n\" data-medium-file=\"https:\/\/i0.wp.com\/agrund.com\/wp-content\/uploads\/sites\/6\/2016\/01\/419-e1453113414592.jpg?fit=200%2C300&amp;ssl=1\" data-large-file=\"https:\/\/i0.wp.com\/agrund.com\/wp-content\/uploads\/sites\/6\/2016\/01\/419-e1453113414592.jpg?fit=683%2C1024&amp;ssl=1\" decoding=\"async\" loading=\"lazy\" class=\"size-full wp-image-142510\" src=\"https:\/\/i0.wp.com\/www.agrund.com\/wp-content\/uploads\/sites\/6\/2016\/01\/419-e1453113414592.jpg?resize=570%2C855\" alt=\"Mil\u00e3o Inverno 2016 :: Ralph Lauren reafirma sua invas\u00e3o no mundo\" width=\"570\" height=\"855\" data-recalc-dims=\"1\" \/><\/a><p id=\"caption-attachment-142510\" class=\"wp-caption-text\">Mil\u00e3o Inverno 2016 :: Ralph Lauren reafirma sua invas\u00e3o no mundo<\/p><\/div>\n<div id=\"attachment_142511\" style=\"width: 580px\" class=\"wp-caption aligncenter\"><a href=\"https:\/\/i0.wp.com\/www.agrund.com\/wp-content\/uploads\/sites\/6\/2016\/01\/519-e1453113431635.jpg\"><img aria-describedby=\"caption-attachment-142511\" data-attachment-id=\"142511\" data-permalink=\"https:\/\/agrund.com\/index.php\/milao-inverno-2016-ralph-lauren-reafirma-sua-invasao-no-mundo\/null-5\/\" data-orig-file=\"https:\/\/i0.wp.com\/agrund.com\/wp-content\/uploads\/sites\/6\/2016\/01\/519-e1453113431635.jpg?fit=570%2C855&amp;ssl=1\" data-orig-size=\"570,855\" data-comments-opened=\"1\" data-image-meta=\"{&quot;aperture&quot;:&quot;0&quot;,&quot;credit&quot;:&quot;DAN &amp; CORINA LECCA&quot;,&quot;camera&quot;:&quot;&quot;,&quot;caption&quot;:&quot;FW16 RALPH LAUREN PURPLE&quot;,&quot;created_timestamp&quot;:&quot;1442047170&quot;,&quot;copyright&quot;:&quot;?DAN &amp; CORINA LECCA&quot;,&quot;focal_length&quot;:&quot;0&quot;,&quot;iso&quot;:&quot;0&quot;,&quot;shutter_speed&quot;:&quot;0&quot;,&quot;title&quot;:&quot;null&quot;,&quot;orientation&quot;:&quot;0&quot;}\" data-image-title=\"Mil\u00e3o Inverno 2016 :: Ralph Lauren reafirma sua invas\u00e3o no mundo\" data-image-description=\"\" data-image-caption=\"&lt;p&gt;Mil\u00e3o Inverno 2016 :: Ralph Lauren reafirma sua invas\u00e3o no mundo&lt;\/p&gt;\n\" data-medium-file=\"https:\/\/i0.wp.com\/agrund.com\/wp-content\/uploads\/sites\/6\/2016\/01\/519-e1453113431635.jpg?fit=200%2C300&amp;ssl=1\" data-large-file=\"https:\/\/i0.wp.com\/agrund.com\/wp-content\/uploads\/sites\/6\/2016\/01\/519-e1453113431635.jpg?fit=683%2C1024&amp;ssl=1\" decoding=\"async\" loading=\"lazy\" class=\"size-full wp-image-142511\" src=\"https:\/\/i0.wp.com\/www.agrund.com\/wp-content\/uploads\/sites\/6\/2016\/01\/519-e1453113431635.jpg?resize=570%2C855\" alt=\"Mil\u00e3o Inverno 2016 :: Ralph Lauren reafirma sua invas\u00e3o no mundo\" width=\"570\" height=\"855\" data-recalc-dims=\"1\" \/><\/a><p id=\"caption-attachment-142511\" class=\"wp-caption-text\">Mil\u00e3o Inverno 2016 :: Ralph Lauren reafirma sua invas\u00e3o no mundo<\/p><\/div>\n<div id=\"attachment_142512\" style=\"width: 580px\" class=\"wp-caption aligncenter\"><a href=\"https:\/\/i0.wp.com\/www.agrund.com\/wp-content\/uploads\/sites\/6\/2016\/01\/619-e1453113446260.jpg\"><img aria-describedby=\"caption-attachment-142512\" data-attachment-id=\"142512\" data-permalink=\"https:\/\/agrund.com\/index.php\/milao-inverno-2016-ralph-lauren-reafirma-sua-invasao-no-mundo\/null-6\/\" data-orig-file=\"https:\/\/i0.wp.com\/agrund.com\/wp-content\/uploads\/sites\/6\/2016\/01\/619-e1453113446260.jpg?fit=570%2C855&amp;ssl=1\" data-orig-size=\"570,855\" data-comments-opened=\"1\" data-image-meta=\"{&quot;aperture&quot;:&quot;0&quot;,&quot;credit&quot;:&quot;DAN &amp; CORINA LECCA&quot;,&quot;camera&quot;:&quot;&quot;,&quot;caption&quot;:&quot;FW16 RALPH LAUREN PURPLE&quot;,&quot;created_timestamp&quot;:&quot;1442044511&quot;,&quot;copyright&quot;:&quot;?DAN &amp; CORINA LECCA&quot;,&quot;focal_length&quot;:&quot;0&quot;,&quot;iso&quot;:&quot;0&quot;,&quot;shutter_speed&quot;:&quot;0&quot;,&quot;title&quot;:&quot;null&quot;,&quot;orientation&quot;:&quot;0&quot;}\" data-image-title=\"Mil\u00e3o Inverno 2016 :: Ralph Lauren reafirma sua invas\u00e3o no mundo\" data-image-description=\"\" data-image-caption=\"&lt;p&gt;Mil\u00e3o Inverno 2016 :: Ralph Lauren reafirma sua invas\u00e3o no mundo&lt;\/p&gt;\n\" data-medium-file=\"https:\/\/i0.wp.com\/agrund.com\/wp-content\/uploads\/sites\/6\/2016\/01\/619-e1453113446260.jpg?fit=200%2C300&amp;ssl=1\" data-large-file=\"https:\/\/i0.wp.com\/agrund.com\/wp-content\/uploads\/sites\/6\/2016\/01\/619-e1453113446260.jpg?fit=683%2C1024&amp;ssl=1\" decoding=\"async\" loading=\"lazy\" class=\"size-full wp-image-142512\" src=\"https:\/\/i0.wp.com\/www.agrund.com\/wp-content\/uploads\/sites\/6\/2016\/01\/619-e1453113446260.jpg?resize=570%2C855\" alt=\"Mil\u00e3o Inverno 2016 :: Ralph Lauren reafirma sua invas\u00e3o no mundo\" width=\"570\" height=\"855\" data-recalc-dims=\"1\" \/><\/a><p id=\"caption-attachment-142512\" class=\"wp-caption-text\">Mil\u00e3o Inverno 2016 :: Ralph Lauren reafirma sua invas\u00e3o no mundo<\/p><\/div>\n<div id=\"attachment_142513\" style=\"width: 580px\" class=\"wp-caption aligncenter\"><a href=\"https:\/\/i0.wp.com\/www.agrund.com\/wp-content\/uploads\/sites\/6\/2016\/01\/719-e1453113462100.jpg\"><img aria-describedby=\"caption-attachment-142513\" data-attachment-id=\"142513\" data-permalink=\"https:\/\/agrund.com\/index.php\/milao-inverno-2016-ralph-lauren-reafirma-sua-invasao-no-mundo\/null-7\/\" data-orig-file=\"https:\/\/i0.wp.com\/agrund.com\/wp-content\/uploads\/sites\/6\/2016\/01\/719-e1453113462100.jpg?fit=570%2C855&amp;ssl=1\" data-orig-size=\"570,855\" data-comments-opened=\"1\" data-image-meta=\"{&quot;aperture&quot;:&quot;0&quot;,&quot;credit&quot;:&quot;DAN &amp; CORINA LECCA&quot;,&quot;camera&quot;:&quot;&quot;,&quot;caption&quot;:&quot;FW16 RALPH LAUREN PURPLE&quot;,&quot;created_timestamp&quot;:&quot;1442044198&quot;,&quot;copyright&quot;:&quot;?DAN &amp; CORINA LECCA&quot;,&quot;focal_length&quot;:&quot;0&quot;,&quot;iso&quot;:&quot;0&quot;,&quot;shutter_speed&quot;:&quot;0&quot;,&quot;title&quot;:&quot;null&quot;,&quot;orientation&quot;:&quot;0&quot;}\" data-image-title=\"Mil\u00e3o Inverno 2016 :: Ralph Lauren reafirma sua invas\u00e3o no mundo\" data-image-description=\"\" data-image-caption=\"&lt;p&gt;Mil\u00e3o Inverno 2016 :: Ralph Lauren reafirma sua invas\u00e3o no mundo&lt;\/p&gt;\n\" data-medium-file=\"https:\/\/i0.wp.com\/agrund.com\/wp-content\/uploads\/sites\/6\/2016\/01\/719-e1453113462100.jpg?fit=200%2C300&amp;ssl=1\" data-large-file=\"https:\/\/i0.wp.com\/agrund.com\/wp-content\/uploads\/sites\/6\/2016\/01\/719-e1453113462100.jpg?fit=683%2C1024&amp;ssl=1\" decoding=\"async\" loading=\"lazy\" class=\"size-full wp-image-142513\" src=\"https:\/\/i0.wp.com\/www.agrund.com\/wp-content\/uploads\/sites\/6\/2016\/01\/719-e1453113462100.jpg?resize=570%2C855\" alt=\"Mil\u00e3o Inverno 2016 :: Ralph Lauren reafirma sua invas\u00e3o no mundo\" width=\"570\" height=\"855\" data-recalc-dims=\"1\" \/><\/a><p id=\"caption-attachment-142513\" class=\"wp-caption-text\">Mil\u00e3o Inverno 2016 :: Ralph Lauren reafirma sua invas\u00e3o no mundo<\/p><\/div>\n<div id=\"attachment_142514\" style=\"width: 580px\" class=\"wp-caption aligncenter\"><a href=\"https:\/\/i0.wp.com\/www.agrund.com\/wp-content\/uploads\/sites\/6\/2016\/01\/820-e1453113477943.jpg\"><img aria-describedby=\"caption-attachment-142514\" data-attachment-id=\"142514\" data-permalink=\"https:\/\/agrund.com\/index.php\/milao-inverno-2016-ralph-lauren-reafirma-sua-invasao-no-mundo\/null-8\/\" data-orig-file=\"https:\/\/i0.wp.com\/agrund.com\/wp-content\/uploads\/sites\/6\/2016\/01\/820-e1453113477943.jpg?fit=570%2C855&amp;ssl=1\" data-orig-size=\"570,855\" data-comments-opened=\"1\" data-image-meta=\"{&quot;aperture&quot;:&quot;0&quot;,&quot;credit&quot;:&quot;DAN &amp; CORINA LECCA&quot;,&quot;camera&quot;:&quot;&quot;,&quot;caption&quot;:&quot;FW16 RALPH LAUREN PURPLE&quot;,&quot;created_timestamp&quot;:&quot;1442045241&quot;,&quot;copyright&quot;:&quot;?DAN &amp; CORINA LECCA&quot;,&quot;focal_length&quot;:&quot;0&quot;,&quot;iso&quot;:&quot;0&quot;,&quot;shutter_speed&quot;:&quot;0&quot;,&quot;title&quot;:&quot;null&quot;,&quot;orientation&quot;:&quot;0&quot;}\" data-image-title=\"Mil\u00e3o Inverno 2016 :: Ralph Lauren reafirma sua invas\u00e3o no mundo\" data-image-description=\"\" data-image-caption=\"&lt;p&gt;Mil\u00e3o Inverno 2016 :: Ralph Lauren reafirma sua invas\u00e3o no mundo&lt;\/p&gt;\n\" data-medium-file=\"https:\/\/i0.wp.com\/agrund.com\/wp-content\/uploads\/sites\/6\/2016\/01\/820-e1453113477943.jpg?fit=200%2C300&amp;ssl=1\" data-large-file=\"https:\/\/i0.wp.com\/agrund.com\/wp-content\/uploads\/sites\/6\/2016\/01\/820-e1453113477943.jpg?fit=683%2C1024&amp;ssl=1\" decoding=\"async\" loading=\"lazy\" class=\"size-full wp-image-142514\" src=\"https:\/\/i0.wp.com\/www.agrund.com\/wp-content\/uploads\/sites\/6\/2016\/01\/820-e1453113477943.jpg?resize=570%2C855\" alt=\"Mil\u00e3o Inverno 2016 :: Ralph Lauren reafirma sua invas\u00e3o no mundo\" width=\"570\" height=\"855\" data-recalc-dims=\"1\" \/><\/a><p id=\"caption-attachment-142514\" class=\"wp-caption-text\">Mil\u00e3o Inverno 2016 :: Ralph Lauren reafirma sua invas\u00e3o no mundo<\/p><\/div>\n<div id=\"attachment_142515\" style=\"width: 580px\" class=\"wp-caption aligncenter\"><a href=\"https:\/\/i0.wp.com\/www.agrund.com\/wp-content\/uploads\/sites\/6\/2016\/01\/Slide-112-e1453113495405.jpg\"><img aria-describedby=\"caption-attachment-142515\" data-attachment-id=\"142515\" data-permalink=\"https:\/\/agrund.com\/index.php\/milao-inverno-2016-ralph-lauren-reafirma-sua-invasao-no-mundo\/null-9\/\" data-orig-file=\"https:\/\/i0.wp.com\/agrund.com\/wp-content\/uploads\/sites\/6\/2016\/01\/Slide-112-e1453113495405.jpg?fit=570%2C855&amp;ssl=1\" data-orig-size=\"570,855\" data-comments-opened=\"1\" data-image-meta=\"{&quot;aperture&quot;:&quot;0&quot;,&quot;credit&quot;:&quot;DAN &amp; CORINA LECCA&quot;,&quot;camera&quot;:&quot;&quot;,&quot;caption&quot;:&quot;FW16 RALPH LAUREN PURPLE&quot;,&quot;created_timestamp&quot;:&quot;1442048495&quot;,&quot;copyright&quot;:&quot;?DAN &amp; CORINA LECCA&quot;,&quot;focal_length&quot;:&quot;0&quot;,&quot;iso&quot;:&quot;0&quot;,&quot;shutter_speed&quot;:&quot;0&quot;,&quot;title&quot;:&quot;null&quot;,&quot;orientation&quot;:&quot;0&quot;}\" data-image-title=\"Mil\u00e3o Inverno 2016 :: Ralph Lauren reafirma sua invas\u00e3o no mundo\" data-image-description=\"\" data-image-caption=\"&lt;p&gt;Mil\u00e3o Inverno 2016 :: Ralph Lauren reafirma sua invas\u00e3o no mundo&lt;\/p&gt;\n\" data-medium-file=\"https:\/\/i0.wp.com\/agrund.com\/wp-content\/uploads\/sites\/6\/2016\/01\/Slide-112-e1453113495405.jpg?fit=200%2C300&amp;ssl=1\" data-large-file=\"https:\/\/i0.wp.com\/agrund.com\/wp-content\/uploads\/sites\/6\/2016\/01\/Slide-112-e1453113495405.jpg?fit=682%2C1024&amp;ssl=1\" decoding=\"async\" loading=\"lazy\" class=\"size-full wp-image-142515\" src=\"https:\/\/i0.wp.com\/www.agrund.com\/wp-content\/uploads\/sites\/6\/2016\/01\/Slide-112-e1453113495405.jpg?resize=570%2C855\" alt=\"Mil\u00e3o Inverno 2016 :: Ralph Lauren reafirma sua invas\u00e3o no mundo\" width=\"570\" height=\"855\" data-recalc-dims=\"1\" \/><\/a><p id=\"caption-attachment-142515\" class=\"wp-caption-text\">Mil\u00e3o Inverno 2016 :: Ralph Lauren reafirma sua invas\u00e3o no mundo<\/p><\/div>\n<div id=\"attachment_142516\" style=\"width: 580px\" class=\"wp-caption aligncenter\"><a href=\"https:\/\/i0.wp.com\/www.agrund.com\/wp-content\/uploads\/sites\/6\/2016\/01\/Slide-213.jpg\"><img aria-describedby=\"caption-attachment-142516\" data-attachment-id=\"142516\" data-permalink=\"https:\/\/agrund.com\/index.php\/milao-inverno-2016-ralph-lauren-reafirma-sua-invasao-no-mundo\/null-10\/\" data-orig-file=\"https:\/\/i0.wp.com\/agrund.com\/wp-content\/uploads\/sites\/6\/2016\/01\/Slide-213-e1453113511697.jpg?fit=570%2C855&amp;ssl=1\" data-orig-size=\"570,855\" data-comments-opened=\"1\" data-image-meta=\"{&quot;aperture&quot;:&quot;0&quot;,&quot;credit&quot;:&quot;DAN &amp; CORINA LECCA&quot;,&quot;camera&quot;:&quot;&quot;,&quot;caption&quot;:&quot;FW16 RALPH LAUREN PURPLE&quot;,&quot;created_timestamp&quot;:&quot;1442046776&quot;,&quot;copyright&quot;:&quot;?DAN &amp; CORINA LECCA&quot;,&quot;focal_length&quot;:&quot;0&quot;,&quot;iso&quot;:&quot;0&quot;,&quot;shutter_speed&quot;:&quot;0&quot;,&quot;title&quot;:&quot;null&quot;,&quot;orientation&quot;:&quot;0&quot;}\" data-image-title=\"Mil\u00e3o Inverno 2016 :: Ralph Lauren reafirma sua invas\u00e3o no mundo\" data-image-description=\"\" data-image-caption=\"&lt;p&gt;Mil\u00e3o Inverno 2016 :: Ralph Lauren reafirma sua invas\u00e3o no mundo&lt;\/p&gt;\n\" data-medium-file=\"https:\/\/i0.wp.com\/agrund.com\/wp-content\/uploads\/sites\/6\/2016\/01\/Slide-213-e1453113511697.jpg?fit=200%2C300&amp;ssl=1\" data-large-file=\"https:\/\/i0.wp.com\/agrund.com\/wp-content\/uploads\/sites\/6\/2016\/01\/Slide-213-e1453113511697.jpg?fit=683%2C1024&amp;ssl=1\" decoding=\"async\" loading=\"lazy\" class=\"size-full wp-image-142516\" src=\"https:\/\/i0.wp.com\/www.agrund.com\/wp-content\/uploads\/sites\/6\/2016\/01\/Slide-213-e1453113511697.jpg?resize=570%2C855\" alt=\"Mil\u00e3o Inverno 2016 :: Ralph Lauren reafirma sua invas\u00e3o no mundo\" width=\"570\" height=\"855\" data-recalc-dims=\"1\" \/><\/a><p id=\"caption-attachment-142516\" class=\"wp-caption-text\">Mil\u00e3o Inverno 2016 :: Ralph Lauren reafirma sua invas\u00e3o no mundo<\/p><\/div>\n<div id=\"attachment_142517\" style=\"width: 580px\" class=\"wp-caption aligncenter\"><a href=\"https:\/\/i0.wp.com\/www.agrund.com\/wp-content\/uploads\/sites\/6\/2016\/01\/Slide-312-e1453113526778.jpg\"><img aria-describedby=\"caption-attachment-142517\" data-attachment-id=\"142517\" data-permalink=\"https:\/\/agrund.com\/index.php\/milao-inverno-2016-ralph-lauren-reafirma-sua-invasao-no-mundo\/null-11\/\" data-orig-file=\"https:\/\/i0.wp.com\/agrund.com\/wp-content\/uploads\/sites\/6\/2016\/01\/Slide-312-e1453113526778.jpg?fit=570%2C855&amp;ssl=1\" data-orig-size=\"570,855\" data-comments-opened=\"1\" data-image-meta=\"{&quot;aperture&quot;:&quot;0&quot;,&quot;credit&quot;:&quot;DAN &amp; CORINA LECCA&quot;,&quot;camera&quot;:&quot;&quot;,&quot;caption&quot;:&quot;FW16 RALPH LAUREN PURPLE&quot;,&quot;created_timestamp&quot;:&quot;1442045304&quot;,&quot;copyright&quot;:&quot;?DAN &amp; CORINA LECCA&quot;,&quot;focal_length&quot;:&quot;0&quot;,&quot;iso&quot;:&quot;0&quot;,&quot;shutter_speed&quot;:&quot;0&quot;,&quot;title&quot;:&quot;null&quot;,&quot;orientation&quot;:&quot;0&quot;}\" data-image-title=\"Mil\u00e3o Inverno 2016 :: Ralph Lauren reafirma sua invas\u00e3o no mundo\" data-image-description=\"\" data-image-caption=\"&lt;p&gt;Mil\u00e3o Inverno 2016 :: Ralph Lauren reafirma sua invas\u00e3o no mundo&lt;\/p&gt;\n\" data-medium-file=\"https:\/\/i0.wp.com\/agrund.com\/wp-content\/uploads\/sites\/6\/2016\/01\/Slide-312-e1453113526778.jpg?fit=200%2C300&amp;ssl=1\" data-large-file=\"https:\/\/i0.wp.com\/agrund.com\/wp-content\/uploads\/sites\/6\/2016\/01\/Slide-312-e1453113526778.jpg?fit=683%2C1024&amp;ssl=1\" decoding=\"async\" loading=\"lazy\" class=\"size-full wp-image-142517\" src=\"https:\/\/i0.wp.com\/www.agrund.com\/wp-content\/uploads\/sites\/6\/2016\/01\/Slide-312-e1453113526778.jpg?resize=570%2C855\" alt=\"Mil\u00e3o Inverno 2016 :: Ralph Lauren reafirma sua invas\u00e3o no mundo\" width=\"570\" height=\"855\" data-recalc-dims=\"1\" \/><\/a><p id=\"caption-attachment-142517\" class=\"wp-caption-text\">Mil\u00e3o Inverno 2016 :: Ralph Lauren reafirma sua invas\u00e3o no mundo<\/p><\/div>\n<p>Imagens: Reprodu\u00e7\u00e3o.<\/p>\n","protected":false},"excerpt":{"rendered":"<p>Por Arlindo Grund A apresenta\u00e7\u00e3o da Ralph Lauren linha Purple Label Inverno 2016 foi cheia de burburinho e de gente famosa. Aconteceu em Mil\u00e3o e trouxe o DNA americano para a capital da moda italiana. Tinha um toque de western e cowboys americanos com suas texturas e cores mais terrosas e claras dominando o mundo. [&hellip;]<\/p>\n","protected":false},"author":8,"featured_media":142518,"comment_status":"open","ping_status":"open","sticky":false,"template":"","format":"standard","meta":{"jetpack_post_was_ever_published":false,"_jetpack_newsletter_access":"","jetpack_publicize_message":"","jetpack_is_tweetstorm":false,"jetpack_publicize_feature_enabled":true,"jetpack_social_post_already_shared":true,"jetpack_social_options":{"image_generator_settings":{"template":"highway","enabled":false}}},"categories":[9,21,6],"tags":[],"jetpack_publicize_connections":[],"jetpack_featured_media_url":"https:\/\/i0.wp.com\/agrund.com\/wp-content\/uploads\/sites\/6\/2016\/01\/s6.jpg?fit=960%2C300&ssl=1","jetpack_sharing_enabled":true,"jetpack_shortlink":"https:\/\/wp.me\/p3Hz0n-B4u","jetpack_likes_enabled":true,"_links":{"self":[{"href":"https:\/\/agrund.com\/index.php\/wp-json\/wp\/v2\/posts\/142506"}],"collection":[{"href":"https:\/\/agrund.com\/index.php\/wp-json\/wp\/v2\/posts"}],"about":[{"href":"https:\/\/agrund.com\/index.php\/wp-json\/wp\/v2\/types\/post"}],"author":[{"embeddable":true,"href":"https:\/\/agrund.com\/index.php\/wp-json\/wp\/v2\/users\/8"}],"replies":[{"embeddable":true,"href":"https:\/\/agrund.com\/index.php\/wp-json\/wp\/v2\/comments?post=142506"}],"version-history":[{"count":0,"href":"https:\/\/agrund.com\/index.php\/wp-json\/wp\/v2\/posts\/142506\/revisions"}],"wp:featuredmedia":[{"embeddable":true,"href":"https:\/\/agrund.com\/index.php\/wp-json\/wp\/v2\/media\/142518"}],"wp:attachment":[{"href":"https:\/\/agrund.com\/index.php\/wp-json\/wp\/v2\/media?parent=142506"}],"wp:term":[{"taxonomy":"category","embeddable":true,"href":"https:\/\/agrund.com\/index.php\/wp-json\/wp\/v2\/categories?post=142506"},{"taxonomy":"post_tag","embeddable":true,"href":"https:\/\/agrund.com\/index.php\/wp-json\/wp\/v2\/tags?post=142506"}],"curies":[{"name":"wp","href":"https:\/\/api.w.org\/{rel}","templated":true}]}}