{"id":142493,"date":"2016-01-17T11:30:23","date_gmt":"2016-01-17T13:30:23","guid":{"rendered":"http:\/\/www.agrund.com\/?p=142493"},"modified":"2016-01-17T10:23:50","modified_gmt":"2016-01-17T12:23:50","slug":"milao-inverno-2016-o-sofisticado-homem-da-ermenegildo-zegna","status":"publish","type":"post","link":"https:\/\/agrund.com\/index.php\/milao-inverno-2016-o-sofisticado-homem-da-ermenegildo-zegna\/","title":{"rendered":"Mil\u00e3o Inverno 2016 :: O sofisticado homem da Ermenegildo Zegna"},"content":{"rendered":"<p>Por Arlindo Grund<\/p>\n<p>Os convidados chegaram e uma trilha de fundo parecia que ia parar para o come\u00e7o do desfile. De repente, com pessoas ainda em p\u00e9, a m\u00fasica aumenta e os modelos come\u00e7am a mostrar o inverno 2016 da Ermenegildo Zegna por Stefano Pilati. Impactante tanto quanto as pe\u00e7as apresentadas na passarela. Um estilo mais calmo, mas com muita informa\u00e7\u00e3o de moda. A modelagem fica mais ampla em algumas pe\u00e7as, com ombros arredondados e cal\u00e7as mais soltas, ao mesmo tempo que a alfaiataria slim ainda continua forte na moda italiana e aqui. A cartela foi surpreendentemente chique, com cinzas, azuis, violetas e um tom de camelo. As estampas estavam delicadas e pareciam bot\u00f5es, e os bordados nos tric\u00f4s trouxeram mais luz \u00e0 cole\u00e7\u00e3o. Sem sombra de d\u00favida uma bel\u00edssima apresenta\u00e7\u00e3o e que traz a ess\u00eancia masculina de volta \u00e0s semanas de moda. Uma bela apresenta\u00e7\u00e3o.<\/p>\n<div id=\"attachment_142494\" style=\"width: 580px\" class=\"wp-caption aligncenter\"><a href=\"https:\/\/i0.wp.com\/www.agrund.com\/wp-content\/uploads\/sites\/6\/2016\/01\/123-e1453033249925.jpg\"><img aria-describedby=\"caption-attachment-142494\" data-attachment-id=\"142494\" data-permalink=\"https:\/\/agrund.com\/index.php\/milao-inverno-2016-o-sofisticado-homem-da-ermenegildo-zegna\/1-535\/\" data-orig-file=\"https:\/\/i0.wp.com\/agrund.com\/wp-content\/uploads\/sites\/6\/2016\/01\/123-e1453033249925.jpg?fit=570%2C855&amp;ssl=1\" data-orig-size=\"570,855\" data-comments-opened=\"1\" data-image-meta=\"{&quot;aperture&quot;:&quot;0&quot;,&quot;credit&quot;:&quot;MarcusTondo&quot;,&quot;camera&quot;:&quot;&quot;,&quot;caption&quot;:&quot;&quot;,&quot;created_timestamp&quot;:&quot;1452941860&quot;,&quot;copyright&quot;:&quot;Photo: Marcus Tondo \\\/ Indigitalimages.com&quot;,&quot;focal_length&quot;:&quot;0&quot;,&quot;iso&quot;:&quot;0&quot;,&quot;shutter_speed&quot;:&quot;0&quot;,&quot;title&quot;:&quot;&quot;,&quot;orientation&quot;:&quot;0&quot;}\" data-image-title=\"Mil\u00e3o Inverno 2016 :: O sofisticado homem da Ermenegildo Zegna\" data-image-description=\"\" data-image-caption=\"&lt;p&gt;Mil\u00e3o Inverno 2016 :: O sofisticado homem da Ermenegildo Zegna&lt;\/p&gt;\n\" data-medium-file=\"https:\/\/i0.wp.com\/agrund.com\/wp-content\/uploads\/sites\/6\/2016\/01\/123-e1453033249925.jpg?fit=200%2C300&amp;ssl=1\" data-large-file=\"https:\/\/i0.wp.com\/agrund.com\/wp-content\/uploads\/sites\/6\/2016\/01\/123-e1453033249925.jpg?fit=683%2C1024&amp;ssl=1\" decoding=\"async\" loading=\"lazy\" class=\"size-full wp-image-142494\" src=\"https:\/\/i0.wp.com\/www.agrund.com\/wp-content\/uploads\/sites\/6\/2016\/01\/123-e1453033249925.jpg?resize=570%2C855\" alt=\"Mil\u00e3o Inverno 2016 :: O sofisticado homem da Ermenegildo Zegna\" width=\"570\" height=\"855\" data-recalc-dims=\"1\" \/><\/a><p id=\"caption-attachment-142494\" class=\"wp-caption-text\">Mil\u00e3o Inverno 2016 :: O sofisticado homem da Ermenegildo Zegna<\/p><\/div>\n<div id=\"attachment_142495\" style=\"width: 580px\" class=\"wp-caption aligncenter\"><a href=\"https:\/\/i0.wp.com\/www.agrund.com\/wp-content\/uploads\/sites\/6\/2016\/01\/220.jpg\"><img aria-describedby=\"caption-attachment-142495\" data-attachment-id=\"142495\" data-permalink=\"https:\/\/agrund.com\/index.php\/milao-inverno-2016-o-sofisticado-homem-da-ermenegildo-zegna\/2-510\/\" data-orig-file=\"https:\/\/i0.wp.com\/agrund.com\/wp-content\/uploads\/sites\/6\/2016\/01\/220-e1453033264934.jpg?fit=570%2C855&amp;ssl=1\" data-orig-size=\"570,855\" data-comments-opened=\"1\" data-image-meta=\"{&quot;aperture&quot;:&quot;0&quot;,&quot;credit&quot;:&quot;MarcusTondo&quot;,&quot;camera&quot;:&quot;&quot;,&quot;caption&quot;:&quot;&quot;,&quot;created_timestamp&quot;:&quot;1452941898&quot;,&quot;copyright&quot;:&quot;Photo: Marcus Tondo \\\/ Indigitalimages.com&quot;,&quot;focal_length&quot;:&quot;0&quot;,&quot;iso&quot;:&quot;0&quot;,&quot;shutter_speed&quot;:&quot;0&quot;,&quot;title&quot;:&quot;&quot;,&quot;orientation&quot;:&quot;0&quot;}\" data-image-title=\"Mil\u00e3o Inverno 2016 :: O sofisticado homem da Ermenegildo Zegna\" data-image-description=\"\" data-image-caption=\"&lt;p&gt;Mil\u00e3o Inverno 2016 :: O sofisticado homem da Ermenegildo Zegna&lt;\/p&gt;\n\" data-medium-file=\"https:\/\/i0.wp.com\/agrund.com\/wp-content\/uploads\/sites\/6\/2016\/01\/220-e1453033264934.jpg?fit=200%2C300&amp;ssl=1\" data-large-file=\"https:\/\/i0.wp.com\/agrund.com\/wp-content\/uploads\/sites\/6\/2016\/01\/220-e1453033264934.jpg?fit=683%2C1024&amp;ssl=1\" decoding=\"async\" loading=\"lazy\" class=\"size-full wp-image-142495\" src=\"https:\/\/i0.wp.com\/www.agrund.com\/wp-content\/uploads\/sites\/6\/2016\/01\/220-e1453033264934.jpg?resize=570%2C855\" alt=\"Mil\u00e3o Inverno 2016 :: O sofisticado homem da Ermenegildo Zegna\" width=\"570\" height=\"855\" data-recalc-dims=\"1\" \/><\/a><p id=\"caption-attachment-142495\" class=\"wp-caption-text\">Mil\u00e3o Inverno 2016 :: O sofisticado homem da Ermenegildo Zegna<\/p><\/div>\n<div id=\"attachment_142496\" style=\"width: 580px\" class=\"wp-caption aligncenter\"><a href=\"https:\/\/i0.wp.com\/www.agrund.com\/wp-content\/uploads\/sites\/6\/2016\/01\/318.jpg\"><img aria-describedby=\"caption-attachment-142496\" data-attachment-id=\"142496\" data-permalink=\"https:\/\/agrund.com\/index.php\/milao-inverno-2016-o-sofisticado-homem-da-ermenegildo-zegna\/3-489\/\" data-orig-file=\"https:\/\/i0.wp.com\/agrund.com\/wp-content\/uploads\/sites\/6\/2016\/01\/318-e1453033281877.jpg?fit=570%2C855&amp;ssl=1\" data-orig-size=\"570,855\" data-comments-opened=\"1\" data-image-meta=\"{&quot;aperture&quot;:&quot;0&quot;,&quot;credit&quot;:&quot;MarcusTondo&quot;,&quot;camera&quot;:&quot;&quot;,&quot;caption&quot;:&quot;&quot;,&quot;created_timestamp&quot;:&quot;1452941952&quot;,&quot;copyright&quot;:&quot;Photo: Marcus Tondo \\\/ Indigitalimages.com&quot;,&quot;focal_length&quot;:&quot;0&quot;,&quot;iso&quot;:&quot;0&quot;,&quot;shutter_speed&quot;:&quot;0&quot;,&quot;title&quot;:&quot;&quot;,&quot;orientation&quot;:&quot;0&quot;}\" data-image-title=\"Mil\u00e3o Inverno 2016 :: O sofisticado homem da Ermenegildo Zegna\" data-image-description=\"\" data-image-caption=\"&lt;p&gt;Mil\u00e3o Inverno 2016 :: O sofisticado homem da Ermenegildo Zegna&lt;\/p&gt;\n\" data-medium-file=\"https:\/\/i0.wp.com\/agrund.com\/wp-content\/uploads\/sites\/6\/2016\/01\/318-e1453033281877.jpg?fit=200%2C300&amp;ssl=1\" data-large-file=\"https:\/\/i0.wp.com\/agrund.com\/wp-content\/uploads\/sites\/6\/2016\/01\/318-e1453033281877.jpg?fit=683%2C1024&amp;ssl=1\" decoding=\"async\" loading=\"lazy\" class=\"size-full wp-image-142496\" src=\"https:\/\/i0.wp.com\/www.agrund.com\/wp-content\/uploads\/sites\/6\/2016\/01\/318-e1453033281877.jpg?resize=570%2C855\" alt=\"Mil\u00e3o Inverno 2016 :: O sofisticado homem da Ermenegildo Zegna\" width=\"570\" height=\"855\" data-recalc-dims=\"1\" \/><\/a><p id=\"caption-attachment-142496\" class=\"wp-caption-text\">Mil\u00e3o Inverno 2016 :: O sofisticado homem da Ermenegildo Zegna<\/p><\/div>\n<div id=\"attachment_142497\" style=\"width: 580px\" class=\"wp-caption aligncenter\"><a href=\"https:\/\/i0.wp.com\/www.agrund.com\/wp-content\/uploads\/sites\/6\/2016\/01\/418-e1453033306165.jpg\"><img aria-describedby=\"caption-attachment-142497\" data-attachment-id=\"142497\" data-permalink=\"https:\/\/agrund.com\/index.php\/milao-inverno-2016-o-sofisticado-homem-da-ermenegildo-zegna\/4-462\/\" data-orig-file=\"https:\/\/i0.wp.com\/agrund.com\/wp-content\/uploads\/sites\/6\/2016\/01\/418-e1453033306165.jpg?fit=570%2C855&amp;ssl=1\" data-orig-size=\"570,855\" data-comments-opened=\"1\" data-image-meta=\"{&quot;aperture&quot;:&quot;0&quot;,&quot;credit&quot;:&quot;MarcusTondo&quot;,&quot;camera&quot;:&quot;&quot;,&quot;caption&quot;:&quot;&quot;,&quot;created_timestamp&quot;:&quot;1452941975&quot;,&quot;copyright&quot;:&quot;Photo: Marcus Tondo \\\/ Indigitalimages.com&quot;,&quot;focal_length&quot;:&quot;0&quot;,&quot;iso&quot;:&quot;0&quot;,&quot;shutter_speed&quot;:&quot;0&quot;,&quot;title&quot;:&quot;&quot;,&quot;orientation&quot;:&quot;0&quot;}\" data-image-title=\"Mil\u00e3o Inverno 2016 :: O sofisticado homem da Ermenegildo Zegna\" data-image-description=\"\" data-image-caption=\"&lt;p&gt;Mil\u00e3o Inverno 2016 :: O sofisticado homem da Ermenegildo Zegna&lt;\/p&gt;\n\" data-medium-file=\"https:\/\/i0.wp.com\/agrund.com\/wp-content\/uploads\/sites\/6\/2016\/01\/418-e1453033306165.jpg?fit=200%2C300&amp;ssl=1\" data-large-file=\"https:\/\/i0.wp.com\/agrund.com\/wp-content\/uploads\/sites\/6\/2016\/01\/418-e1453033306165.jpg?fit=683%2C1024&amp;ssl=1\" decoding=\"async\" loading=\"lazy\" class=\"size-full wp-image-142497\" src=\"https:\/\/i0.wp.com\/www.agrund.com\/wp-content\/uploads\/sites\/6\/2016\/01\/418-e1453033306165.jpg?resize=570%2C855\" alt=\"Mil\u00e3o Inverno 2016 :: O sofisticado homem da Ermenegildo Zegna\" width=\"570\" height=\"855\" data-recalc-dims=\"1\" \/><\/a><p id=\"caption-attachment-142497\" class=\"wp-caption-text\">Mil\u00e3o Inverno 2016 :: O sofisticado homem da Ermenegildo Zegna<\/p><\/div>\n<div id=\"attachment_142498\" style=\"width: 580px\" class=\"wp-caption aligncenter\"><a href=\"https:\/\/i0.wp.com\/www.agrund.com\/wp-content\/uploads\/sites\/6\/2016\/01\/518-e1453033322554.jpg\"><img aria-describedby=\"caption-attachment-142498\" data-attachment-id=\"142498\" data-permalink=\"https:\/\/agrund.com\/index.php\/milao-inverno-2016-o-sofisticado-homem-da-ermenegildo-zegna\/5-441\/\" data-orig-file=\"https:\/\/i0.wp.com\/agrund.com\/wp-content\/uploads\/sites\/6\/2016\/01\/518-e1453033322554.jpg?fit=570%2C855&amp;ssl=1\" data-orig-size=\"570,855\" data-comments-opened=\"1\" data-image-meta=\"{&quot;aperture&quot;:&quot;0&quot;,&quot;credit&quot;:&quot;MarcusTondo&quot;,&quot;camera&quot;:&quot;&quot;,&quot;caption&quot;:&quot;&quot;,&quot;created_timestamp&quot;:&quot;1452942017&quot;,&quot;copyright&quot;:&quot;Photo: Marcus Tondo \\\/ Indigitalimages.com&quot;,&quot;focal_length&quot;:&quot;0&quot;,&quot;iso&quot;:&quot;0&quot;,&quot;shutter_speed&quot;:&quot;0&quot;,&quot;title&quot;:&quot;&quot;,&quot;orientation&quot;:&quot;0&quot;}\" data-image-title=\"Mil\u00e3o Inverno 2016 :: O sofisticado homem da Ermenegildo Zegna\" data-image-description=\"\" data-image-caption=\"&lt;p&gt;Mil\u00e3o Inverno 2016 :: O sofisticado homem da Ermenegildo Zegna&lt;\/p&gt;\n\" data-medium-file=\"https:\/\/i0.wp.com\/agrund.com\/wp-content\/uploads\/sites\/6\/2016\/01\/518-e1453033322554.jpg?fit=200%2C300&amp;ssl=1\" data-large-file=\"https:\/\/i0.wp.com\/agrund.com\/wp-content\/uploads\/sites\/6\/2016\/01\/518-e1453033322554.jpg?fit=683%2C1024&amp;ssl=1\" decoding=\"async\" loading=\"lazy\" class=\"size-full wp-image-142498\" src=\"https:\/\/i0.wp.com\/www.agrund.com\/wp-content\/uploads\/sites\/6\/2016\/01\/518-e1453033322554.jpg?resize=570%2C855\" alt=\"Mil\u00e3o Inverno 2016 :: O sofisticado homem da Ermenegildo Zegna\" width=\"570\" height=\"855\" data-recalc-dims=\"1\" \/><\/a><p id=\"caption-attachment-142498\" class=\"wp-caption-text\">Mil\u00e3o Inverno 2016 :: O sofisticado homem da Ermenegildo Zegna<\/p><\/div>\n<div id=\"attachment_142499\" style=\"width: 580px\" class=\"wp-caption aligncenter\"><a href=\"https:\/\/i0.wp.com\/www.agrund.com\/wp-content\/uploads\/sites\/6\/2016\/01\/618-e1453033338533.jpg\"><img aria-describedby=\"caption-attachment-142499\" data-attachment-id=\"142499\" data-permalink=\"https:\/\/agrund.com\/index.php\/milao-inverno-2016-o-sofisticado-homem-da-ermenegildo-zegna\/6-422\/\" data-orig-file=\"https:\/\/i0.wp.com\/agrund.com\/wp-content\/uploads\/sites\/6\/2016\/01\/618-e1453033338533.jpg?fit=570%2C855&amp;ssl=1\" data-orig-size=\"570,855\" data-comments-opened=\"1\" data-image-meta=\"{&quot;aperture&quot;:&quot;0&quot;,&quot;credit&quot;:&quot;MarcusTondo&quot;,&quot;camera&quot;:&quot;&quot;,&quot;caption&quot;:&quot;&quot;,&quot;created_timestamp&quot;:&quot;1452942071&quot;,&quot;copyright&quot;:&quot;Photo: Marcus Tondo \\\/ Indigitalimages.com&quot;,&quot;focal_length&quot;:&quot;0&quot;,&quot;iso&quot;:&quot;0&quot;,&quot;shutter_speed&quot;:&quot;0&quot;,&quot;title&quot;:&quot;&quot;,&quot;orientation&quot;:&quot;0&quot;}\" data-image-title=\"Mil\u00e3o Inverno 2016 :: O sofisticado homem da Ermenegildo Zegna\" data-image-description=\"\" data-image-caption=\"&lt;p&gt;Mil\u00e3o Inverno 2016 :: O sofisticado homem da Ermenegildo Zegna&lt;\/p&gt;\n\" data-medium-file=\"https:\/\/i0.wp.com\/agrund.com\/wp-content\/uploads\/sites\/6\/2016\/01\/618-e1453033338533.jpg?fit=200%2C300&amp;ssl=1\" data-large-file=\"https:\/\/i0.wp.com\/agrund.com\/wp-content\/uploads\/sites\/6\/2016\/01\/618-e1453033338533.jpg?fit=683%2C1024&amp;ssl=1\" decoding=\"async\" loading=\"lazy\" class=\"size-full wp-image-142499\" src=\"https:\/\/i0.wp.com\/www.agrund.com\/wp-content\/uploads\/sites\/6\/2016\/01\/618-e1453033338533.jpg?resize=570%2C855\" alt=\"Mil\u00e3o Inverno 2016 :: O sofisticado homem da Ermenegildo Zegna\" width=\"570\" height=\"855\" data-recalc-dims=\"1\" \/><\/a><p id=\"caption-attachment-142499\" class=\"wp-caption-text\">Mil\u00e3o Inverno 2016 :: O sofisticado homem da Ermenegildo Zegna<\/p><\/div>\n<div id=\"attachment_142500\" style=\"width: 580px\" class=\"wp-caption aligncenter\"><a href=\"https:\/\/i0.wp.com\/www.agrund.com\/wp-content\/uploads\/sites\/6\/2016\/01\/718-e1453033352936.jpg\"><img aria-describedby=\"caption-attachment-142500\" data-attachment-id=\"142500\" data-permalink=\"https:\/\/agrund.com\/index.php\/milao-inverno-2016-o-sofisticado-homem-da-ermenegildo-zegna\/7-396\/\" data-orig-file=\"https:\/\/i0.wp.com\/agrund.com\/wp-content\/uploads\/sites\/6\/2016\/01\/718-e1453033352936.jpg?fit=570%2C855&amp;ssl=1\" data-orig-size=\"570,855\" data-comments-opened=\"1\" data-image-meta=\"{&quot;aperture&quot;:&quot;0&quot;,&quot;credit&quot;:&quot;MarcusTondo&quot;,&quot;camera&quot;:&quot;&quot;,&quot;caption&quot;:&quot;&quot;,&quot;created_timestamp&quot;:&quot;1452942110&quot;,&quot;copyright&quot;:&quot;Photo: Marcus Tondo \\\/ Indigitalimages.com&quot;,&quot;focal_length&quot;:&quot;0&quot;,&quot;iso&quot;:&quot;0&quot;,&quot;shutter_speed&quot;:&quot;0&quot;,&quot;title&quot;:&quot;&quot;,&quot;orientation&quot;:&quot;0&quot;}\" data-image-title=\"Mil\u00e3o Inverno 2016 :: O sofisticado homem da Ermenegildo Zegna\" data-image-description=\"\" data-image-caption=\"&lt;p&gt;Mil\u00e3o Inverno 2016 :: O sofisticado homem da Ermenegildo Zegna&lt;\/p&gt;\n\" data-medium-file=\"https:\/\/i0.wp.com\/agrund.com\/wp-content\/uploads\/sites\/6\/2016\/01\/718-e1453033352936.jpg?fit=200%2C300&amp;ssl=1\" data-large-file=\"https:\/\/i0.wp.com\/agrund.com\/wp-content\/uploads\/sites\/6\/2016\/01\/718-e1453033352936.jpg?fit=683%2C1024&amp;ssl=1\" decoding=\"async\" loading=\"lazy\" class=\"size-full wp-image-142500\" src=\"https:\/\/i0.wp.com\/www.agrund.com\/wp-content\/uploads\/sites\/6\/2016\/01\/718-e1453033352936.jpg?resize=570%2C855\" alt=\"Mil\u00e3o Inverno 2016 :: O sofisticado homem da Ermenegildo Zegna\" width=\"570\" height=\"855\" data-recalc-dims=\"1\" \/><\/a><p id=\"caption-attachment-142500\" class=\"wp-caption-text\">Mil\u00e3o Inverno 2016 :: O sofisticado homem da Ermenegildo Zegna<\/p><\/div>\n<div id=\"attachment_142501\" style=\"width: 580px\" class=\"wp-caption aligncenter\"><a href=\"https:\/\/i0.wp.com\/www.agrund.com\/wp-content\/uploads\/sites\/6\/2016\/01\/819.jpg\"><img aria-describedby=\"caption-attachment-142501\" data-attachment-id=\"142501\" data-permalink=\"https:\/\/agrund.com\/index.php\/milao-inverno-2016-o-sofisticado-homem-da-ermenegildo-zegna\/8-394\/\" data-orig-file=\"https:\/\/i0.wp.com\/agrund.com\/wp-content\/uploads\/sites\/6\/2016\/01\/819-e1453033367486.jpg?fit=570%2C855&amp;ssl=1\" data-orig-size=\"570,855\" data-comments-opened=\"1\" data-image-meta=\"{&quot;aperture&quot;:&quot;0&quot;,&quot;credit&quot;:&quot;MarcusTondo&quot;,&quot;camera&quot;:&quot;&quot;,&quot;caption&quot;:&quot;&quot;,&quot;created_timestamp&quot;:&quot;1452942140&quot;,&quot;copyright&quot;:&quot;Photo: Marcus Tondo \\\/ Indigitalimages.com&quot;,&quot;focal_length&quot;:&quot;0&quot;,&quot;iso&quot;:&quot;0&quot;,&quot;shutter_speed&quot;:&quot;0&quot;,&quot;title&quot;:&quot;&quot;,&quot;orientation&quot;:&quot;0&quot;}\" data-image-title=\"Mil\u00e3o Inverno 2016 :: O sofisticado homem da Ermenegildo Zegna\" data-image-description=\"\" data-image-caption=\"&lt;p&gt;Mil\u00e3o Inverno 2016 :: O sofisticado homem da Ermenegildo Zegna&lt;\/p&gt;\n\" data-medium-file=\"https:\/\/i0.wp.com\/agrund.com\/wp-content\/uploads\/sites\/6\/2016\/01\/819-e1453033367486.jpg?fit=200%2C300&amp;ssl=1\" data-large-file=\"https:\/\/i0.wp.com\/agrund.com\/wp-content\/uploads\/sites\/6\/2016\/01\/819-e1453033367486.jpg?fit=683%2C1024&amp;ssl=1\" decoding=\"async\" loading=\"lazy\" class=\"size-full wp-image-142501\" src=\"https:\/\/i0.wp.com\/www.agrund.com\/wp-content\/uploads\/sites\/6\/2016\/01\/819-e1453033367486.jpg?resize=570%2C855\" alt=\"Mil\u00e3o Inverno 2016 :: O sofisticado homem da Ermenegildo Zegna\" width=\"570\" height=\"855\" data-recalc-dims=\"1\" \/><\/a><p id=\"caption-attachment-142501\" class=\"wp-caption-text\">Mil\u00e3o Inverno 2016 :: O sofisticado homem da Ermenegildo Zegna<\/p><\/div>\n<div id=\"attachment_142502\" style=\"width: 580px\" class=\"wp-caption aligncenter\"><a href=\"https:\/\/i0.wp.com\/www.agrund.com\/wp-content\/uploads\/sites\/6\/2016\/01\/96-e1453033381421.jpg\"><img aria-describedby=\"caption-attachment-142502\" data-attachment-id=\"142502\" data-permalink=\"https:\/\/agrund.com\/index.php\/milao-inverno-2016-o-sofisticado-homem-da-ermenegildo-zegna\/9-248\/\" data-orig-file=\"https:\/\/i0.wp.com\/agrund.com\/wp-content\/uploads\/sites\/6\/2016\/01\/96-e1453033381421.jpg?fit=570%2C855&amp;ssl=1\" data-orig-size=\"570,855\" data-comments-opened=\"1\" data-image-meta=\"{&quot;aperture&quot;:&quot;0&quot;,&quot;credit&quot;:&quot;MarcusTondo&quot;,&quot;camera&quot;:&quot;&quot;,&quot;caption&quot;:&quot;&quot;,&quot;created_timestamp&quot;:&quot;1452942172&quot;,&quot;copyright&quot;:&quot;Photo: Marcus Tondo \\\/ Indigitalimages.com&quot;,&quot;focal_length&quot;:&quot;0&quot;,&quot;iso&quot;:&quot;0&quot;,&quot;shutter_speed&quot;:&quot;0&quot;,&quot;title&quot;:&quot;&quot;,&quot;orientation&quot;:&quot;0&quot;}\" data-image-title=\"Mil\u00e3o Inverno 2016 :: O sofisticado homem da Ermenegildo Zegna\" data-image-description=\"\" data-image-caption=\"&lt;p&gt;Mil\u00e3o Inverno 2016 :: O sofisticado homem da Ermenegildo Zegna&lt;\/p&gt;\n\" data-medium-file=\"https:\/\/i0.wp.com\/agrund.com\/wp-content\/uploads\/sites\/6\/2016\/01\/96-e1453033381421.jpg?fit=200%2C300&amp;ssl=1\" data-large-file=\"https:\/\/i0.wp.com\/agrund.com\/wp-content\/uploads\/sites\/6\/2016\/01\/96-e1453033381421.jpg?fit=683%2C1024&amp;ssl=1\" decoding=\"async\" loading=\"lazy\" class=\"size-full wp-image-142502\" src=\"https:\/\/i0.wp.com\/www.agrund.com\/wp-content\/uploads\/sites\/6\/2016\/01\/96-e1453033381421.jpg?resize=570%2C855\" alt=\"Mil\u00e3o Inverno 2016 :: O sofisticado homem da Ermenegildo Zegna\" width=\"570\" height=\"855\" data-recalc-dims=\"1\" \/><\/a><p id=\"caption-attachment-142502\" class=\"wp-caption-text\">Mil\u00e3o Inverno 2016 :: O sofisticado homem da Ermenegildo Zegna<\/p><\/div>\n<div id=\"attachment_142503\" style=\"width: 580px\" class=\"wp-caption aligncenter\"><a href=\"https:\/\/i0.wp.com\/www.agrund.com\/wp-content\/uploads\/sites\/6\/2016\/01\/106.jpg\"><img aria-describedby=\"caption-attachment-142503\" data-attachment-id=\"142503\" data-permalink=\"https:\/\/agrund.com\/index.php\/milao-inverno-2016-o-sofisticado-homem-da-ermenegildo-zegna\/10-236\/\" data-orig-file=\"https:\/\/i0.wp.com\/agrund.com\/wp-content\/uploads\/sites\/6\/2016\/01\/106-e1453033395808.jpg?fit=570%2C855&amp;ssl=1\" data-orig-size=\"570,855\" data-comments-opened=\"1\" data-image-meta=\"{&quot;aperture&quot;:&quot;0&quot;,&quot;credit&quot;:&quot;MarcusTondo&quot;,&quot;camera&quot;:&quot;&quot;,&quot;caption&quot;:&quot;&quot;,&quot;created_timestamp&quot;:&quot;1452942348&quot;,&quot;copyright&quot;:&quot;Photo: Marcus Tondo \\\/ Indigitalimages.com&quot;,&quot;focal_length&quot;:&quot;0&quot;,&quot;iso&quot;:&quot;0&quot;,&quot;shutter_speed&quot;:&quot;0&quot;,&quot;title&quot;:&quot;&quot;,&quot;orientation&quot;:&quot;0&quot;}\" data-image-title=\"Mil\u00e3o Inverno 2016 :: O sofisticado homem da Ermenegildo Zegna\" data-image-description=\"\" data-image-caption=\"&lt;p&gt;Mil\u00e3o Inverno 2016 :: O sofisticado homem da Ermenegildo Zegna&lt;\/p&gt;\n\" data-medium-file=\"https:\/\/i0.wp.com\/agrund.com\/wp-content\/uploads\/sites\/6\/2016\/01\/106-e1453033395808.jpg?fit=200%2C300&amp;ssl=1\" data-large-file=\"https:\/\/i0.wp.com\/agrund.com\/wp-content\/uploads\/sites\/6\/2016\/01\/106-e1453033395808.jpg?fit=683%2C1024&amp;ssl=1\" decoding=\"async\" loading=\"lazy\" class=\"size-full wp-image-142503\" src=\"https:\/\/i0.wp.com\/www.agrund.com\/wp-content\/uploads\/sites\/6\/2016\/01\/106-e1453033395808.jpg?resize=570%2C855\" alt=\"Mil\u00e3o Inverno 2016 :: O sofisticado homem da Ermenegildo Zegna\" width=\"570\" height=\"855\" data-recalc-dims=\"1\" \/><\/a><p id=\"caption-attachment-142503\" class=\"wp-caption-text\">Mil\u00e3o Inverno 2016 :: O sofisticado homem da Ermenegildo Zegna<\/p><\/div>\n<p>Imagens: Reprodu\u00e7\u00e3o.<\/p>\n<p>&nbsp;<\/p>\n","protected":false},"excerpt":{"rendered":"<p>Por Arlindo Grund Os convidados chegaram e uma trilha de fundo parecia que ia parar para o come\u00e7o do desfile. De repente, com pessoas ainda em p\u00e9, a m\u00fasica aumenta e os modelos come\u00e7am a mostrar o inverno 2016 da Ermenegildo Zegna por Stefano Pilati. Impactante tanto quanto as pe\u00e7as apresentadas na passarela. Um estilo [&hellip;]<\/p>\n","protected":false},"author":8,"featured_media":142504,"comment_status":"open","ping_status":"open","sticky":false,"template":"","format":"standard","meta":{"jetpack_post_was_ever_published":false,"_jetpack_newsletter_access":"","jetpack_publicize_message":"","jetpack_is_tweetstorm":false,"jetpack_publicize_feature_enabled":true,"jetpack_social_post_already_shared":true,"jetpack_social_options":{"image_generator_settings":{"template":"highway","enabled":false}}},"categories":[21,6],"tags":[],"jetpack_publicize_connections":[],"jetpack_featured_media_url":"https:\/\/i0.wp.com\/agrund.com\/wp-content\/uploads\/sites\/6\/2016\/01\/s5.jpg?fit=960%2C300&ssl=1","jetpack_sharing_enabled":true,"jetpack_shortlink":"https:\/\/wp.me\/p3Hz0n-B4h","jetpack_likes_enabled":true,"_links":{"self":[{"href":"https:\/\/agrund.com\/index.php\/wp-json\/wp\/v2\/posts\/142493"}],"collection":[{"href":"https:\/\/agrund.com\/index.php\/wp-json\/wp\/v2\/posts"}],"about":[{"href":"https:\/\/agrund.com\/index.php\/wp-json\/wp\/v2\/types\/post"}],"author":[{"embeddable":true,"href":"https:\/\/agrund.com\/index.php\/wp-json\/wp\/v2\/users\/8"}],"replies":[{"embeddable":true,"href":"https:\/\/agrund.com\/index.php\/wp-json\/wp\/v2\/comments?post=142493"}],"version-history":[{"count":0,"href":"https:\/\/agrund.com\/index.php\/wp-json\/wp\/v2\/posts\/142493\/revisions"}],"wp:featuredmedia":[{"embeddable":true,"href":"https:\/\/agrund.com\/index.php\/wp-json\/wp\/v2\/media\/142504"}],"wp:attachment":[{"href":"https:\/\/agrund.com\/index.php\/wp-json\/wp\/v2\/media?parent=142493"}],"wp:term":[{"taxonomy":"category","embeddable":true,"href":"https:\/\/agrund.com\/index.php\/wp-json\/wp\/v2\/categories?post=142493"},{"taxonomy":"post_tag","embeddable":true,"href":"https:\/\/agrund.com\/index.php\/wp-json\/wp\/v2\/tags?post=142493"}],"curies":[{"name":"wp","href":"https:\/\/api.w.org\/{rel}","templated":true}]}}