{"id":142468,"date":"2016-01-17T10:30:13","date_gmt":"2016-01-17T12:30:13","guid":{"rendered":"http:\/\/www.agrund.com\/?p=142468"},"modified":"2016-01-17T10:09:58","modified_gmt":"2016-01-17T12:09:58","slug":"milao-inverno-2016-o-bom-e-velho-exagero-de-roberto-cavalli","status":"publish","type":"post","link":"https:\/\/agrund.com\/index.php\/milao-inverno-2016-o-bom-e-velho-exagero-de-roberto-cavalli\/","title":{"rendered":"Mil\u00e3o Inverno 2016 :: O bom e velho exagero de Roberto Cavalli"},"content":{"rendered":"<p>Por Arlindo Grund<\/p>\n<p>O estilista noruegu\u00eas Peter Dundas foi buscar inspira\u00e7\u00e3o no pr\u00f3prio DNA da marca Roberto cavalli para o inverno 2016. Desde que o estilista hom\u00f4nimo se aposentou que a marca n\u00e3o tinha uma apresenta\u00e7\u00e3o concisa e impactante. Misturas de estampas, texturas e tecidos enriqueceram os looks que trouxeram um glam anos 70\/80 revisitado. Cinturas no lugar com bocas de cal\u00e7a levemente abertas deram um belo contraste a todas informa\u00e7\u00e3o que ficava no torso dos modelos. Tric\u00f4s e cachec\u00f3is criavam belos jogos. Os casacos eram a cara dos milion\u00e1rios do rap. Talvez o estilista esteja buscando a volta do p\u00fablico jovem \u00e0 casa italiana. Depois os pijamas, que deram uma ar cool e contempor\u00e2neo \u00e0 cole\u00e7\u00e3o. O mais interessante foi observar que o estilista optou por uma das tend\u00eancias que vem assolando as semanas de moda &#8211; a aus\u00eancia de g\u00eanero para roupas. O jeans mais claro j\u00e1 vindo de Londres aqui ganha belos bordados e um passaporte para o alto luxo. Veja que belo trabalho foi essa mistura de floral e bicho, incluindo os figurativos de mariposa.<\/p>\n<div id=\"attachment_142469\" style=\"width: 580px\" class=\"wp-caption aligncenter\"><a href=\"https:\/\/i0.wp.com\/www.agrund.com\/wp-content\/uploads\/sites\/6\/2016\/01\/120-e1453032321572.jpg\"><img aria-describedby=\"caption-attachment-142469\" data-attachment-id=\"142469\" data-permalink=\"https:\/\/agrund.com\/index.php\/milao-inverno-2016-o-bom-e-velho-exagero-de-roberto-cavalli\/1-533\/\" data-orig-file=\"https:\/\/i0.wp.com\/agrund.com\/wp-content\/uploads\/sites\/6\/2016\/01\/120-e1453032321572.jpg?fit=570%2C855&amp;ssl=1\" data-orig-size=\"570,855\" data-comments-opened=\"1\" data-image-meta=\"{&quot;aperture&quot;:&quot;0&quot;,&quot;credit&quot;:&quot;&quot;,&quot;camera&quot;:&quot;&quot;,&quot;caption&quot;:&quot;&quot;,&quot;created_timestamp&quot;:&quot;1452889534&quot;,&quot;copyright&quot;:&quot;Photo: Yannis Vlamos \\\/ Indigitalimages.com&quot;,&quot;focal_length&quot;:&quot;0&quot;,&quot;iso&quot;:&quot;0&quot;,&quot;shutter_speed&quot;:&quot;0&quot;,&quot;title&quot;:&quot;&quot;,&quot;orientation&quot;:&quot;0&quot;}\" data-image-title=\"Mil\u00e3o Inverno 2016 :: O bom e velho exagero de Roberto Cavalli\" data-image-description=\"\" data-image-caption=\"&lt;p&gt;Mil\u00e3o Inverno 2016 :: O bom e velho exagero de Roberto Cavalli&lt;\/p&gt;\n\" data-medium-file=\"https:\/\/i0.wp.com\/agrund.com\/wp-content\/uploads\/sites\/6\/2016\/01\/120-e1453032321572.jpg?fit=200%2C300&amp;ssl=1\" data-large-file=\"https:\/\/i0.wp.com\/agrund.com\/wp-content\/uploads\/sites\/6\/2016\/01\/120-e1453032321572.jpg?fit=683%2C1024&amp;ssl=1\" decoding=\"async\" loading=\"lazy\" class=\"size-full wp-image-142469\" src=\"https:\/\/i0.wp.com\/www.agrund.com\/wp-content\/uploads\/sites\/6\/2016\/01\/120-e1453032321572.jpg?resize=570%2C855\" alt=\"Mil\u00e3o Inverno 2016 :: O bom e velho exagero de Roberto Cavalli\" width=\"570\" height=\"855\" data-recalc-dims=\"1\" \/><\/a><p id=\"caption-attachment-142469\" class=\"wp-caption-text\">Mil\u00e3o Inverno 2016 :: O bom e velho exagero de Roberto Cavalli<\/p><\/div>\n<div id=\"attachment_142470\" style=\"width: 580px\" class=\"wp-caption aligncenter\"><a href=\"https:\/\/i0.wp.com\/www.agrund.com\/wp-content\/uploads\/sites\/6\/2016\/01\/218-e1453032338523.jpg\"><img aria-describedby=\"caption-attachment-142470\" data-attachment-id=\"142470\" data-permalink=\"https:\/\/agrund.com\/index.php\/milao-inverno-2016-o-bom-e-velho-exagero-de-roberto-cavalli\/2-508\/\" data-orig-file=\"https:\/\/i0.wp.com\/agrund.com\/wp-content\/uploads\/sites\/6\/2016\/01\/218-e1453032338523.jpg?fit=570%2C855&amp;ssl=1\" data-orig-size=\"570,855\" data-comments-opened=\"1\" data-image-meta=\"{&quot;aperture&quot;:&quot;0&quot;,&quot;credit&quot;:&quot;&quot;,&quot;camera&quot;:&quot;&quot;,&quot;caption&quot;:&quot;&quot;,&quot;created_timestamp&quot;:&quot;1452889602&quot;,&quot;copyright&quot;:&quot;Photo: Yannis Vlamos \\\/ Indigitalimages.com&quot;,&quot;focal_length&quot;:&quot;0&quot;,&quot;iso&quot;:&quot;0&quot;,&quot;shutter_speed&quot;:&quot;0&quot;,&quot;title&quot;:&quot;&quot;,&quot;orientation&quot;:&quot;0&quot;}\" data-image-title=\"Mil\u00e3o Inverno 2016 :: O bom e velho exagero de Roberto Cavalli\" data-image-description=\"\" data-image-caption=\"&lt;p&gt;Mil\u00e3o Inverno 2016 :: O bom e velho exagero de Roberto Cavalli&lt;\/p&gt;\n\" data-medium-file=\"https:\/\/i0.wp.com\/agrund.com\/wp-content\/uploads\/sites\/6\/2016\/01\/218-e1453032338523.jpg?fit=200%2C300&amp;ssl=1\" data-large-file=\"https:\/\/i0.wp.com\/agrund.com\/wp-content\/uploads\/sites\/6\/2016\/01\/218-e1453032338523.jpg?fit=683%2C1024&amp;ssl=1\" decoding=\"async\" loading=\"lazy\" class=\"size-full wp-image-142470\" src=\"https:\/\/i0.wp.com\/www.agrund.com\/wp-content\/uploads\/sites\/6\/2016\/01\/218-e1453032338523.jpg?resize=570%2C855\" alt=\"Mil\u00e3o Inverno 2016 :: O bom e velho exagero de Roberto Cavalli\" width=\"570\" height=\"855\" data-recalc-dims=\"1\" \/><\/a><p id=\"caption-attachment-142470\" class=\"wp-caption-text\">Mil\u00e3o Inverno 2016 :: O bom e velho exagero de Roberto Cavalli<\/p><\/div>\n<div id=\"attachment_142471\" style=\"width: 580px\" class=\"wp-caption aligncenter\"><a href=\"https:\/\/i0.wp.com\/www.agrund.com\/wp-content\/uploads\/sites\/6\/2016\/01\/316-e1453032354928.jpg\"><img aria-describedby=\"caption-attachment-142471\" data-attachment-id=\"142471\" data-permalink=\"https:\/\/agrund.com\/index.php\/milao-inverno-2016-o-bom-e-velho-exagero-de-roberto-cavalli\/3-487\/\" data-orig-file=\"https:\/\/i0.wp.com\/agrund.com\/wp-content\/uploads\/sites\/6\/2016\/01\/316-e1453032354928.jpg?fit=570%2C855&amp;ssl=1\" data-orig-size=\"570,855\" data-comments-opened=\"1\" data-image-meta=\"{&quot;aperture&quot;:&quot;0&quot;,&quot;credit&quot;:&quot;&quot;,&quot;camera&quot;:&quot;&quot;,&quot;caption&quot;:&quot;&quot;,&quot;created_timestamp&quot;:&quot;1452889645&quot;,&quot;copyright&quot;:&quot;Photo: Yannis Vlamos \\\/ Indigitalimages.com&quot;,&quot;focal_length&quot;:&quot;0&quot;,&quot;iso&quot;:&quot;0&quot;,&quot;shutter_speed&quot;:&quot;0&quot;,&quot;title&quot;:&quot;&quot;,&quot;orientation&quot;:&quot;0&quot;}\" data-image-title=\"Mil\u00e3o Inverno 2016 :: O bom e velho exagero de Roberto Cavalli\" data-image-description=\"\" data-image-caption=\"&lt;p&gt;Mil\u00e3o Inverno 2016 :: O bom e velho exagero de Roberto Cavalli&lt;\/p&gt;\n\" data-medium-file=\"https:\/\/i0.wp.com\/agrund.com\/wp-content\/uploads\/sites\/6\/2016\/01\/316-e1453032354928.jpg?fit=200%2C300&amp;ssl=1\" data-large-file=\"https:\/\/i0.wp.com\/agrund.com\/wp-content\/uploads\/sites\/6\/2016\/01\/316-e1453032354928.jpg?fit=683%2C1024&amp;ssl=1\" decoding=\"async\" loading=\"lazy\" class=\"size-full wp-image-142471\" src=\"https:\/\/i0.wp.com\/www.agrund.com\/wp-content\/uploads\/sites\/6\/2016\/01\/316-e1453032354928.jpg?resize=570%2C855\" alt=\"Mil\u00e3o Inverno 2016 :: O bom e velho exagero de Roberto Cavalli\" width=\"570\" height=\"855\" data-recalc-dims=\"1\" \/><\/a><p id=\"caption-attachment-142471\" class=\"wp-caption-text\">Mil\u00e3o Inverno 2016 :: O bom e velho exagero de Roberto Cavalli<\/p><\/div>\n<div id=\"attachment_142472\" style=\"width: 580px\" class=\"wp-caption aligncenter\"><a href=\"https:\/\/i0.wp.com\/www.agrund.com\/wp-content\/uploads\/sites\/6\/2016\/01\/416.jpg\"><img aria-describedby=\"caption-attachment-142472\" data-attachment-id=\"142472\" data-permalink=\"https:\/\/agrund.com\/index.php\/milao-inverno-2016-o-bom-e-velho-exagero-de-roberto-cavalli\/4-460\/\" data-orig-file=\"https:\/\/i0.wp.com\/agrund.com\/wp-content\/uploads\/sites\/6\/2016\/01\/416-e1453032375468.jpg?fit=570%2C855&amp;ssl=1\" data-orig-size=\"570,855\" data-comments-opened=\"1\" data-image-meta=\"{&quot;aperture&quot;:&quot;0&quot;,&quot;credit&quot;:&quot;&quot;,&quot;camera&quot;:&quot;&quot;,&quot;caption&quot;:&quot;&quot;,&quot;created_timestamp&quot;:&quot;1452889663&quot;,&quot;copyright&quot;:&quot;Photo: Yannis Vlamos \\\/ Indigitalimages.com&quot;,&quot;focal_length&quot;:&quot;0&quot;,&quot;iso&quot;:&quot;0&quot;,&quot;shutter_speed&quot;:&quot;0&quot;,&quot;title&quot;:&quot;&quot;,&quot;orientation&quot;:&quot;0&quot;}\" data-image-title=\"Mil\u00e3o Inverno 2016 :: O bom e velho exagero de Roberto Cavalli\" data-image-description=\"\" data-image-caption=\"&lt;p&gt;Mil\u00e3o Inverno 2016 :: O bom e velho exagero de Roberto Cavalli&lt;\/p&gt;\n\" data-medium-file=\"https:\/\/i0.wp.com\/agrund.com\/wp-content\/uploads\/sites\/6\/2016\/01\/416-e1453032375468.jpg?fit=200%2C300&amp;ssl=1\" data-large-file=\"https:\/\/i0.wp.com\/agrund.com\/wp-content\/uploads\/sites\/6\/2016\/01\/416-e1453032375468.jpg?fit=683%2C1024&amp;ssl=1\" decoding=\"async\" loading=\"lazy\" class=\"size-full wp-image-142472\" src=\"https:\/\/i0.wp.com\/www.agrund.com\/wp-content\/uploads\/sites\/6\/2016\/01\/416-e1453032375468.jpg?resize=570%2C855\" alt=\"Mil\u00e3o Inverno 2016 :: O bom e velho exagero de Roberto Cavalli\" width=\"570\" height=\"855\" data-recalc-dims=\"1\" \/><\/a><p id=\"caption-attachment-142472\" class=\"wp-caption-text\">Mil\u00e3o Inverno 2016 :: O bom e velho exagero de Roberto Cavalli<\/p><\/div>\n<div id=\"attachment_142473\" style=\"width: 580px\" class=\"wp-caption aligncenter\"><a href=\"https:\/\/i0.wp.com\/www.agrund.com\/wp-content\/uploads\/sites\/6\/2016\/01\/516-e1453032390524.jpg\"><img aria-describedby=\"caption-attachment-142473\" data-attachment-id=\"142473\" data-permalink=\"https:\/\/agrund.com\/index.php\/milao-inverno-2016-o-bom-e-velho-exagero-de-roberto-cavalli\/5-439\/\" data-orig-file=\"https:\/\/i0.wp.com\/agrund.com\/wp-content\/uploads\/sites\/6\/2016\/01\/516-e1453032390524.jpg?fit=570%2C855&amp;ssl=1\" data-orig-size=\"570,855\" data-comments-opened=\"1\" data-image-meta=\"{&quot;aperture&quot;:&quot;0&quot;,&quot;credit&quot;:&quot;&quot;,&quot;camera&quot;:&quot;&quot;,&quot;caption&quot;:&quot;&quot;,&quot;created_timestamp&quot;:&quot;1452889726&quot;,&quot;copyright&quot;:&quot;Photo: Yannis Vlamos \\\/ Indigitalimages.com&quot;,&quot;focal_length&quot;:&quot;0&quot;,&quot;iso&quot;:&quot;0&quot;,&quot;shutter_speed&quot;:&quot;0&quot;,&quot;title&quot;:&quot;&quot;,&quot;orientation&quot;:&quot;0&quot;}\" data-image-title=\"Mil\u00e3o Inverno 2016 :: O bom e velho exagero de Roberto Cavalli\" data-image-description=\"\" data-image-caption=\"&lt;p&gt;Mil\u00e3o Inverno 2016 :: O bom e velho exagero de Roberto Cavalli&lt;\/p&gt;\n\" data-medium-file=\"https:\/\/i0.wp.com\/agrund.com\/wp-content\/uploads\/sites\/6\/2016\/01\/516-e1453032390524.jpg?fit=200%2C300&amp;ssl=1\" data-large-file=\"https:\/\/i0.wp.com\/agrund.com\/wp-content\/uploads\/sites\/6\/2016\/01\/516-e1453032390524.jpg?fit=683%2C1024&amp;ssl=1\" decoding=\"async\" loading=\"lazy\" class=\"size-full wp-image-142473\" src=\"https:\/\/i0.wp.com\/www.agrund.com\/wp-content\/uploads\/sites\/6\/2016\/01\/516-e1453032390524.jpg?resize=570%2C855\" alt=\"Mil\u00e3o Inverno 2016 :: O bom e velho exagero de Roberto Cavalli\" width=\"570\" height=\"855\" data-recalc-dims=\"1\" \/><\/a><p id=\"caption-attachment-142473\" class=\"wp-caption-text\">Mil\u00e3o Inverno 2016 :: O bom e velho exagero de Roberto Cavalli<\/p><\/div>\n<div id=\"attachment_142474\" style=\"width: 580px\" class=\"wp-caption aligncenter\"><a href=\"https:\/\/i0.wp.com\/www.agrund.com\/wp-content\/uploads\/sites\/6\/2016\/01\/616.jpg\"><img aria-describedby=\"caption-attachment-142474\" data-attachment-id=\"142474\" data-permalink=\"https:\/\/agrund.com\/index.php\/milao-inverno-2016-o-bom-e-velho-exagero-de-roberto-cavalli\/6-420\/\" data-orig-file=\"https:\/\/i0.wp.com\/agrund.com\/wp-content\/uploads\/sites\/6\/2016\/01\/616-e1453032405830.jpg?fit=570%2C855&amp;ssl=1\" data-orig-size=\"570,855\" data-comments-opened=\"1\" data-image-meta=\"{&quot;aperture&quot;:&quot;0&quot;,&quot;credit&quot;:&quot;&quot;,&quot;camera&quot;:&quot;&quot;,&quot;caption&quot;:&quot;&quot;,&quot;created_timestamp&quot;:&quot;1452889734&quot;,&quot;copyright&quot;:&quot;Photo: Yannis Vlamos \\\/ Indigitalimages.com&quot;,&quot;focal_length&quot;:&quot;0&quot;,&quot;iso&quot;:&quot;0&quot;,&quot;shutter_speed&quot;:&quot;0&quot;,&quot;title&quot;:&quot;&quot;,&quot;orientation&quot;:&quot;0&quot;}\" data-image-title=\"Mil\u00e3o Inverno 2016 :: O bom e velho exagero de Roberto Cavalli\" data-image-description=\"\" data-image-caption=\"&lt;p&gt;Mil\u00e3o Inverno 2016 :: O bom e velho exagero de Roberto Cavalli&lt;\/p&gt;\n\" data-medium-file=\"https:\/\/i0.wp.com\/agrund.com\/wp-content\/uploads\/sites\/6\/2016\/01\/616-e1453032405830.jpg?fit=200%2C300&amp;ssl=1\" data-large-file=\"https:\/\/i0.wp.com\/agrund.com\/wp-content\/uploads\/sites\/6\/2016\/01\/616-e1453032405830.jpg?fit=683%2C1024&amp;ssl=1\" decoding=\"async\" loading=\"lazy\" class=\"size-full wp-image-142474\" src=\"https:\/\/i0.wp.com\/www.agrund.com\/wp-content\/uploads\/sites\/6\/2016\/01\/616-e1453032405830.jpg?resize=570%2C855\" alt=\"Mil\u00e3o Inverno 2016 :: O bom e velho exagero de Roberto Cavalli\" width=\"570\" height=\"855\" data-recalc-dims=\"1\" \/><\/a><p id=\"caption-attachment-142474\" class=\"wp-caption-text\">Mil\u00e3o Inverno 2016 :: O bom e velho exagero de Roberto Cavalli<\/p><\/div>\n<div id=\"attachment_142475\" style=\"width: 580px\" class=\"wp-caption aligncenter\"><a href=\"https:\/\/i0.wp.com\/www.agrund.com\/wp-content\/uploads\/sites\/6\/2016\/01\/716-e1453032424958.jpg\"><img aria-describedby=\"caption-attachment-142475\" data-attachment-id=\"142475\" data-permalink=\"https:\/\/agrund.com\/index.php\/milao-inverno-2016-o-bom-e-velho-exagero-de-roberto-cavalli\/7-394\/\" data-orig-file=\"https:\/\/i0.wp.com\/agrund.com\/wp-content\/uploads\/sites\/6\/2016\/01\/716-e1453032424958.jpg?fit=570%2C855&amp;ssl=1\" data-orig-size=\"570,855\" data-comments-opened=\"1\" data-image-meta=\"{&quot;aperture&quot;:&quot;0&quot;,&quot;credit&quot;:&quot;&quot;,&quot;camera&quot;:&quot;&quot;,&quot;caption&quot;:&quot;&quot;,&quot;created_timestamp&quot;:&quot;1452889774&quot;,&quot;copyright&quot;:&quot;Photo: Yannis Vlamos \\\/ Indigitalimages.com&quot;,&quot;focal_length&quot;:&quot;0&quot;,&quot;iso&quot;:&quot;0&quot;,&quot;shutter_speed&quot;:&quot;0&quot;,&quot;title&quot;:&quot;&quot;,&quot;orientation&quot;:&quot;0&quot;}\" data-image-title=\"Mil\u00e3o Inverno 2016 :: O bom e velho exagero de Roberto Cavalli\" data-image-description=\"\" data-image-caption=\"&lt;p&gt;Mil\u00e3o Inverno 2016 :: O bom e velho exagero de Roberto Cavalli&lt;\/p&gt;\n\" data-medium-file=\"https:\/\/i0.wp.com\/agrund.com\/wp-content\/uploads\/sites\/6\/2016\/01\/716-e1453032424958.jpg?fit=200%2C300&amp;ssl=1\" data-large-file=\"https:\/\/i0.wp.com\/agrund.com\/wp-content\/uploads\/sites\/6\/2016\/01\/716-e1453032424958.jpg?fit=683%2C1024&amp;ssl=1\" decoding=\"async\" loading=\"lazy\" class=\"size-full wp-image-142475\" src=\"https:\/\/i0.wp.com\/www.agrund.com\/wp-content\/uploads\/sites\/6\/2016\/01\/716-e1453032424958.jpg?resize=570%2C855\" alt=\"Mil\u00e3o Inverno 2016 :: O bom e velho exagero de Roberto Cavalli\" width=\"570\" height=\"855\" data-recalc-dims=\"1\" \/><\/a><p id=\"caption-attachment-142475\" class=\"wp-caption-text\">Mil\u00e3o Inverno 2016 :: O bom e velho exagero de Roberto Cavalli<\/p><\/div>\n<div id=\"attachment_142476\" style=\"width: 580px\" class=\"wp-caption aligncenter\"><a href=\"https:\/\/i0.wp.com\/www.agrund.com\/wp-content\/uploads\/sites\/6\/2016\/01\/817-e1453032519673.jpg\"><img aria-describedby=\"caption-attachment-142476\" data-attachment-id=\"142476\" data-permalink=\"https:\/\/agrund.com\/index.php\/milao-inverno-2016-o-bom-e-velho-exagero-de-roberto-cavalli\/8-392\/\" data-orig-file=\"https:\/\/i0.wp.com\/agrund.com\/wp-content\/uploads\/sites\/6\/2016\/01\/817-e1453032519673.jpg?fit=570%2C855&amp;ssl=1\" data-orig-size=\"570,855\" data-comments-opened=\"1\" data-image-meta=\"{&quot;aperture&quot;:&quot;0&quot;,&quot;credit&quot;:&quot;&quot;,&quot;camera&quot;:&quot;&quot;,&quot;caption&quot;:&quot;&quot;,&quot;created_timestamp&quot;:&quot;1452889849&quot;,&quot;copyright&quot;:&quot;Photo: Yannis Vlamos \\\/ Indigitalimages.com&quot;,&quot;focal_length&quot;:&quot;0&quot;,&quot;iso&quot;:&quot;0&quot;,&quot;shutter_speed&quot;:&quot;0&quot;,&quot;title&quot;:&quot;&quot;,&quot;orientation&quot;:&quot;0&quot;}\" data-image-title=\"Mil\u00e3o Inverno 2016 :: O bom e velho exagero de Roberto Cavalli\" data-image-description=\"\" data-image-caption=\"&lt;p&gt;Mil\u00e3o Inverno 2016 :: O bom e velho exagero de Roberto Cavalli&lt;\/p&gt;\n\" data-medium-file=\"https:\/\/i0.wp.com\/agrund.com\/wp-content\/uploads\/sites\/6\/2016\/01\/817-e1453032519673.jpg?fit=200%2C300&amp;ssl=1\" data-large-file=\"https:\/\/i0.wp.com\/agrund.com\/wp-content\/uploads\/sites\/6\/2016\/01\/817-e1453032519673.jpg?fit=683%2C1024&amp;ssl=1\" decoding=\"async\" loading=\"lazy\" class=\"size-full wp-image-142476\" src=\"https:\/\/i0.wp.com\/www.agrund.com\/wp-content\/uploads\/sites\/6\/2016\/01\/817-e1453032519673.jpg?resize=570%2C855\" alt=\"Mil\u00e3o Inverno 2016 :: O bom e velho exagero de Roberto Cavalli\" width=\"570\" height=\"855\" data-recalc-dims=\"1\" \/><\/a><p id=\"caption-attachment-142476\" class=\"wp-caption-text\">Mil\u00e3o Inverno 2016 :: O bom e velho exagero de Roberto Cavalli<\/p><\/div>\n<div id=\"attachment_142477\" style=\"width: 580px\" class=\"wp-caption aligncenter\"><a href=\"https:\/\/i0.wp.com\/www.agrund.com\/wp-content\/uploads\/sites\/6\/2016\/01\/Slide-111-e1453032534163.jpg\"><img aria-describedby=\"caption-attachment-142477\" data-attachment-id=\"142477\" data-permalink=\"https:\/\/agrund.com\/index.php\/milao-inverno-2016-o-bom-e-velho-exagero-de-roberto-cavalli\/slide-1-114\/\" data-orig-file=\"https:\/\/i0.wp.com\/agrund.com\/wp-content\/uploads\/sites\/6\/2016\/01\/Slide-111-e1453032534163.jpg?fit=570%2C855&amp;ssl=1\" data-orig-size=\"570,855\" data-comments-opened=\"1\" data-image-meta=\"{&quot;aperture&quot;:&quot;0&quot;,&quot;credit&quot;:&quot;&quot;,&quot;camera&quot;:&quot;&quot;,&quot;caption&quot;:&quot;&quot;,&quot;created_timestamp&quot;:&quot;1452889557&quot;,&quot;copyright&quot;:&quot;Photo: Yannis Vlamos \\\/ Indigitalimages.com&quot;,&quot;focal_length&quot;:&quot;0&quot;,&quot;iso&quot;:&quot;0&quot;,&quot;shutter_speed&quot;:&quot;0&quot;,&quot;title&quot;:&quot;&quot;,&quot;orientation&quot;:&quot;0&quot;}\" data-image-title=\"Mil\u00e3o Inverno 2016 :: O bom e velho exagero de Roberto Cavalli\" data-image-description=\"\" data-image-caption=\"&lt;p&gt;Mil\u00e3o Inverno 2016 :: O bom e velho exagero de Roberto Cavalli&lt;\/p&gt;\n\" data-medium-file=\"https:\/\/i0.wp.com\/agrund.com\/wp-content\/uploads\/sites\/6\/2016\/01\/Slide-111-e1453032534163.jpg?fit=200%2C300&amp;ssl=1\" data-large-file=\"https:\/\/i0.wp.com\/agrund.com\/wp-content\/uploads\/sites\/6\/2016\/01\/Slide-111-e1453032534163.jpg?fit=683%2C1024&amp;ssl=1\" decoding=\"async\" loading=\"lazy\" class=\"size-full wp-image-142477\" src=\"https:\/\/i0.wp.com\/www.agrund.com\/wp-content\/uploads\/sites\/6\/2016\/01\/Slide-111-e1453032534163.jpg?resize=570%2C855\" alt=\"Mil\u00e3o Inverno 2016 :: O bom e velho exagero de Roberto Cavalli\" width=\"570\" height=\"855\" data-recalc-dims=\"1\" \/><\/a><p id=\"caption-attachment-142477\" class=\"wp-caption-text\">Mil\u00e3o Inverno 2016 :: O bom e velho exagero de Roberto Cavalli<\/p><\/div>\n<div id=\"attachment_142479\" style=\"width: 580px\" class=\"wp-caption aligncenter\"><a href=\"https:\/\/i0.wp.com\/www.agrund.com\/wp-content\/uploads\/sites\/6\/2016\/01\/Slide-311-e1453032548180.jpg\"><img aria-describedby=\"caption-attachment-142479\" data-attachment-id=\"142479\" data-permalink=\"https:\/\/agrund.com\/index.php\/milao-inverno-2016-o-bom-e-velho-exagero-de-roberto-cavalli\/slide-3-172\/\" data-orig-file=\"https:\/\/i0.wp.com\/agrund.com\/wp-content\/uploads\/sites\/6\/2016\/01\/Slide-311-e1453032548180.jpg?fit=570%2C855&amp;ssl=1\" data-orig-size=\"570,855\" data-comments-opened=\"1\" data-image-meta=\"{&quot;aperture&quot;:&quot;0&quot;,&quot;credit&quot;:&quot;&quot;,&quot;camera&quot;:&quot;&quot;,&quot;caption&quot;:&quot;&quot;,&quot;created_timestamp&quot;:&quot;1452889784&quot;,&quot;copyright&quot;:&quot;Photo: Yannis Vlamos \\\/ Indigitalimages.com&quot;,&quot;focal_length&quot;:&quot;0&quot;,&quot;iso&quot;:&quot;0&quot;,&quot;shutter_speed&quot;:&quot;0&quot;,&quot;title&quot;:&quot;&quot;,&quot;orientation&quot;:&quot;0&quot;}\" data-image-title=\"Mil\u00e3o Inverno 2016 :: O bom e velho exagero de Roberto Cavalli\" data-image-description=\"\" data-image-caption=\"&lt;p&gt;Mil\u00e3o Inverno 2016 :: O bom e velho exagero de Roberto Cavalli&lt;\/p&gt;\n\" data-medium-file=\"https:\/\/i0.wp.com\/agrund.com\/wp-content\/uploads\/sites\/6\/2016\/01\/Slide-311-e1453032548180.jpg?fit=200%2C300&amp;ssl=1\" data-large-file=\"https:\/\/i0.wp.com\/agrund.com\/wp-content\/uploads\/sites\/6\/2016\/01\/Slide-311-e1453032548180.jpg?fit=683%2C1024&amp;ssl=1\" decoding=\"async\" loading=\"lazy\" class=\"size-full wp-image-142479\" src=\"https:\/\/i0.wp.com\/www.agrund.com\/wp-content\/uploads\/sites\/6\/2016\/01\/Slide-311-e1453032548180.jpg?resize=570%2C855\" alt=\"Mil\u00e3o Inverno 2016 :: O bom e velho exagero de Roberto Cavalli\" width=\"570\" height=\"855\" data-recalc-dims=\"1\" \/><\/a><p id=\"caption-attachment-142479\" class=\"wp-caption-text\">Mil\u00e3o Inverno 2016 :: O bom e velho exagero de Roberto Cavalli<\/p><\/div>\n<div id=\"attachment_142478\" style=\"width: 580px\" class=\"wp-caption aligncenter\"><a href=\"https:\/\/i0.wp.com\/www.agrund.com\/wp-content\/uploads\/sites\/6\/2016\/01\/Slide-212.jpg\"><img aria-describedby=\"caption-attachment-142478\" data-attachment-id=\"142478\" data-permalink=\"https:\/\/agrund.com\/index.php\/milao-inverno-2016-o-bom-e-velho-exagero-de-roberto-cavalli\/slide-2-198\/\" data-orig-file=\"https:\/\/i0.wp.com\/agrund.com\/wp-content\/uploads\/sites\/6\/2016\/01\/Slide-212-e1453032565305.jpg?fit=570%2C855&amp;ssl=1\" data-orig-size=\"570,855\" data-comments-opened=\"1\" data-image-meta=\"{&quot;aperture&quot;:&quot;0&quot;,&quot;credit&quot;:&quot;&quot;,&quot;camera&quot;:&quot;&quot;,&quot;caption&quot;:&quot;&quot;,&quot;created_timestamp&quot;:&quot;1452889992&quot;,&quot;copyright&quot;:&quot;Photo: Yannis Vlamos \\\/ Indigitalimages.com&quot;,&quot;focal_length&quot;:&quot;0&quot;,&quot;iso&quot;:&quot;0&quot;,&quot;shutter_speed&quot;:&quot;0&quot;,&quot;title&quot;:&quot;&quot;,&quot;orientation&quot;:&quot;0&quot;}\" data-image-title=\"Mil\u00e3o Inverno 2016 :: O bom e velho exagero de Roberto Cavalli\" data-image-description=\"\" data-image-caption=\"&lt;p&gt;Mil\u00e3o Inverno 2016 :: O bom e velho exagero de Roberto Cavalli&lt;\/p&gt;\n\" data-medium-file=\"https:\/\/i0.wp.com\/agrund.com\/wp-content\/uploads\/sites\/6\/2016\/01\/Slide-212-e1453032565305.jpg?fit=200%2C300&amp;ssl=1\" data-large-file=\"https:\/\/i0.wp.com\/agrund.com\/wp-content\/uploads\/sites\/6\/2016\/01\/Slide-212-e1453032565305.jpg?fit=683%2C1024&amp;ssl=1\" decoding=\"async\" loading=\"lazy\" class=\"size-full wp-image-142478\" src=\"https:\/\/i0.wp.com\/www.agrund.com\/wp-content\/uploads\/sites\/6\/2016\/01\/Slide-212-e1453032565305.jpg?resize=570%2C855\" alt=\"Mil\u00e3o Inverno 2016 :: O bom e velho exagero de Roberto Cavalli\" width=\"570\" height=\"855\" data-recalc-dims=\"1\" \/><\/a><p id=\"caption-attachment-142478\" class=\"wp-caption-text\">Mil\u00e3o Inverno 2016 :: O bom e velho exagero de Roberto Cavalli<\/p><\/div>\n<p>Imagens: Reprodu\u00e7\u00e3o.<\/p>\n<p>&nbsp;<\/p>\n","protected":false},"excerpt":{"rendered":"<p>Por Arlindo Grund O estilista noruegu\u00eas Peter Dundas foi buscar inspira\u00e7\u00e3o no pr\u00f3prio DNA da marca Roberto cavalli para o inverno 2016. Desde que o estilista hom\u00f4nimo se aposentou que a marca n\u00e3o tinha uma apresenta\u00e7\u00e3o concisa e impactante. Misturas de estampas, texturas e tecidos enriqueceram os looks que trouxeram um glam anos 70\/80 revisitado. [&hellip;]<\/p>\n","protected":false},"author":8,"featured_media":142480,"comment_status":"open","ping_status":"open","sticky":false,"template":"","format":"standard","meta":{"jetpack_post_was_ever_published":false,"_jetpack_newsletter_access":"","jetpack_publicize_message":"","jetpack_is_tweetstorm":false,"jetpack_publicize_feature_enabled":true,"jetpack_social_post_already_shared":true,"jetpack_social_options":{"image_generator_settings":{"template":"highway","enabled":false}}},"categories":[21,6],"tags":[],"jetpack_publicize_connections":[],"jetpack_featured_media_url":"https:\/\/i0.wp.com\/agrund.com\/wp-content\/uploads\/sites\/6\/2016\/01\/s3.jpg?fit=960%2C300&ssl=1","jetpack_sharing_enabled":true,"jetpack_shortlink":"https:\/\/wp.me\/p3Hz0n-B3S","jetpack_likes_enabled":true,"_links":{"self":[{"href":"https:\/\/agrund.com\/index.php\/wp-json\/wp\/v2\/posts\/142468"}],"collection":[{"href":"https:\/\/agrund.com\/index.php\/wp-json\/wp\/v2\/posts"}],"about":[{"href":"https:\/\/agrund.com\/index.php\/wp-json\/wp\/v2\/types\/post"}],"author":[{"embeddable":true,"href":"https:\/\/agrund.com\/index.php\/wp-json\/wp\/v2\/users\/8"}],"replies":[{"embeddable":true,"href":"https:\/\/agrund.com\/index.php\/wp-json\/wp\/v2\/comments?post=142468"}],"version-history":[{"count":0,"href":"https:\/\/agrund.com\/index.php\/wp-json\/wp\/v2\/posts\/142468\/revisions"}],"wp:featuredmedia":[{"embeddable":true,"href":"https:\/\/agrund.com\/index.php\/wp-json\/wp\/v2\/media\/142480"}],"wp:attachment":[{"href":"https:\/\/agrund.com\/index.php\/wp-json\/wp\/v2\/media?parent=142468"}],"wp:term":[{"taxonomy":"category","embeddable":true,"href":"https:\/\/agrund.com\/index.php\/wp-json\/wp\/v2\/categories?post=142468"},{"taxonomy":"post_tag","embeddable":true,"href":"https:\/\/agrund.com\/index.php\/wp-json\/wp\/v2\/tags?post=142468"}],"curies":[{"name":"wp","href":"https:\/\/api.w.org\/{rel}","templated":true}]}}