{"id":142455,"date":"2016-01-17T10:00:08","date_gmt":"2016-01-17T12:00:08","guid":{"rendered":"http:\/\/www.agrund.com\/?p=142455"},"modified":"2016-01-17T10:01:41","modified_gmt":"2016-01-17T12:01:41","slug":"milao-inverno-2016-a-ports-1961-abre-brilhantemente-a-mfw","status":"publish","type":"post","link":"https:\/\/agrund.com\/index.php\/milao-inverno-2016-a-ports-1961-abre-brilhantemente-a-mfw\/","title":{"rendered":"Mil\u00e3o Inverno 2016 :: A Ports 1961 abre brilhantemente a MFW"},"content":{"rendered":"<p>Por Arlindo Grund<\/p>\n<p>Depois de Londres, chegou a hora da Semana de Moda de Mil\u00e3o \u2013 a Milan Fashion Week MFW. E para abrir os desfiles masculinos e apresenta\u00e7\u00f5es, a Ports 1961 fez um brilhante show. As propor\u00e7\u00f5es &#8211; que foram destaque em Londres &#8211; chegam de maneira diferenciada. Nada de sobreposi\u00e7\u00f5es de mangas longas e extra longas. Aqui, casacos, cal\u00e7as curtas, saias, cal\u00e7as mais sequinhas se misturaram na passarela da marca com camisetas e jaquetas esportivas. Algumas delas estampadas, outras em cores mais s\u00f3brias, por\u00e9m em tecidos mais brilhantes. A pochete revisitada apareceu nessa passarela. Alerta! E no come\u00e7o da apresenta\u00e7\u00e3o, o bailarino ucraniano Sergei Polunin fez uma performance de prender a respira\u00e7\u00e3o na passarela. Confira algumas imagens!<\/p>\n<div id=\"attachment_142456\" style=\"width: 580px\" class=\"wp-caption aligncenter\"><a href=\"https:\/\/i0.wp.com\/www.agrund.com\/wp-content\/uploads\/sites\/6\/2016\/01\/119-e1453031921343.jpg\"><img aria-describedby=\"caption-attachment-142456\" data-attachment-id=\"142456\" data-permalink=\"https:\/\/agrund.com\/index.php\/milao-inverno-2016-a-ports-1961-abre-brilhantemente-a-mfw\/1-532\/\" data-orig-file=\"https:\/\/i0.wp.com\/agrund.com\/wp-content\/uploads\/sites\/6\/2016\/01\/119-e1453031921343.jpg?fit=570%2C855&amp;ssl=1\" data-orig-size=\"570,855\" data-comments-opened=\"1\" data-image-meta=\"{&quot;aperture&quot;:&quot;0&quot;,&quot;credit&quot;:&quot;Gianni Pucci&quot;,&quot;camera&quot;:&quot;&quot;,&quot;caption&quot;:&quot;&quot;,&quot;created_timestamp&quot;:&quot;1452893338&quot;,&quot;copyright&quot;:&quot;Photo: Gianni Pucci \\\/ Indigitalimages.com&quot;,&quot;focal_length&quot;:&quot;0&quot;,&quot;iso&quot;:&quot;0&quot;,&quot;shutter_speed&quot;:&quot;0&quot;,&quot;title&quot;:&quot;&quot;,&quot;orientation&quot;:&quot;0&quot;}\" data-image-title=\"Mil\u00e3o Inverno 2016 :: A Ports 1961 abre brilhantemente a MFWMil\u00e3o Inverno 2016 :: A Ports 1961 abre brilhantemente a MFW\" data-image-description=\"\" data-image-caption=\"&lt;p&gt;Mil\u00e3o Inverno 2016 :: A Ports 1961 abre brilhantemente a MFW&lt;\/p&gt;\n\" data-medium-file=\"https:\/\/i0.wp.com\/agrund.com\/wp-content\/uploads\/sites\/6\/2016\/01\/119-e1453031921343.jpg?fit=200%2C300&amp;ssl=1\" data-large-file=\"https:\/\/i0.wp.com\/agrund.com\/wp-content\/uploads\/sites\/6\/2016\/01\/119-e1453031921343.jpg?fit=683%2C1024&amp;ssl=1\" decoding=\"async\" loading=\"lazy\" class=\"size-full wp-image-142456\" src=\"https:\/\/i0.wp.com\/www.agrund.com\/wp-content\/uploads\/sites\/6\/2016\/01\/119-e1453031921343.jpg?resize=570%2C855\" alt=\"Mil\u00e3o Inverno 2016 :: A Ports 1961 abre brilhantemente a MFW\" width=\"570\" height=\"855\" data-recalc-dims=\"1\" \/><\/a><p id=\"caption-attachment-142456\" class=\"wp-caption-text\">Mil\u00e3o Inverno 2016 :: A Ports 1961 abre brilhantemente a MFW<\/p><\/div>\n<div id=\"attachment_142457\" style=\"width: 580px\" class=\"wp-caption aligncenter\"><a href=\"https:\/\/i0.wp.com\/www.agrund.com\/wp-content\/uploads\/sites\/6\/2016\/01\/217-e1453031939760.jpg\"><img aria-describedby=\"caption-attachment-142457\" data-attachment-id=\"142457\" data-permalink=\"https:\/\/agrund.com\/index.php\/milao-inverno-2016-a-ports-1961-abre-brilhantemente-a-mfw\/2-507\/\" data-orig-file=\"https:\/\/i0.wp.com\/agrund.com\/wp-content\/uploads\/sites\/6\/2016\/01\/217-e1453031939760.jpg?fit=570%2C855&amp;ssl=1\" data-orig-size=\"570,855\" data-comments-opened=\"1\" data-image-meta=\"{&quot;aperture&quot;:&quot;0&quot;,&quot;credit&quot;:&quot;Gianni Pucci&quot;,&quot;camera&quot;:&quot;&quot;,&quot;caption&quot;:&quot;&quot;,&quot;created_timestamp&quot;:&quot;1452893364&quot;,&quot;copyright&quot;:&quot;Photo: Gianni Pucci \\\/ Indigitalimages.com&quot;,&quot;focal_length&quot;:&quot;0&quot;,&quot;iso&quot;:&quot;0&quot;,&quot;shutter_speed&quot;:&quot;0&quot;,&quot;title&quot;:&quot;&quot;,&quot;orientation&quot;:&quot;0&quot;}\" data-image-title=\"Mil\u00e3o Inverno 2016 :: A Ports 1961 abre brilhantemente a MFW\" data-image-description=\"\" data-image-caption=\"&lt;p&gt;Mil\u00e3o Inverno 2016 :: A Ports 1961 abre brilhantemente a MFW&lt;\/p&gt;\n\" data-medium-file=\"https:\/\/i0.wp.com\/agrund.com\/wp-content\/uploads\/sites\/6\/2016\/01\/217-e1453031939760.jpg?fit=200%2C300&amp;ssl=1\" data-large-file=\"https:\/\/i0.wp.com\/agrund.com\/wp-content\/uploads\/sites\/6\/2016\/01\/217-e1453031939760.jpg?fit=683%2C1024&amp;ssl=1\" decoding=\"async\" loading=\"lazy\" class=\"size-full wp-image-142457\" src=\"https:\/\/i0.wp.com\/www.agrund.com\/wp-content\/uploads\/sites\/6\/2016\/01\/217-e1453031939760.jpg?resize=570%2C855\" alt=\"Mil\u00e3o Inverno 2016 :: A Ports 1961 abre brilhantemente a MFW\" width=\"570\" height=\"855\" data-recalc-dims=\"1\" \/><\/a><p id=\"caption-attachment-142457\" class=\"wp-caption-text\">Mil\u00e3o Inverno 2016 :: A Ports 1961 abre brilhantemente a MFW<\/p><\/div>\n<div id=\"attachment_142458\" style=\"width: 580px\" class=\"wp-caption aligncenter\"><a href=\"https:\/\/i0.wp.com\/www.agrund.com\/wp-content\/uploads\/sites\/6\/2016\/01\/315-e1453031956628.jpg\"><img aria-describedby=\"caption-attachment-142458\" data-attachment-id=\"142458\" data-permalink=\"https:\/\/agrund.com\/index.php\/milao-inverno-2016-a-ports-1961-abre-brilhantemente-a-mfw\/3-486\/\" data-orig-file=\"https:\/\/i0.wp.com\/agrund.com\/wp-content\/uploads\/sites\/6\/2016\/01\/315-e1453031956628.jpg?fit=570%2C855&amp;ssl=1\" data-orig-size=\"570,855\" data-comments-opened=\"1\" data-image-meta=\"{&quot;aperture&quot;:&quot;0&quot;,&quot;credit&quot;:&quot;Gianni Pucci&quot;,&quot;camera&quot;:&quot;&quot;,&quot;caption&quot;:&quot;&quot;,&quot;created_timestamp&quot;:&quot;1452893497&quot;,&quot;copyright&quot;:&quot;Photo: Gianni Pucci \\\/ Indigitalimages.com&quot;,&quot;focal_length&quot;:&quot;0&quot;,&quot;iso&quot;:&quot;0&quot;,&quot;shutter_speed&quot;:&quot;0&quot;,&quot;title&quot;:&quot;&quot;,&quot;orientation&quot;:&quot;0&quot;}\" data-image-title=\"Mil\u00e3o Inverno 2016 :: A Ports 1961 abre brilhantemente a MFW\" data-image-description=\"\" data-image-caption=\"&lt;p&gt;Mil\u00e3o Inverno 2016 :: A Ports 1961 abre brilhantemente a MFW&lt;\/p&gt;\n\" data-medium-file=\"https:\/\/i0.wp.com\/agrund.com\/wp-content\/uploads\/sites\/6\/2016\/01\/315-e1453031956628.jpg?fit=200%2C300&amp;ssl=1\" data-large-file=\"https:\/\/i0.wp.com\/agrund.com\/wp-content\/uploads\/sites\/6\/2016\/01\/315-e1453031956628.jpg?fit=683%2C1024&amp;ssl=1\" decoding=\"async\" loading=\"lazy\" class=\"size-full wp-image-142458\" src=\"https:\/\/i0.wp.com\/www.agrund.com\/wp-content\/uploads\/sites\/6\/2016\/01\/315-e1453031956628.jpg?resize=570%2C855\" alt=\"Mil\u00e3o Inverno 2016 :: A Ports 1961 abre brilhantemente a MFW\" width=\"570\" height=\"855\" data-recalc-dims=\"1\" \/><\/a><p id=\"caption-attachment-142458\" class=\"wp-caption-text\">Mil\u00e3o Inverno 2016 :: A Ports 1961 abre brilhantemente a MFW<\/p><\/div>\n<div id=\"attachment_142459\" style=\"width: 580px\" class=\"wp-caption aligncenter\"><a href=\"https:\/\/i0.wp.com\/www.agrund.com\/wp-content\/uploads\/sites\/6\/2016\/01\/415-e1453031976339.jpg\"><img aria-describedby=\"caption-attachment-142459\" data-attachment-id=\"142459\" data-permalink=\"https:\/\/agrund.com\/index.php\/milao-inverno-2016-a-ports-1961-abre-brilhantemente-a-mfw\/4-459\/\" data-orig-file=\"https:\/\/i0.wp.com\/agrund.com\/wp-content\/uploads\/sites\/6\/2016\/01\/415-e1453031976339.jpg?fit=570%2C855&amp;ssl=1\" data-orig-size=\"570,855\" data-comments-opened=\"1\" data-image-meta=\"{&quot;aperture&quot;:&quot;0&quot;,&quot;credit&quot;:&quot;Gianni Pucci&quot;,&quot;camera&quot;:&quot;&quot;,&quot;caption&quot;:&quot;&quot;,&quot;created_timestamp&quot;:&quot;1452893586&quot;,&quot;copyright&quot;:&quot;Photo: Gianni Pucci \\\/ Indigitalimages.com&quot;,&quot;focal_length&quot;:&quot;0&quot;,&quot;iso&quot;:&quot;0&quot;,&quot;shutter_speed&quot;:&quot;0&quot;,&quot;title&quot;:&quot;&quot;,&quot;orientation&quot;:&quot;0&quot;}\" data-image-title=\"Mil\u00e3o Inverno 2016 :: A Ports 1961 abre brilhantemente a MFW\" data-image-description=\"\" data-image-caption=\"&lt;p&gt;Mil\u00e3o Inverno 2016 :: A Ports 1961 abre brilhantemente a MFW&lt;\/p&gt;\n\" data-medium-file=\"https:\/\/i0.wp.com\/agrund.com\/wp-content\/uploads\/sites\/6\/2016\/01\/415-e1453031976339.jpg?fit=200%2C300&amp;ssl=1\" data-large-file=\"https:\/\/i0.wp.com\/agrund.com\/wp-content\/uploads\/sites\/6\/2016\/01\/415-e1453031976339.jpg?fit=683%2C1024&amp;ssl=1\" decoding=\"async\" loading=\"lazy\" class=\"size-full wp-image-142459\" src=\"https:\/\/i0.wp.com\/www.agrund.com\/wp-content\/uploads\/sites\/6\/2016\/01\/415-e1453031976339.jpg?resize=570%2C855\" alt=\"Mil\u00e3o Inverno 2016 :: A Ports 1961 abre brilhantemente a MFW\" width=\"570\" height=\"855\" data-recalc-dims=\"1\" \/><\/a><p id=\"caption-attachment-142459\" class=\"wp-caption-text\">Mil\u00e3o Inverno 2016 :: A Ports 1961 abre brilhantemente a MFW<\/p><\/div>\n<div id=\"attachment_142460\" style=\"width: 580px\" class=\"wp-caption aligncenter\"><a href=\"https:\/\/i0.wp.com\/www.agrund.com\/wp-content\/uploads\/sites\/6\/2016\/01\/515.jpg\"><img aria-describedby=\"caption-attachment-142460\" data-attachment-id=\"142460\" data-permalink=\"https:\/\/agrund.com\/index.php\/milao-inverno-2016-a-ports-1961-abre-brilhantemente-a-mfw\/5-438\/\" data-orig-file=\"https:\/\/i0.wp.com\/agrund.com\/wp-content\/uploads\/sites\/6\/2016\/01\/515-e1453031992666.jpg?fit=570%2C855&amp;ssl=1\" data-orig-size=\"570,855\" data-comments-opened=\"1\" data-image-meta=\"{&quot;aperture&quot;:&quot;0&quot;,&quot;credit&quot;:&quot;Gianni Pucci&quot;,&quot;camera&quot;:&quot;&quot;,&quot;caption&quot;:&quot;&quot;,&quot;created_timestamp&quot;:&quot;1452893665&quot;,&quot;copyright&quot;:&quot;Photo: Gianni Pucci \\\/ Indigitalimages.com&quot;,&quot;focal_length&quot;:&quot;0&quot;,&quot;iso&quot;:&quot;0&quot;,&quot;shutter_speed&quot;:&quot;0&quot;,&quot;title&quot;:&quot;&quot;,&quot;orientation&quot;:&quot;0&quot;}\" data-image-title=\"Mil\u00e3o Inverno 2016 :: A Ports 1961 abre brilhantemente a MFW\" data-image-description=\"\" data-image-caption=\"&lt;p&gt;Mil\u00e3o Inverno 2016 :: A Ports 1961 abre brilhantemente a MFW&lt;\/p&gt;\n\" data-medium-file=\"https:\/\/i0.wp.com\/agrund.com\/wp-content\/uploads\/sites\/6\/2016\/01\/515-e1453031992666.jpg?fit=200%2C300&amp;ssl=1\" data-large-file=\"https:\/\/i0.wp.com\/agrund.com\/wp-content\/uploads\/sites\/6\/2016\/01\/515-e1453031992666.jpg?fit=683%2C1024&amp;ssl=1\" decoding=\"async\" loading=\"lazy\" class=\"size-full wp-image-142460\" src=\"https:\/\/i0.wp.com\/www.agrund.com\/wp-content\/uploads\/sites\/6\/2016\/01\/515-e1453031992666.jpg?resize=570%2C855\" alt=\"Mil\u00e3o Inverno 2016 :: A Ports 1961 abre brilhantemente a MFW\" width=\"570\" height=\"855\" data-recalc-dims=\"1\" \/><\/a><p id=\"caption-attachment-142460\" class=\"wp-caption-text\">Mil\u00e3o Inverno 2016 :: A Ports 1961 abre brilhantemente a MFW<\/p><\/div>\n<div id=\"attachment_142461\" style=\"width: 580px\" class=\"wp-caption aligncenter\"><a href=\"https:\/\/i0.wp.com\/www.agrund.com\/wp-content\/uploads\/sites\/6\/2016\/01\/615.jpg\"><img aria-describedby=\"caption-attachment-142461\" data-attachment-id=\"142461\" data-permalink=\"https:\/\/agrund.com\/index.php\/milao-inverno-2016-a-ports-1961-abre-brilhantemente-a-mfw\/6-419\/\" data-orig-file=\"https:\/\/i0.wp.com\/agrund.com\/wp-content\/uploads\/sites\/6\/2016\/01\/615-e1453032006958.jpg?fit=570%2C855&amp;ssl=1\" data-orig-size=\"570,855\" data-comments-opened=\"1\" data-image-meta=\"{&quot;aperture&quot;:&quot;0&quot;,&quot;credit&quot;:&quot;Gianni Pucci&quot;,&quot;camera&quot;:&quot;&quot;,&quot;caption&quot;:&quot;&quot;,&quot;created_timestamp&quot;:&quot;1452893690&quot;,&quot;copyright&quot;:&quot;Photo: Gianni Pucci \\\/ Indigitalimages.com&quot;,&quot;focal_length&quot;:&quot;0&quot;,&quot;iso&quot;:&quot;0&quot;,&quot;shutter_speed&quot;:&quot;0&quot;,&quot;title&quot;:&quot;&quot;,&quot;orientation&quot;:&quot;0&quot;}\" data-image-title=\"Mil\u00e3o Inverno 2016 :: A Ports 1961 abre brilhantemente a MFW\" data-image-description=\"\" data-image-caption=\"&lt;p&gt;Mil\u00e3o Inverno 2016 :: A Ports 1961 abre brilhantemente a MFW&lt;\/p&gt;\n\" data-medium-file=\"https:\/\/i0.wp.com\/agrund.com\/wp-content\/uploads\/sites\/6\/2016\/01\/615-e1453032006958.jpg?fit=200%2C300&amp;ssl=1\" data-large-file=\"https:\/\/i0.wp.com\/agrund.com\/wp-content\/uploads\/sites\/6\/2016\/01\/615-e1453032006958.jpg?fit=683%2C1024&amp;ssl=1\" decoding=\"async\" loading=\"lazy\" class=\"size-full wp-image-142461\" src=\"https:\/\/i0.wp.com\/www.agrund.com\/wp-content\/uploads\/sites\/6\/2016\/01\/615-e1453032006958.jpg?resize=570%2C855\" alt=\"Mil\u00e3o Inverno 2016 :: A Ports 1961 abre brilhantemente a MFW\" width=\"570\" height=\"855\" data-recalc-dims=\"1\" \/><\/a><p id=\"caption-attachment-142461\" class=\"wp-caption-text\">Mil\u00e3o Inverno 2016 :: A Ports 1961 abre brilhantemente a MFW<\/p><\/div>\n<div id=\"attachment_142462\" style=\"width: 580px\" class=\"wp-caption aligncenter\"><a href=\"https:\/\/i0.wp.com\/www.agrund.com\/wp-content\/uploads\/sites\/6\/2016\/01\/715-e1453032021635.jpg\"><img aria-describedby=\"caption-attachment-142462\" data-attachment-id=\"142462\" data-permalink=\"https:\/\/agrund.com\/index.php\/milao-inverno-2016-a-ports-1961-abre-brilhantemente-a-mfw\/7-393\/\" data-orig-file=\"https:\/\/i0.wp.com\/agrund.com\/wp-content\/uploads\/sites\/6\/2016\/01\/715-e1453032021635.jpg?fit=570%2C855&amp;ssl=1\" data-orig-size=\"570,855\" data-comments-opened=\"1\" data-image-meta=\"{&quot;aperture&quot;:&quot;0&quot;,&quot;credit&quot;:&quot;Gianni Pucci&quot;,&quot;camera&quot;:&quot;&quot;,&quot;caption&quot;:&quot;&quot;,&quot;created_timestamp&quot;:&quot;1452893762&quot;,&quot;copyright&quot;:&quot;Photo: Gianni Pucci \\\/ Indigitalimages.com&quot;,&quot;focal_length&quot;:&quot;0&quot;,&quot;iso&quot;:&quot;0&quot;,&quot;shutter_speed&quot;:&quot;0&quot;,&quot;title&quot;:&quot;&quot;,&quot;orientation&quot;:&quot;0&quot;}\" data-image-title=\"Mil\u00e3o Inverno 2016 :: A Ports 1961 abre brilhantemente a MFW\" data-image-description=\"\" data-image-caption=\"&lt;p&gt;Mil\u00e3o Inverno 2016 :: A Ports 1961 abre brilhantemente a MFW&lt;\/p&gt;\n\" data-medium-file=\"https:\/\/i0.wp.com\/agrund.com\/wp-content\/uploads\/sites\/6\/2016\/01\/715-e1453032021635.jpg?fit=200%2C300&amp;ssl=1\" data-large-file=\"https:\/\/i0.wp.com\/agrund.com\/wp-content\/uploads\/sites\/6\/2016\/01\/715-e1453032021635.jpg?fit=683%2C1024&amp;ssl=1\" decoding=\"async\" loading=\"lazy\" class=\"size-full wp-image-142462\" src=\"https:\/\/i0.wp.com\/www.agrund.com\/wp-content\/uploads\/sites\/6\/2016\/01\/715-e1453032021635.jpg?resize=570%2C855\" alt=\"Mil\u00e3o Inverno 2016 :: A Ports 1961 abre brilhantemente a MFW\" width=\"570\" height=\"855\" data-recalc-dims=\"1\" \/><\/a><p id=\"caption-attachment-142462\" class=\"wp-caption-text\">Mil\u00e3o Inverno 2016 :: A Ports 1961 abre brilhantemente a MFW<\/p><\/div>\n<div id=\"attachment_142463\" style=\"width: 580px\" class=\"wp-caption aligncenter\"><a href=\"https:\/\/i0.wp.com\/www.agrund.com\/wp-content\/uploads\/sites\/6\/2016\/01\/816-e1453032039646.jpg\"><img aria-describedby=\"caption-attachment-142463\" data-attachment-id=\"142463\" data-permalink=\"https:\/\/agrund.com\/index.php\/milao-inverno-2016-a-ports-1961-abre-brilhantemente-a-mfw\/8-391\/\" data-orig-file=\"https:\/\/i0.wp.com\/agrund.com\/wp-content\/uploads\/sites\/6\/2016\/01\/816-e1453032039646.jpg?fit=570%2C855&amp;ssl=1\" data-orig-size=\"570,855\" data-comments-opened=\"1\" data-image-meta=\"{&quot;aperture&quot;:&quot;0&quot;,&quot;credit&quot;:&quot;Gianni Pucci&quot;,&quot;camera&quot;:&quot;&quot;,&quot;caption&quot;:&quot;&quot;,&quot;created_timestamp&quot;:&quot;1452893863&quot;,&quot;copyright&quot;:&quot;Photo: Gianni Pucci \\\/ Indigitalimages.com&quot;,&quot;focal_length&quot;:&quot;0&quot;,&quot;iso&quot;:&quot;0&quot;,&quot;shutter_speed&quot;:&quot;0&quot;,&quot;title&quot;:&quot;&quot;,&quot;orientation&quot;:&quot;0&quot;}\" data-image-title=\"Mil\u00e3o Inverno 2016 :: A Ports 1961 abre brilhantemente a MFW\" data-image-description=\"\" data-image-caption=\"&lt;p&gt;Mil\u00e3o Inverno 2016 :: A Ports 1961 abre brilhantemente a MFW&lt;\/p&gt;\n\" data-medium-file=\"https:\/\/i0.wp.com\/agrund.com\/wp-content\/uploads\/sites\/6\/2016\/01\/816-e1453032039646.jpg?fit=200%2C300&amp;ssl=1\" data-large-file=\"https:\/\/i0.wp.com\/agrund.com\/wp-content\/uploads\/sites\/6\/2016\/01\/816-e1453032039646.jpg?fit=683%2C1024&amp;ssl=1\" decoding=\"async\" loading=\"lazy\" class=\"size-full wp-image-142463\" src=\"https:\/\/i0.wp.com\/www.agrund.com\/wp-content\/uploads\/sites\/6\/2016\/01\/816-e1453032039646.jpg?resize=570%2C855\" alt=\"Mil\u00e3o Inverno 2016 :: A Ports 1961 abre brilhantemente a MFW\" width=\"570\" height=\"855\" data-recalc-dims=\"1\" \/><\/a><p id=\"caption-attachment-142463\" class=\"wp-caption-text\">Mil\u00e3o Inverno 2016 :: A Ports 1961 abre brilhantemente a MFW<\/p><\/div>\n<div id=\"attachment_142464\" style=\"width: 580px\" class=\"wp-caption aligncenter\"><a href=\"https:\/\/i0.wp.com\/www.agrund.com\/wp-content\/uploads\/sites\/6\/2016\/01\/95.jpg\"><img aria-describedby=\"caption-attachment-142464\" data-attachment-id=\"142464\" data-permalink=\"https:\/\/agrund.com\/index.php\/milao-inverno-2016-a-ports-1961-abre-brilhantemente-a-mfw\/9-247\/\" data-orig-file=\"https:\/\/i0.wp.com\/agrund.com\/wp-content\/uploads\/sites\/6\/2016\/01\/95-e1453032053317.jpg?fit=570%2C855&amp;ssl=1\" data-orig-size=\"570,855\" data-comments-opened=\"1\" data-image-meta=\"{&quot;aperture&quot;:&quot;0&quot;,&quot;credit&quot;:&quot;Gianni Pucci&quot;,&quot;camera&quot;:&quot;&quot;,&quot;caption&quot;:&quot;&quot;,&quot;created_timestamp&quot;:&quot;1452893954&quot;,&quot;copyright&quot;:&quot;Photo: Gianni Pucci \\\/ Indigitalimages.com&quot;,&quot;focal_length&quot;:&quot;0&quot;,&quot;iso&quot;:&quot;0&quot;,&quot;shutter_speed&quot;:&quot;0&quot;,&quot;title&quot;:&quot;&quot;,&quot;orientation&quot;:&quot;0&quot;}\" data-image-title=\"Mil\u00e3o Inverno 2016 :: A Ports 1961 abre brilhantemente a MFW\" data-image-description=\"\" data-image-caption=\"&lt;p&gt;Mil\u00e3o Inverno 2016 :: A Ports 1961 abre brilhantemente a MFW&lt;\/p&gt;\n\" data-medium-file=\"https:\/\/i0.wp.com\/agrund.com\/wp-content\/uploads\/sites\/6\/2016\/01\/95-e1453032053317.jpg?fit=200%2C300&amp;ssl=1\" data-large-file=\"https:\/\/i0.wp.com\/agrund.com\/wp-content\/uploads\/sites\/6\/2016\/01\/95-e1453032053317.jpg?fit=683%2C1024&amp;ssl=1\" decoding=\"async\" loading=\"lazy\" class=\"size-full wp-image-142464\" src=\"https:\/\/i0.wp.com\/www.agrund.com\/wp-content\/uploads\/sites\/6\/2016\/01\/95-e1453032053317.jpg?resize=570%2C855\" alt=\"Mil\u00e3o Inverno 2016 :: A Ports 1961 abre brilhantemente a MFW\" width=\"570\" height=\"855\" data-recalc-dims=\"1\" \/><\/a><p id=\"caption-attachment-142464\" class=\"wp-caption-text\">Mil\u00e3o Inverno 2016 :: A Ports 1961 abre brilhantemente a MFW<\/p><\/div>\n<div id=\"attachment_142465\" style=\"width: 580px\" class=\"wp-caption aligncenter\"><a href=\"https:\/\/i0.wp.com\/www.agrund.com\/wp-content\/uploads\/sites\/6\/2016\/01\/105-e1453032067340.jpg\"><img aria-describedby=\"caption-attachment-142465\" data-attachment-id=\"142465\" data-permalink=\"https:\/\/agrund.com\/index.php\/milao-inverno-2016-a-ports-1961-abre-brilhantemente-a-mfw\/10-235\/\" data-orig-file=\"https:\/\/i0.wp.com\/agrund.com\/wp-content\/uploads\/sites\/6\/2016\/01\/105-e1453032067340.jpg?fit=570%2C855&amp;ssl=1\" data-orig-size=\"570,855\" data-comments-opened=\"1\" data-image-meta=\"{&quot;aperture&quot;:&quot;0&quot;,&quot;credit&quot;:&quot;Gianni Pucci&quot;,&quot;camera&quot;:&quot;&quot;,&quot;caption&quot;:&quot;&quot;,&quot;created_timestamp&quot;:&quot;1452894120&quot;,&quot;copyright&quot;:&quot;Photo: Gianni Pucci \\\/ Indigitalimages.com&quot;,&quot;focal_length&quot;:&quot;0&quot;,&quot;iso&quot;:&quot;0&quot;,&quot;shutter_speed&quot;:&quot;0&quot;,&quot;title&quot;:&quot;&quot;,&quot;orientation&quot;:&quot;0&quot;}\" data-image-title=\"Mil\u00e3o Inverno 2016 :: A Ports 1961 abre brilhantemente a MFW\" data-image-description=\"\" data-image-caption=\"&lt;p&gt;Mil\u00e3o Inverno 2016 :: A Ports 1961 abre brilhantemente a MFW&lt;\/p&gt;\n\" data-medium-file=\"https:\/\/i0.wp.com\/agrund.com\/wp-content\/uploads\/sites\/6\/2016\/01\/105-e1453032067340.jpg?fit=200%2C300&amp;ssl=1\" data-large-file=\"https:\/\/i0.wp.com\/agrund.com\/wp-content\/uploads\/sites\/6\/2016\/01\/105-e1453032067340.jpg?fit=682%2C1024&amp;ssl=1\" decoding=\"async\" loading=\"lazy\" class=\"size-full wp-image-142465\" src=\"https:\/\/i0.wp.com\/www.agrund.com\/wp-content\/uploads\/sites\/6\/2016\/01\/105-e1453032067340.jpg?resize=570%2C855\" alt=\"Mil\u00e3o Inverno 2016 :: A Ports 1961 abre brilhantemente a MFW\" width=\"570\" height=\"855\" data-recalc-dims=\"1\" \/><\/a><p id=\"caption-attachment-142465\" class=\"wp-caption-text\">Mil\u00e3o Inverno 2016 :: A Ports 1961 abre brilhantemente a MFW<\/p><\/div>\n<p>Imagens: Reprodu\u00e7\u00e3o.<\/p>\n<p>&nbsp;<\/p>\n","protected":false},"excerpt":{"rendered":"<p>Por Arlindo Grund Depois de Londres, chegou a hora da Semana de Moda de Mil\u00e3o \u2013 a Milan Fashion Week MFW. E para abrir os desfiles masculinos e apresenta\u00e7\u00f5es, a Ports 1961 fez um brilhante show. As propor\u00e7\u00f5es &#8211; que foram destaque em Londres &#8211; chegam de maneira diferenciada. Nada de sobreposi\u00e7\u00f5es de mangas longas [&hellip;]<\/p>\n","protected":false},"author":8,"featured_media":142466,"comment_status":"open","ping_status":"open","sticky":false,"template":"","format":"standard","meta":{"jetpack_post_was_ever_published":false,"_jetpack_newsletter_access":"","jetpack_publicize_message":"","jetpack_is_tweetstorm":false,"jetpack_publicize_feature_enabled":true,"jetpack_social_post_already_shared":true,"jetpack_social_options":{"image_generator_settings":{"template":"highway","enabled":false}}},"categories":[21,6],"tags":[],"jetpack_publicize_connections":[],"jetpack_featured_media_url":"https:\/\/i0.wp.com\/agrund.com\/wp-content\/uploads\/sites\/6\/2016\/01\/slide115.jpg?fit=960%2C300&ssl=1","jetpack_sharing_enabled":true,"jetpack_shortlink":"https:\/\/wp.me\/p3Hz0n-B3F","jetpack_likes_enabled":true,"_links":{"self":[{"href":"https:\/\/agrund.com\/index.php\/wp-json\/wp\/v2\/posts\/142455"}],"collection":[{"href":"https:\/\/agrund.com\/index.php\/wp-json\/wp\/v2\/posts"}],"about":[{"href":"https:\/\/agrund.com\/index.php\/wp-json\/wp\/v2\/types\/post"}],"author":[{"embeddable":true,"href":"https:\/\/agrund.com\/index.php\/wp-json\/wp\/v2\/users\/8"}],"replies":[{"embeddable":true,"href":"https:\/\/agrund.com\/index.php\/wp-json\/wp\/v2\/comments?post=142455"}],"version-history":[{"count":0,"href":"https:\/\/agrund.com\/index.php\/wp-json\/wp\/v2\/posts\/142455\/revisions"}],"wp:featuredmedia":[{"embeddable":true,"href":"https:\/\/agrund.com\/index.php\/wp-json\/wp\/v2\/media\/142466"}],"wp:attachment":[{"href":"https:\/\/agrund.com\/index.php\/wp-json\/wp\/v2\/media?parent=142455"}],"wp:term":[{"taxonomy":"category","embeddable":true,"href":"https:\/\/agrund.com\/index.php\/wp-json\/wp\/v2\/categories?post=142455"},{"taxonomy":"post_tag","embeddable":true,"href":"https:\/\/agrund.com\/index.php\/wp-json\/wp\/v2\/tags?post=142455"}],"curies":[{"name":"wp","href":"https:\/\/api.w.org\/{rel}","templated":true}]}}