{"id":13969,"date":"2011-07-28T12:43:57","date_gmt":"2011-07-28T15:43:57","guid":{"rendered":"http:\/\/www.agrund.com\/blogs\/notas\/?p=13969"},"modified":"2011-07-28T12:43:57","modified_gmt":"2011-07-28T15:43:57","slug":"fred-perry-pode-lancar-novas-pecas-da-colecao-criada-por-amy","status":"publish","type":"post","link":"https:\/\/agrund.com\/index.php\/fred-perry-pode-lancar-novas-pecas-da-colecao-criada-por-amy\/","title":{"rendered":"Fred Perry pode lan\u00e7ar novas pe\u00e7as da cole\u00e7\u00e3o criada por Amy!"},"content":{"rendered":"<p><!-- @font-face {   font-family: \"Verdana\"; }@font-face {   font-family: \"Cambria\"; }p.MsoNormal, li.MsoNormal, div.MsoNormal { margin: 0cm 0cm 10pt; font-size: 12pt; font-family: \"Times New Roman\"; }div.Section1 { page: Section1; } --><\/p>\n<p>Lembra que mostramos a cole\u00e7\u00e3o que Amy Winehouse lan\u00e7ou junto com a marca <a href=\"http:\/\/www.agrund.com\/amy-winehouse-lanca-linha-de-roupas\/\">Fred Perry?<\/a> H\u00e1 ainda uma linha previamente criada por Amy, que nunca foi lan\u00e7ada e pode vir a ser agora! Agora&#8230; estariam eles sendo um tanto quanto oportunistas? Bom, dizem eles que as duas outras cole\u00e7\u00f5es fizeram sucesso, e n\u00e3o h\u00e1 motivos para a terceira n\u00e3o ser lan\u00e7ada. &#8220;Tudo est\u00e1 em espera at\u00e9 n\u00f3s conversarmos com a fam\u00edlia de Amy e seus agentes.&#8221; um porta &#8211; voz da marca disse. &#8220;Brilhante, apaixonada e dedicada, com boas ideias para gama. Ela era  muito detalhista com os tecidos, estava muito envolvida. Foi um prazer\u201d revelou o gerente de marketing da marca.<\/p>\n<p><img decoding=\"async\" loading=\"lazy\" class=\"aligncenter size-full wp-image-13994\" src=\"https:\/\/i0.wp.com\/www.agrund.com\/arquivo\/notas\/files\/2011\/07\/amy.jpg?resize=472%2C353\" alt=\"\" width=\"472\" height=\"353\" data-recalc-dims=\"1\" \/><\/p>\n<p>Bom, n\u00e3o h\u00e1 d\u00favidas de que ser\u00e1 um sucesso.<\/p>\n","protected":false},"excerpt":{"rendered":"<p>Lembra que mostramos a cole\u00e7\u00e3o que Amy Winehouse lan\u00e7ou junto com a marca Fred Perry? H\u00e1 ainda uma linha previamente criada por Amy, que nunca foi lan\u00e7ada e pode vir a ser agora! Agora&#8230; estariam eles sendo um tanto quanto oportunistas? Bom, dizem eles que as duas outras cole\u00e7\u00f5es fizeram sucesso, e n\u00e3o h\u00e1 motivos [&hellip;]<\/p>\n","protected":false},"author":8,"featured_media":13994,"comment_status":"open","ping_status":"open","sticky":false,"template":"","format":"standard","meta":{"jetpack_post_was_ever_published":false,"_jetpack_newsletter_access":"","jetpack_publicize_message":"","jetpack_is_tweetstorm":false,"jetpack_publicize_feature_enabled":true,"jetpack_social_post_already_shared":false,"jetpack_social_options":{"image_generator_settings":{"template":"highway","enabled":false}}},"categories":[2],"tags":[],"jetpack_publicize_connections":[],"jetpack_featured_media_url":"","jetpack_sharing_enabled":true,"jetpack_shortlink":"https:\/\/wp.me\/p3Hz0n-3Dj","jetpack_likes_enabled":true,"_links":{"self":[{"href":"https:\/\/agrund.com\/index.php\/wp-json\/wp\/v2\/posts\/13969"}],"collection":[{"href":"https:\/\/agrund.com\/index.php\/wp-json\/wp\/v2\/posts"}],"about":[{"href":"https:\/\/agrund.com\/index.php\/wp-json\/wp\/v2\/types\/post"}],"author":[{"embeddable":true,"href":"https:\/\/agrund.com\/index.php\/wp-json\/wp\/v2\/users\/8"}],"replies":[{"embeddable":true,"href":"https:\/\/agrund.com\/index.php\/wp-json\/wp\/v2\/comments?post=13969"}],"version-history":[{"count":0,"href":"https:\/\/agrund.com\/index.php\/wp-json\/wp\/v2\/posts\/13969\/revisions"}],"wp:featuredmedia":[{"embeddable":true,"href":"https:\/\/agrund.com\/index.php\/wp-json\/"}],"wp:attachment":[{"href":"https:\/\/agrund.com\/index.php\/wp-json\/wp\/v2\/media?parent=13969"}],"wp:term":[{"taxonomy":"category","embeddable":true,"href":"https:\/\/agrund.com\/index.php\/wp-json\/wp\/v2\/categories?post=13969"},{"taxonomy":"post_tag","embeddable":true,"href":"https:\/\/agrund.com\/index.php\/wp-json\/wp\/v2\/tags?post=13969"}],"curies":[{"name":"wp","href":"https:\/\/api.w.org\/{rel}","templated":true}]}}