{"id":13896,"date":"2011-07-26T13:30:55","date_gmt":"2011-07-26T16:30:55","guid":{"rendered":"http:\/\/www.agrund.com\/blogs\/notas\/?p=13896"},"modified":"2011-07-26T13:30:55","modified_gmt":"2011-07-26T16:30:55","slug":"rj-espadrilhas-felipa","status":"publish","type":"post","link":"https:\/\/agrund.com\/index.php\/rj-espadrilhas-felipa\/","title":{"rendered":"RJ :: Espadrilhas Felipa"},"content":{"rendered":"<div style=\"text-align: right\"><strong>Por Adriana Porto<\/strong><\/div>\n<div><\/div>\n<div>Sabe  as espadrilhas, ou espadrilles, aquelas sand\u00e1lias de tecido conhecidas  aqui no Brasil tamb\u00e9m como alpargatas? Ent\u00e3o, a carioca Felipa, de  Mariana Luchi, \u00e9 especializada nesse tipo de cal\u00e7ado, que vai dominar os  p\u00e9s do ver\u00e3o 2012. A loja com ar retr\u00f4, que fica em um charmoso pr\u00e9dio  no Leblon, foi inaugurada h\u00e1 menos de 1 ano e j\u00e1 caiu no gosto das  cariocas.<\/div>\n<div>A paix\u00e3o pelo cal\u00e7ado nasceu durante  as f\u00e9rias de Mariana na It\u00e1lia e ,como estava querendo fazer algo  relacionado \u00e0 moda, resolveu investir nas sand\u00e1lias com o tradicional  solado de corda. As da Felipa s\u00e3o produzidas com solado feito na Espanha  e Bangladesh, ecolinho (tecido feito a partir de garrafas pet), algod\u00e3o  e lona. E s\u00e3o lindas.<\/div>\n<div><\/div>\n<div><img decoding=\"async\" loading=\"lazy\" class=\"size-full wp-image-13897 aligncenter\" src=\"https:\/\/i0.wp.com\/www.agrund.com\/arquivo\/notas\/files\/2011\/07\/64.jpg?resize=468%2C296\" alt=\"\" width=\"468\" height=\"296\" data-recalc-dims=\"1\" \/><\/div>\n<div><img decoding=\"async\" loading=\"lazy\" class=\"aligncenter size-full wp-image-13898\" src=\"https:\/\/i0.wp.com\/www.agrund.com\/arquivo\/notas\/files\/2011\/07\/71.jpg?resize=430%2C293\" alt=\"\" width=\"430\" height=\"293\" data-recalc-dims=\"1\" \/><img decoding=\"async\" loading=\"lazy\" class=\"aligncenter size-full wp-image-13899\" src=\"https:\/\/i0.wp.com\/www.agrund.com\/arquivo\/notas\/files\/2011\/07\/82.jpg?resize=468%2C312\" alt=\"\" width=\"468\" height=\"312\" data-recalc-dims=\"1\" \/><img decoding=\"async\" loading=\"lazy\" class=\"aligncenter size-full wp-image-13900\" src=\"https:\/\/i0.wp.com\/www.agrund.com\/arquivo\/notas\/files\/2011\/07\/91.jpg?resize=469%2C393\" alt=\"\" width=\"469\" height=\"393\" data-recalc-dims=\"1\" \/><\/div>\n<div><\/div>\n<div><strong>Felipa<\/strong><br \/>\nR. Dias Ferreira, 64\/203, Leblon, Rio de Janeiro &#8211;\u00a0 RJ.<br \/>\nTel:.<strong> <\/strong>21 3114-6408.<\/div>\n<div><span style=\"font-family: Arial,sans-serif;color: #555555;font-size: small\"><br \/>\n<\/span><\/div>\n<div><span style=\"font-family: Arial,sans-serif;color: #555555;font-size: small\"><a href=\"http:\/\/www.lojafelipa.com.br\/\" target=\"_blank\">www.lojafelipa.com.br<\/a><\/span><\/div>\n","protected":false},"excerpt":{"rendered":"<p>Por Adriana Porto Sabe as espadrilhas, ou espadrilles, aquelas sand\u00e1lias de tecido conhecidas aqui no Brasil tamb\u00e9m como alpargatas? Ent\u00e3o, a carioca Felipa, de Mariana Luchi, \u00e9 especializada nesse tipo de cal\u00e7ado, que vai dominar os p\u00e9s do ver\u00e3o 2012. A loja com ar retr\u00f4, que fica em um charmoso pr\u00e9dio no Leblon, foi inaugurada [&hellip;]<\/p>\n","protected":false},"author":8,"featured_media":13897,"comment_status":"open","ping_status":"open","sticky":false,"template":"","format":"standard","meta":{"jetpack_post_was_ever_published":false,"_jetpack_newsletter_access":"","jetpack_publicize_message":"","jetpack_is_tweetstorm":false,"jetpack_publicize_feature_enabled":true,"jetpack_social_post_already_shared":false,"jetpack_social_options":{"image_generator_settings":{"template":"highway","enabled":false}}},"categories":[2],"tags":[],"jetpack_publicize_connections":[],"jetpack_featured_media_url":"","jetpack_sharing_enabled":true,"jetpack_shortlink":"https:\/\/wp.me\/p3Hz0n-3C8","jetpack_likes_enabled":true,"_links":{"self":[{"href":"https:\/\/agrund.com\/index.php\/wp-json\/wp\/v2\/posts\/13896"}],"collection":[{"href":"https:\/\/agrund.com\/index.php\/wp-json\/wp\/v2\/posts"}],"about":[{"href":"https:\/\/agrund.com\/index.php\/wp-json\/wp\/v2\/types\/post"}],"author":[{"embeddable":true,"href":"https:\/\/agrund.com\/index.php\/wp-json\/wp\/v2\/users\/8"}],"replies":[{"embeddable":true,"href":"https:\/\/agrund.com\/index.php\/wp-json\/wp\/v2\/comments?post=13896"}],"version-history":[{"count":0,"href":"https:\/\/agrund.com\/index.php\/wp-json\/wp\/v2\/posts\/13896\/revisions"}],"wp:featuredmedia":[{"embeddable":true,"href":"https:\/\/agrund.com\/index.php\/wp-json\/"}],"wp:attachment":[{"href":"https:\/\/agrund.com\/index.php\/wp-json\/wp\/v2\/media?parent=13896"}],"wp:term":[{"taxonomy":"category","embeddable":true,"href":"https:\/\/agrund.com\/index.php\/wp-json\/wp\/v2\/categories?post=13896"},{"taxonomy":"post_tag","embeddable":true,"href":"https:\/\/agrund.com\/index.php\/wp-json\/wp\/v2\/tags?post=13896"}],"curies":[{"name":"wp","href":"https:\/\/api.w.org\/{rel}","templated":true}]}}