{"id":13833,"date":"2011-07-25T11:33:05","date_gmt":"2011-07-25T14:33:05","guid":{"rendered":"http:\/\/www.agrund.com\/blogs\/notas\/?p=13833"},"modified":"2011-07-25T11:33:05","modified_gmt":"2011-07-25T14:33:05","slug":"selena-gomez-na-capa-da-elle-mexico","status":"publish","type":"post","link":"https:\/\/agrund.com\/index.php\/selena-gomez-na-capa-da-elle-mexico\/","title":{"rendered":"Selena Gomez na capa da Elle Mexico"},"content":{"rendered":"<p>A n\u00e3o &#8211; mais &#8211; t\u00e3o &#8211; mirim &#8211; assim atriz, Selena Gomez, \u00e9 a capa da Elle mexicana de agosto. Ela est\u00e1 linda, mas como sempre aparentando pelo menos uns 5 anos a mais.&#8221;Forever Old&#8221;.\u00a0 Selena, que tem 19 anos, veste Altuzarra e Gucci.<\/p>\n<p style=\"text-align: center\"><img decoding=\"async\" loading=\"lazy\" class=\"aligncenter size-full wp-image-13834\" src=\"\/wp-content\/uploads\/2011\/07\/Selena-Gomez-Elle-Mexico.jpg\" alt=\"\" width=\"418\" height=\"545\" \/><\/p>\n","protected":false},"excerpt":{"rendered":"<p>A n\u00e3o &#8211; mais &#8211; t\u00e3o &#8211; mirim &#8211; assim atriz, Selena Gomez, \u00e9 a capa da Elle mexicana de agosto. Ela est\u00e1 linda, mas como sempre aparentando pelo menos uns 5 anos a mais.&#8221;Forever Old&#8221;.\u00a0 Selena, que tem 19 anos, veste Altuzarra e Gucci.<\/p>\n","protected":false},"author":8,"featured_media":13834,"comment_status":"open","ping_status":"open","sticky":false,"template":"","format":"standard","meta":{"jetpack_post_was_ever_published":false,"_jetpack_newsletter_access":"","jetpack_publicize_message":"","jetpack_is_tweetstorm":false,"jetpack_publicize_feature_enabled":true,"jetpack_social_post_already_shared":false,"jetpack_social_options":{"image_generator_settings":{"template":"highway","enabled":false}}},"categories":[2],"tags":[],"jetpack_publicize_connections":[],"jetpack_featured_media_url":"","jetpack_sharing_enabled":true,"jetpack_shortlink":"https:\/\/wp.me\/p3Hz0n-3B7","jetpack_likes_enabled":true,"_links":{"self":[{"href":"https:\/\/agrund.com\/index.php\/wp-json\/wp\/v2\/posts\/13833"}],"collection":[{"href":"https:\/\/agrund.com\/index.php\/wp-json\/wp\/v2\/posts"}],"about":[{"href":"https:\/\/agrund.com\/index.php\/wp-json\/wp\/v2\/types\/post"}],"author":[{"embeddable":true,"href":"https:\/\/agrund.com\/index.php\/wp-json\/wp\/v2\/users\/8"}],"replies":[{"embeddable":true,"href":"https:\/\/agrund.com\/index.php\/wp-json\/wp\/v2\/comments?post=13833"}],"version-history":[{"count":0,"href":"https:\/\/agrund.com\/index.php\/wp-json\/wp\/v2\/posts\/13833\/revisions"}],"wp:featuredmedia":[{"embeddable":true,"href":"https:\/\/agrund.com\/index.php\/wp-json\/"}],"wp:attachment":[{"href":"https:\/\/agrund.com\/index.php\/wp-json\/wp\/v2\/media?parent=13833"}],"wp:term":[{"taxonomy":"category","embeddable":true,"href":"https:\/\/agrund.com\/index.php\/wp-json\/wp\/v2\/categories?post=13833"},{"taxonomy":"post_tag","embeddable":true,"href":"https:\/\/agrund.com\/index.php\/wp-json\/wp\/v2\/tags?post=13833"}],"curies":[{"name":"wp","href":"https:\/\/api.w.org\/{rel}","templated":true}]}}