{"id":13717,"date":"2011-07-21T14:30:36","date_gmt":"2011-07-21T17:30:36","guid":{"rendered":"http:\/\/www.agrund.com\/blogs\/notas\/?p=13717"},"modified":"2011-07-21T14:30:36","modified_gmt":"2011-07-21T17:30:36","slug":"calvin-klein-e-o-bonitao-de-21-anos","status":"publish","type":"post","link":"https:\/\/agrund.com\/index.php\/calvin-klein-e-o-bonitao-de-21-anos\/","title":{"rendered":"Calvin Klein e o bonit\u00e3o de 21 anos"},"content":{"rendered":"<p>Viram quem \u00e9 o novo namorado de Clacin Klein? O bonit\u00e3o Nick Gruber, modelo, de 21 anos. T\u00e1 bom vai, nem novo, mas a gente a-m-a ver fotos deles juntos, sem medo algum dos paparazzis. Algu\u00e9m disse que Calvin Klein tava na pior? Ah bom&#8230;<\/p>\n<p><img decoding=\"async\" loading=\"lazy\" class=\"aligncenter size-full wp-image-13721\" src=\"https:\/\/i0.wp.com\/www.agrund.com\/arquivo\/notas\/files\/2011\/07\/Picture-18.png?resize=467%2C365\" alt=\"\" width=\"467\" height=\"365\" data-recalc-dims=\"1\" \/><\/p>\n","protected":false},"excerpt":{"rendered":"<p>Viram quem \u00e9 o novo namorado de Clacin Klein? O bonit\u00e3o Nick Gruber, modelo, de 21 anos. T\u00e1 bom vai, nem novo, mas a gente a-m-a ver fotos deles juntos, sem medo algum dos paparazzis. Algu\u00e9m disse que Calvin Klein tava na pior? Ah bom&#8230;<\/p>\n","protected":false},"author":8,"featured_media":13721,"comment_status":"open","ping_status":"open","sticky":false,"template":"","format":"standard","meta":{"jetpack_post_was_ever_published":false,"_jetpack_newsletter_access":"","jetpack_publicize_message":"","jetpack_is_tweetstorm":false,"jetpack_publicize_feature_enabled":true,"jetpack_social_post_already_shared":false,"jetpack_social_options":{"image_generator_settings":{"template":"highway","enabled":false}}},"categories":[2],"tags":[],"jetpack_publicize_connections":[],"jetpack_featured_media_url":"","jetpack_sharing_enabled":true,"jetpack_shortlink":"https:\/\/wp.me\/p3Hz0n-3zf","jetpack_likes_enabled":true,"_links":{"self":[{"href":"https:\/\/agrund.com\/index.php\/wp-json\/wp\/v2\/posts\/13717"}],"collection":[{"href":"https:\/\/agrund.com\/index.php\/wp-json\/wp\/v2\/posts"}],"about":[{"href":"https:\/\/agrund.com\/index.php\/wp-json\/wp\/v2\/types\/post"}],"author":[{"embeddable":true,"href":"https:\/\/agrund.com\/index.php\/wp-json\/wp\/v2\/users\/8"}],"replies":[{"embeddable":true,"href":"https:\/\/agrund.com\/index.php\/wp-json\/wp\/v2\/comments?post=13717"}],"version-history":[{"count":0,"href":"https:\/\/agrund.com\/index.php\/wp-json\/wp\/v2\/posts\/13717\/revisions"}],"wp:featuredmedia":[{"embeddable":true,"href":"https:\/\/agrund.com\/index.php\/wp-json\/"}],"wp:attachment":[{"href":"https:\/\/agrund.com\/index.php\/wp-json\/wp\/v2\/media?parent=13717"}],"wp:term":[{"taxonomy":"category","embeddable":true,"href":"https:\/\/agrund.com\/index.php\/wp-json\/wp\/v2\/categories?post=13717"},{"taxonomy":"post_tag","embeddable":true,"href":"https:\/\/agrund.com\/index.php\/wp-json\/wp\/v2\/tags?post=13717"}],"curies":[{"name":"wp","href":"https:\/\/api.w.org\/{rel}","templated":true}]}}