{"id":13475,"date":"2011-07-18T12:38:59","date_gmt":"2011-07-18T15:38:59","guid":{"rendered":"http:\/\/www.agrund.com\/blogs\/notas\/?p=13475"},"modified":"2011-07-18T12:38:59","modified_gmt":"2011-07-18T15:38:59","slug":"campanha-fendi-inverno-2011","status":"publish","type":"post","link":"https:\/\/agrund.com\/index.php\/campanha-fendi-inverno-2011\/","title":{"rendered":"Campanha :: Fendi inverno 2011"},"content":{"rendered":"<p>Karl Lagerfeld sempre arrasa. Algu\u00e9m tem d\u00favidas disso ? Para o inverno 2011, Karl colocou Anja Rubik como musa, e o modelo Brad Kroenig como artista. Baptiste Giabiconi faz o papel de pai de fam\u00edlia. A c\u00e2mera ficou na m\u00e3o do pr\u00f3prio Lagerfeld. Impec\u00e1vel!<\/p>\n<p><img decoding=\"async\" loading=\"lazy\" class=\"aligncenter size-full wp-image-13478\" src=\"\/wp-content\/uploads\/2011\/07\/fendi-fall-2011-campaign-4-600x391.jpg\" alt=\"\" width=\"470\" height=\"306\" \/><img decoding=\"async\" loading=\"lazy\" class=\"aligncenter size-full wp-image-13479\" src=\"\/wp-content\/uploads\/2011\/07\/fendi-fall-2011-campaign-10.jpg\" alt=\"\" width=\"470\" height=\"618\" \/><img decoding=\"async\" loading=\"lazy\" class=\"aligncenter size-full wp-image-13480\" src=\"https:\/\/i0.wp.com\/www.agrund.com\/arquivo\/notas\/files\/2011\/07\/fendi1.jpg?resize=470%2C307\" alt=\"\" width=\"470\" height=\"307\" data-recalc-dims=\"1\" \/><img decoding=\"async\" loading=\"lazy\" class=\"aligncenter size-full wp-image-13481\" src=\"https:\/\/i0.wp.com\/www.agrund.com\/arquivo\/notas\/files\/2011\/07\/fendi2.jpg?resize=470%2C307\" alt=\"\" width=\"470\" height=\"307\" data-recalc-dims=\"1\" \/><img decoding=\"async\" loading=\"lazy\" class=\"aligncenter size-full wp-image-13482\" src=\"https:\/\/i0.wp.com\/www.agrund.com\/arquivo\/notas\/files\/2011\/07\/fendi3.jpg?resize=470%2C307\" alt=\"\" width=\"470\" height=\"307\" data-recalc-dims=\"1\" \/><img decoding=\"async\" loading=\"lazy\" class=\"aligncenter size-full wp-image-13483\" src=\"https:\/\/i0.wp.com\/www.agrund.com\/arquivo\/notas\/files\/2011\/07\/fendi4.jpg?resize=470%2C307\" alt=\"\" width=\"470\" height=\"307\" data-recalc-dims=\"1\" \/><img decoding=\"async\" loading=\"lazy\" class=\"aligncenter size-full wp-image-13484\" src=\"https:\/\/i0.wp.com\/www.agrund.com\/arquivo\/notas\/files\/2011\/07\/fendi5.jpg?resize=470%2C307\" alt=\"\" width=\"470\" height=\"307\" data-recalc-dims=\"1\" \/><img decoding=\"async\" loading=\"lazy\" class=\"aligncenter size-full wp-image-13485\" src=\"https:\/\/i0.wp.com\/www.agrund.com\/arquivo\/notas\/files\/2011\/07\/fendi6.jpg?resize=470%2C307\" alt=\"\" width=\"470\" height=\"307\" data-recalc-dims=\"1\" \/><\/p>\n","protected":false},"excerpt":{"rendered":"<p>Karl Lagerfeld sempre arrasa. Algu\u00e9m tem d\u00favidas disso ? Para o inverno 2011, Karl colocou Anja Rubik como musa, e o modelo Brad Kroenig como artista. Baptiste Giabiconi faz o papel de pai de fam\u00edlia. A c\u00e2mera ficou na m\u00e3o do pr\u00f3prio Lagerfeld. Impec\u00e1vel!<\/p>\n","protected":false},"author":8,"featured_media":13478,"comment_status":"open","ping_status":"open","sticky":false,"template":"","format":"standard","meta":{"jetpack_post_was_ever_published":false,"_jetpack_newsletter_access":"","jetpack_publicize_message":"","jetpack_is_tweetstorm":false,"jetpack_publicize_feature_enabled":true,"jetpack_social_post_already_shared":false,"jetpack_social_options":{"image_generator_settings":{"template":"highway","enabled":false}}},"categories":[2],"tags":[],"jetpack_publicize_connections":[],"jetpack_featured_media_url":"","jetpack_sharing_enabled":true,"jetpack_shortlink":"https:\/\/wp.me\/p3Hz0n-3vl","jetpack_likes_enabled":true,"_links":{"self":[{"href":"https:\/\/agrund.com\/index.php\/wp-json\/wp\/v2\/posts\/13475"}],"collection":[{"href":"https:\/\/agrund.com\/index.php\/wp-json\/wp\/v2\/posts"}],"about":[{"href":"https:\/\/agrund.com\/index.php\/wp-json\/wp\/v2\/types\/post"}],"author":[{"embeddable":true,"href":"https:\/\/agrund.com\/index.php\/wp-json\/wp\/v2\/users\/8"}],"replies":[{"embeddable":true,"href":"https:\/\/agrund.com\/index.php\/wp-json\/wp\/v2\/comments?post=13475"}],"version-history":[{"count":0,"href":"https:\/\/agrund.com\/index.php\/wp-json\/wp\/v2\/posts\/13475\/revisions"}],"wp:featuredmedia":[{"embeddable":true,"href":"https:\/\/agrund.com\/index.php\/wp-json\/"}],"wp:attachment":[{"href":"https:\/\/agrund.com\/index.php\/wp-json\/wp\/v2\/media?parent=13475"}],"wp:term":[{"taxonomy":"category","embeddable":true,"href":"https:\/\/agrund.com\/index.php\/wp-json\/wp\/v2\/categories?post=13475"},{"taxonomy":"post_tag","embeddable":true,"href":"https:\/\/agrund.com\/index.php\/wp-json\/wp\/v2\/tags?post=13475"}],"curies":[{"name":"wp","href":"https:\/\/api.w.org\/{rel}","templated":true}]}}