{"id":13093,"date":"2011-07-08T12:48:03","date_gmt":"2011-07-08T15:48:03","guid":{"rendered":"http:\/\/www.agrund.com\/blogs\/notas\/?p=13093"},"modified":"2011-07-08T12:48:03","modified_gmt":"2011-07-08T15:48:03","slug":"a-magica-de-harry-potter","status":"publish","type":"post","link":"https:\/\/agrund.com\/index.php\/a-magica-de-harry-potter\/","title":{"rendered":"A M\u00e1gica de Harry Potter"},"content":{"rendered":"<p>E\u00a0n\u00e3o \u00e9 que na pr\u00e9 -estr\u00e9ia do \u00faltimo filme da saga de Harry Potter, o bruxinho, quase que como uma m\u00e1gica, fez at\u00e9 Helena Bonham Carter aparecer, claro, enfeitada, mas pelo menos usando um bom Marc Jacobs. E n\u00e3o podia ser diferente. Ela estrelou campanha para a marca como falamos <a href=\"http:\/\/www.agrund.com\/helena-bonham-carter-fashion\/\">aqui<\/a>!<\/p>\n<p>Veja que fofos esses bruxinhos e bruxinhas e seus looks&#8230; Daniel Radcliffe em sue terno impec\u00e1vel!<\/p>\n<p style=\"text-align: center\"><img decoding=\"async\" loading=\"lazy\" class=\"aligncenter size-full wp-image-13094\" src=\"https:\/\/i0.wp.com\/www.agrund.com\/arquivo\/notas\/files\/2011\/07\/danielradcliffe.jpg?resize=442%2C442\" alt=\"\" width=\"442\" height=\"442\" data-recalc-dims=\"1\" \/><\/p>\n<p style=\"text-align: left\">Hermione, ops, Emma Watson num Oscar de La renta, poderoso!<\/p>\n<p style=\"text-align: center\"><img decoding=\"async\" loading=\"lazy\" src=\"\/wp-content\/uploads\/2011\/07\/Emma-watson-Oscar-De-La-Renta.jpg\" alt=\"\" width=\"442\" height=\"442\" \/><\/p>\n<p style=\"text-align: left\">Bonnie Wright de Miu-Miu&#8230;<\/p>\n<p style=\"text-align: center\"><img decoding=\"async\" loading=\"lazy\" class=\"aligncenter size-full wp-image-13097\" src=\"\/wp-content\/uploads\/2011\/07\/bonnie-wright-Miu-Miu.jpg\" alt=\"\" width=\"442\" height=\"442\" \/><\/p>\n<p>Clemence Poesy de Nina Richi&#8230;<\/p>\n<p style=\"text-align: center\"><img decoding=\"async\" loading=\"lazy\" class=\"aligncenter size-full wp-image-13098\" src=\"\/wp-content\/uploads\/2011\/07\/ClemencePoesy-de-Nina-Richi.jpg\" alt=\"\" width=\"442\" height=\"442\" \/><\/p>\n<p>Helena Bonham Carter de Marc Jacobs&#8230;<\/p>\n<p style=\"text-align: center\"><img decoding=\"async\" loading=\"lazy\" class=\"aligncenter size-full wp-image-13099\" src=\"\/wp-content\/uploads\/2011\/07\/helenabonhamcarter-Marc-Jacobs1.jpg\" alt=\"\" width=\"442\" height=\"442\" \/><\/p>\n<p style=\"text-align: left\">Anna Wintour&#8230; Epa! Essa n\u00e3o \u00e9 bruxa, pelo menos na saga! Rs. Mas \u00e9 luxuosa, poderosa\u00a0e elegante.<\/p>\n<p style=\"text-align: center\"><img decoding=\"async\" loading=\"lazy\" class=\"aligncenter size-full wp-image-13100\" src=\"https:\/\/i0.wp.com\/www.agrund.com\/arquivo\/notas\/files\/2011\/07\/Anna-Wintour.jpg?resize=442%2C442\" alt=\"\" width=\"442\" height=\"442\" data-recalc-dims=\"1\" \/><\/p>\n<p>Fotos: Reprodu\u00e7\u00e3o.<\/p>\n","protected":false},"excerpt":{"rendered":"<p>E\u00a0n\u00e3o \u00e9 que na pr\u00e9 -estr\u00e9ia do \u00faltimo filme da saga de Harry Potter, o bruxinho, quase que como uma m\u00e1gica, fez at\u00e9 Helena Bonham Carter aparecer, claro, enfeitada, mas pelo menos usando um bom Marc Jacobs. E n\u00e3o podia ser diferente. Ela estrelou campanha para a marca como falamos aqui! Veja que fofos esses [&hellip;]<\/p>\n","protected":false},"author":8,"featured_media":13094,"comment_status":"open","ping_status":"open","sticky":false,"template":"","format":"standard","meta":{"jetpack_post_was_ever_published":false,"_jetpack_newsletter_access":"","jetpack_publicize_message":"","jetpack_is_tweetstorm":false,"jetpack_publicize_feature_enabled":true,"jetpack_social_post_already_shared":false,"jetpack_social_options":{"image_generator_settings":{"template":"highway","enabled":false}}},"categories":[2],"tags":[],"jetpack_publicize_connections":[],"jetpack_featured_media_url":"","jetpack_sharing_enabled":true,"jetpack_shortlink":"https:\/\/wp.me\/p3Hz0n-3pb","jetpack_likes_enabled":true,"_links":{"self":[{"href":"https:\/\/agrund.com\/index.php\/wp-json\/wp\/v2\/posts\/13093"}],"collection":[{"href":"https:\/\/agrund.com\/index.php\/wp-json\/wp\/v2\/posts"}],"about":[{"href":"https:\/\/agrund.com\/index.php\/wp-json\/wp\/v2\/types\/post"}],"author":[{"embeddable":true,"href":"https:\/\/agrund.com\/index.php\/wp-json\/wp\/v2\/users\/8"}],"replies":[{"embeddable":true,"href":"https:\/\/agrund.com\/index.php\/wp-json\/wp\/v2\/comments?post=13093"}],"version-history":[{"count":0,"href":"https:\/\/agrund.com\/index.php\/wp-json\/wp\/v2\/posts\/13093\/revisions"}],"wp:featuredmedia":[{"embeddable":true,"href":"https:\/\/agrund.com\/index.php\/wp-json\/"}],"wp:attachment":[{"href":"https:\/\/agrund.com\/index.php\/wp-json\/wp\/v2\/media?parent=13093"}],"wp:term":[{"taxonomy":"category","embeddable":true,"href":"https:\/\/agrund.com\/index.php\/wp-json\/wp\/v2\/categories?post=13093"},{"taxonomy":"post_tag","embeddable":true,"href":"https:\/\/agrund.com\/index.php\/wp-json\/wp\/v2\/tags?post=13093"}],"curies":[{"name":"wp","href":"https:\/\/api.w.org\/{rel}","templated":true}]}}