{"id":130440,"date":"2015-06-10T15:00:37","date_gmt":"2015-06-10T18:00:37","guid":{"rendered":"http:\/\/www.agrund.com\/?p=130440"},"modified":"2015-06-10T13:49:31","modified_gmt":"2015-06-10T16:49:31","slug":"terry-richardson-em-nova-campanha-da-valentino","status":"publish","type":"post","link":"https:\/\/agrund.com\/index.php\/terry-richardson-em-nova-campanha-da-valentino\/","title":{"rendered":"Terry Richardson em nova campanha da Valentino"},"content":{"rendered":"<p>Parece que a parceria entre Terry Richardson e a Valentino realmente deu certo! O fot\u00f3grafo est\u00e1 de volta em mais uma campanha da marca, que para quem n\u00e3o sabe \u00e9 estrelada pelos bra\u00e7os e pernas de Terry. N\u00e3o entendeu? \u00c9 que ele aparece segurando e usando as bolsas e sapatos da cole\u00e7\u00e3o B-Rockstud outono\/inverno 2015.<br \/>\nClaro que os cliques tamb\u00e9m s\u00e3o dele. Vem ver o resultado:<\/p>\n<div id=\"attachment_130441\" style=\"width: 570px\" class=\"wp-caption aligncenter\"><a href=\"https:\/\/i0.wp.com\/www.agrund.com\/wp-content\/uploads\/sites\/6\/2015\/06\/389746_800w.jpg\"><img aria-describedby=\"caption-attachment-130441\" data-attachment-id=\"130441\" data-permalink=\"https:\/\/agrund.com\/index.php\/terry-richardson-em-nova-campanha-da-valentino\/389746_800w\/\" data-orig-file=\"https:\/\/i0.wp.com\/agrund.com\/wp-content\/uploads\/sites\/6\/2015\/06\/389746_800w.jpg?fit=800%2C522&amp;ssl=1\" data-orig-size=\"800,522\" data-comments-opened=\"1\" data-image-meta=\"{&quot;aperture&quot;:&quot;0&quot;,&quot;credit&quot;:&quot;&quot;,&quot;camera&quot;:&quot;&quot;,&quot;caption&quot;:&quot;&quot;,&quot;created_timestamp&quot;:&quot;0&quot;,&quot;copyright&quot;:&quot;&quot;,&quot;focal_length&quot;:&quot;0&quot;,&quot;iso&quot;:&quot;0&quot;,&quot;shutter_speed&quot;:&quot;0&quot;,&quot;title&quot;:&quot;&quot;,&quot;orientation&quot;:&quot;0&quot;}\" data-image-title=\"Terry Richardson em nova campanha da Valentino\" data-image-description=\"\" data-image-caption=\"&lt;p&gt;Terry Richardson em nova campanha da Valentino   &lt;\/p&gt;\n\" data-medium-file=\"https:\/\/i0.wp.com\/agrund.com\/wp-content\/uploads\/sites\/6\/2015\/06\/389746_800w.jpg?fit=300%2C196&amp;ssl=1\" data-large-file=\"https:\/\/i0.wp.com\/agrund.com\/wp-content\/uploads\/sites\/6\/2015\/06\/389746_800w.jpg?fit=800%2C522&amp;ssl=1\" decoding=\"async\" loading=\"lazy\" class=\"wp-image-130441\" src=\"https:\/\/i0.wp.com\/www.agrund.com\/wp-content\/uploads\/sites\/6\/2015\/06\/389746_800w.jpg?resize=560%2C365\" alt=\"Terry Richardson em nova campanha da Valentino   \" width=\"560\" height=\"365\" srcset=\"https:\/\/i0.wp.com\/agrund.com\/wp-content\/uploads\/sites\/6\/2015\/06\/389746_800w.jpg?w=800&amp;ssl=1 800w, https:\/\/i0.wp.com\/agrund.com\/wp-content\/uploads\/sites\/6\/2015\/06\/389746_800w.jpg?resize=300%2C196&amp;ssl=1 300w\" sizes=\"(max-width: 560px) 100vw, 560px\" data-recalc-dims=\"1\" \/><\/a><p id=\"caption-attachment-130441\" class=\"wp-caption-text\">Terry Richardson em nova campanha da Valentino<\/p><\/div>\n<div id=\"attachment_130442\" style=\"width: 570px\" class=\"wp-caption aligncenter\"><a href=\"https:\/\/i0.wp.com\/www.agrund.com\/wp-content\/uploads\/sites\/6\/2015\/06\/389747_800w.jpg\"><img aria-describedby=\"caption-attachment-130442\" data-attachment-id=\"130442\" data-permalink=\"https:\/\/agrund.com\/index.php\/terry-richardson-em-nova-campanha-da-valentino\/389747_800w\/\" data-orig-file=\"https:\/\/i0.wp.com\/agrund.com\/wp-content\/uploads\/sites\/6\/2015\/06\/389747_800w.jpg?fit=800%2C522&amp;ssl=1\" data-orig-size=\"800,522\" data-comments-opened=\"1\" data-image-meta=\"{&quot;aperture&quot;:&quot;0&quot;,&quot;credit&quot;:&quot;&quot;,&quot;camera&quot;:&quot;&quot;,&quot;caption&quot;:&quot;&quot;,&quot;created_timestamp&quot;:&quot;0&quot;,&quot;copyright&quot;:&quot;&quot;,&quot;focal_length&quot;:&quot;0&quot;,&quot;iso&quot;:&quot;0&quot;,&quot;shutter_speed&quot;:&quot;0&quot;,&quot;title&quot;:&quot;&quot;,&quot;orientation&quot;:&quot;0&quot;}\" data-image-title=\"Terry Richardson em nova campanha da Valentino\" data-image-description=\"\" data-image-caption=\"&lt;p&gt;Terry Richardson em nova campanha da Valentino   &lt;\/p&gt;\n\" data-medium-file=\"https:\/\/i0.wp.com\/agrund.com\/wp-content\/uploads\/sites\/6\/2015\/06\/389747_800w.jpg?fit=300%2C196&amp;ssl=1\" data-large-file=\"https:\/\/i0.wp.com\/agrund.com\/wp-content\/uploads\/sites\/6\/2015\/06\/389747_800w.jpg?fit=800%2C522&amp;ssl=1\" decoding=\"async\" loading=\"lazy\" class=\"wp-image-130442\" src=\"https:\/\/i0.wp.com\/www.agrund.com\/wp-content\/uploads\/sites\/6\/2015\/06\/389747_800w.jpg?resize=560%2C365\" alt=\"Terry Richardson em nova campanha da Valentino   \" width=\"560\" height=\"365\" srcset=\"https:\/\/i0.wp.com\/agrund.com\/wp-content\/uploads\/sites\/6\/2015\/06\/389747_800w.jpg?w=800&amp;ssl=1 800w, https:\/\/i0.wp.com\/agrund.com\/wp-content\/uploads\/sites\/6\/2015\/06\/389747_800w.jpg?resize=300%2C196&amp;ssl=1 300w\" sizes=\"(max-width: 560px) 100vw, 560px\" data-recalc-dims=\"1\" \/><\/a><p id=\"caption-attachment-130442\" class=\"wp-caption-text\">Terry Richardson em nova campanha da Valentino<\/p><\/div>\n<div id=\"attachment_130443\" style=\"width: 570px\" class=\"wp-caption aligncenter\"><a href=\"https:\/\/i0.wp.com\/www.agrund.com\/wp-content\/uploads\/sites\/6\/2015\/06\/389748_800w.jpg\"><img aria-describedby=\"caption-attachment-130443\" data-attachment-id=\"130443\" data-permalink=\"https:\/\/agrund.com\/index.php\/terry-richardson-em-nova-campanha-da-valentino\/389748_800w\/\" data-orig-file=\"https:\/\/i0.wp.com\/agrund.com\/wp-content\/uploads\/sites\/6\/2015\/06\/389748_800w.jpg?fit=800%2C522&amp;ssl=1\" data-orig-size=\"800,522\" data-comments-opened=\"1\" data-image-meta=\"{&quot;aperture&quot;:&quot;0&quot;,&quot;credit&quot;:&quot;&quot;,&quot;camera&quot;:&quot;&quot;,&quot;caption&quot;:&quot;&quot;,&quot;created_timestamp&quot;:&quot;0&quot;,&quot;copyright&quot;:&quot;&quot;,&quot;focal_length&quot;:&quot;0&quot;,&quot;iso&quot;:&quot;0&quot;,&quot;shutter_speed&quot;:&quot;0&quot;,&quot;title&quot;:&quot;&quot;,&quot;orientation&quot;:&quot;0&quot;}\" data-image-title=\"Terry Richardson em nova campanha da Valentino\" data-image-description=\"\" data-image-caption=\"&lt;p&gt;Terry Richardson em nova campanha da Valentino   &lt;\/p&gt;\n\" data-medium-file=\"https:\/\/i0.wp.com\/agrund.com\/wp-content\/uploads\/sites\/6\/2015\/06\/389748_800w.jpg?fit=300%2C196&amp;ssl=1\" data-large-file=\"https:\/\/i0.wp.com\/agrund.com\/wp-content\/uploads\/sites\/6\/2015\/06\/389748_800w.jpg?fit=800%2C522&amp;ssl=1\" decoding=\"async\" loading=\"lazy\" class=\"wp-image-130443\" src=\"https:\/\/i0.wp.com\/www.agrund.com\/wp-content\/uploads\/sites\/6\/2015\/06\/389748_800w.jpg?resize=560%2C365\" alt=\"Terry Richardson em nova campanha da Valentino   \" width=\"560\" height=\"365\" srcset=\"https:\/\/i0.wp.com\/agrund.com\/wp-content\/uploads\/sites\/6\/2015\/06\/389748_800w.jpg?w=800&amp;ssl=1 800w, https:\/\/i0.wp.com\/agrund.com\/wp-content\/uploads\/sites\/6\/2015\/06\/389748_800w.jpg?resize=300%2C196&amp;ssl=1 300w\" sizes=\"(max-width: 560px) 100vw, 560px\" data-recalc-dims=\"1\" \/><\/a><p id=\"caption-attachment-130443\" class=\"wp-caption-text\">Terry Richardson em nova campanha da Valentino<\/p><\/div>\n<div id=\"attachment_130444\" style=\"width: 570px\" class=\"wp-caption aligncenter\"><a href=\"https:\/\/i0.wp.com\/www.agrund.com\/wp-content\/uploads\/sites\/6\/2015\/06\/389749_800w-785x1024.jpg\"><img aria-describedby=\"caption-attachment-130444\" data-attachment-id=\"130444\" data-permalink=\"https:\/\/agrund.com\/index.php\/terry-richardson-em-nova-campanha-da-valentino\/389749_800w-785x1024\/\" data-orig-file=\"https:\/\/i0.wp.com\/agrund.com\/wp-content\/uploads\/sites\/6\/2015\/06\/389749_800w-785x1024.jpg?fit=785%2C1024&amp;ssl=1\" data-orig-size=\"785,1024\" data-comments-opened=\"1\" data-image-meta=\"{&quot;aperture&quot;:&quot;0&quot;,&quot;credit&quot;:&quot;&quot;,&quot;camera&quot;:&quot;&quot;,&quot;caption&quot;:&quot;&quot;,&quot;created_timestamp&quot;:&quot;0&quot;,&quot;copyright&quot;:&quot;&quot;,&quot;focal_length&quot;:&quot;0&quot;,&quot;iso&quot;:&quot;0&quot;,&quot;shutter_speed&quot;:&quot;0&quot;,&quot;title&quot;:&quot;&quot;,&quot;orientation&quot;:&quot;0&quot;}\" data-image-title=\"Terry Richardson em nova campanha da Valentino\" data-image-description=\"\" data-image-caption=\"&lt;p&gt;Terry Richardson em nova campanha da Valentino   &lt;\/p&gt;\n\" data-medium-file=\"https:\/\/i0.wp.com\/agrund.com\/wp-content\/uploads\/sites\/6\/2015\/06\/389749_800w-785x1024.jpg?fit=230%2C300&amp;ssl=1\" data-large-file=\"https:\/\/i0.wp.com\/agrund.com\/wp-content\/uploads\/sites\/6\/2015\/06\/389749_800w-785x1024.jpg?fit=785%2C1024&amp;ssl=1\" decoding=\"async\" loading=\"lazy\" class=\"wp-image-130444\" src=\"https:\/\/i0.wp.com\/www.agrund.com\/wp-content\/uploads\/sites\/6\/2015\/06\/389749_800w-785x1024.jpg?resize=560%2C730\" alt=\"Terry Richardson em nova campanha da Valentino   \" width=\"560\" height=\"730\" srcset=\"https:\/\/i0.wp.com\/agrund.com\/wp-content\/uploads\/sites\/6\/2015\/06\/389749_800w-785x1024.jpg?resize=785%2C1024&amp;ssl=1 785w, https:\/\/i0.wp.com\/agrund.com\/wp-content\/uploads\/sites\/6\/2015\/06\/389749_800w-785x1024.jpg?resize=230%2C300&amp;ssl=1 230w\" sizes=\"(max-width: 560px) 100vw, 560px\" data-recalc-dims=\"1\" \/><\/a><p id=\"caption-attachment-130444\" class=\"wp-caption-text\">Terry Richardson em nova campanha da Valentino<\/p><\/div>\n<div id=\"attachment_130445\" style=\"width: 570px\" class=\"wp-caption aligncenter\"><a href=\"https:\/\/i0.wp.com\/www.agrund.com\/wp-content\/uploads\/sites\/6\/2015\/06\/389750_800w-785x1024.jpg\"><img aria-describedby=\"caption-attachment-130445\" data-attachment-id=\"130445\" data-permalink=\"https:\/\/agrund.com\/index.php\/terry-richardson-em-nova-campanha-da-valentino\/389750_800w-785x1024\/\" data-orig-file=\"https:\/\/i0.wp.com\/agrund.com\/wp-content\/uploads\/sites\/6\/2015\/06\/389750_800w-785x1024.jpg?fit=785%2C1024&amp;ssl=1\" data-orig-size=\"785,1024\" data-comments-opened=\"1\" data-image-meta=\"{&quot;aperture&quot;:&quot;0&quot;,&quot;credit&quot;:&quot;&quot;,&quot;camera&quot;:&quot;&quot;,&quot;caption&quot;:&quot;&quot;,&quot;created_timestamp&quot;:&quot;0&quot;,&quot;copyright&quot;:&quot;&quot;,&quot;focal_length&quot;:&quot;0&quot;,&quot;iso&quot;:&quot;0&quot;,&quot;shutter_speed&quot;:&quot;0&quot;,&quot;title&quot;:&quot;&quot;,&quot;orientation&quot;:&quot;0&quot;}\" data-image-title=\"Terry Richardson em nova campanha da Valentino\" data-image-description=\"\" data-image-caption=\"&lt;p&gt;Terry Richardson em nova campanha da Valentino   &lt;\/p&gt;\n\" data-medium-file=\"https:\/\/i0.wp.com\/agrund.com\/wp-content\/uploads\/sites\/6\/2015\/06\/389750_800w-785x1024.jpg?fit=230%2C300&amp;ssl=1\" data-large-file=\"https:\/\/i0.wp.com\/agrund.com\/wp-content\/uploads\/sites\/6\/2015\/06\/389750_800w-785x1024.jpg?fit=785%2C1024&amp;ssl=1\" decoding=\"async\" loading=\"lazy\" class=\"wp-image-130445\" src=\"https:\/\/i0.wp.com\/www.agrund.com\/wp-content\/uploads\/sites\/6\/2015\/06\/389750_800w-785x1024.jpg?resize=560%2C730\" alt=\"Terry Richardson em nova campanha da Valentino   \" width=\"560\" height=\"730\" srcset=\"https:\/\/i0.wp.com\/agrund.com\/wp-content\/uploads\/sites\/6\/2015\/06\/389750_800w-785x1024.jpg?resize=785%2C1024&amp;ssl=1 785w, https:\/\/i0.wp.com\/agrund.com\/wp-content\/uploads\/sites\/6\/2015\/06\/389750_800w-785x1024.jpg?resize=230%2C300&amp;ssl=1 230w\" sizes=\"(max-width: 560px) 100vw, 560px\" data-recalc-dims=\"1\" \/><\/a><p id=\"caption-attachment-130445\" class=\"wp-caption-text\">Terry Richardson em nova campanha da Valentino<\/p><\/div>\n<div id=\"attachment_130446\" style=\"width: 570px\" class=\"wp-caption aligncenter\"><a href=\"https:\/\/i0.wp.com\/www.agrund.com\/wp-content\/uploads\/sites\/6\/2015\/06\/389751_800w.jpg\"><img aria-describedby=\"caption-attachment-130446\" data-attachment-id=\"130446\" data-permalink=\"https:\/\/agrund.com\/index.php\/terry-richardson-em-nova-campanha-da-valentino\/389751_800w\/\" data-orig-file=\"https:\/\/i0.wp.com\/agrund.com\/wp-content\/uploads\/sites\/6\/2015\/06\/389751_800w.jpg?fit=800%2C522&amp;ssl=1\" data-orig-size=\"800,522\" data-comments-opened=\"1\" data-image-meta=\"{&quot;aperture&quot;:&quot;0&quot;,&quot;credit&quot;:&quot;&quot;,&quot;camera&quot;:&quot;&quot;,&quot;caption&quot;:&quot;&quot;,&quot;created_timestamp&quot;:&quot;0&quot;,&quot;copyright&quot;:&quot;&quot;,&quot;focal_length&quot;:&quot;0&quot;,&quot;iso&quot;:&quot;0&quot;,&quot;shutter_speed&quot;:&quot;0&quot;,&quot;title&quot;:&quot;&quot;,&quot;orientation&quot;:&quot;0&quot;}\" data-image-title=\"Terry Richardson em nova campanha da Valentino\" data-image-description=\"\" data-image-caption=\"&lt;p&gt;Terry Richardson em nova campanha da Valentino   &lt;\/p&gt;\n\" data-medium-file=\"https:\/\/i0.wp.com\/agrund.com\/wp-content\/uploads\/sites\/6\/2015\/06\/389751_800w.jpg?fit=300%2C196&amp;ssl=1\" data-large-file=\"https:\/\/i0.wp.com\/agrund.com\/wp-content\/uploads\/sites\/6\/2015\/06\/389751_800w.jpg?fit=800%2C522&amp;ssl=1\" decoding=\"async\" loading=\"lazy\" class=\"wp-image-130446\" src=\"https:\/\/i0.wp.com\/www.agrund.com\/wp-content\/uploads\/sites\/6\/2015\/06\/389751_800w.jpg?resize=560%2C365\" alt=\"Terry Richardson em nova campanha da Valentino   \" width=\"560\" height=\"365\" srcset=\"https:\/\/i0.wp.com\/agrund.com\/wp-content\/uploads\/sites\/6\/2015\/06\/389751_800w.jpg?w=800&amp;ssl=1 800w, https:\/\/i0.wp.com\/agrund.com\/wp-content\/uploads\/sites\/6\/2015\/06\/389751_800w.jpg?resize=300%2C196&amp;ssl=1 300w\" sizes=\"(max-width: 560px) 100vw, 560px\" data-recalc-dims=\"1\" \/><\/a><p id=\"caption-attachment-130446\" class=\"wp-caption-text\">Terry Richardson em nova campanha da Valentino<\/p><\/div>\n<p>Imagens: Reprodu\u00e7\u00e3o.<\/p>\n","protected":false},"excerpt":{"rendered":"<p>Parece que a parceria entre Terry Richardson e a Valentino realmente deu certo! O fot\u00f3grafo est\u00e1 de volta em mais uma campanha da marca, que para quem n\u00e3o sabe \u00e9 estrelada pelos bra\u00e7os e pernas de Terry. N\u00e3o entendeu? \u00c9 que ele aparece segurando e usando as bolsas e sapatos da cole\u00e7\u00e3o B-Rockstud outono\/inverno 2015. [&hellip;]<\/p>\n","protected":false},"author":8,"featured_media":130447,"comment_status":"open","ping_status":"open","sticky":false,"template":"","format":"standard","meta":{"jetpack_post_was_ever_published":false,"_jetpack_newsletter_access":"","jetpack_publicize_message":"","jetpack_is_tweetstorm":false,"jetpack_publicize_feature_enabled":true,"jetpack_social_post_already_shared":true,"jetpack_social_options":{"image_generator_settings":{"template":"highway","enabled":false}}},"categories":[2],"tags":[],"jetpack_publicize_connections":[],"jetpack_featured_media_url":"https:\/\/i0.wp.com\/agrund.com\/wp-content\/uploads\/sites\/6\/2015\/06\/slide56.jpg?fit=960%2C300&ssl=1","jetpack_sharing_enabled":true,"jetpack_shortlink":"https:\/\/wp.me\/p3Hz0n-xVS","jetpack_likes_enabled":true,"_links":{"self":[{"href":"https:\/\/agrund.com\/index.php\/wp-json\/wp\/v2\/posts\/130440"}],"collection":[{"href":"https:\/\/agrund.com\/index.php\/wp-json\/wp\/v2\/posts"}],"about":[{"href":"https:\/\/agrund.com\/index.php\/wp-json\/wp\/v2\/types\/post"}],"author":[{"embeddable":true,"href":"https:\/\/agrund.com\/index.php\/wp-json\/wp\/v2\/users\/8"}],"replies":[{"embeddable":true,"href":"https:\/\/agrund.com\/index.php\/wp-json\/wp\/v2\/comments?post=130440"}],"version-history":[{"count":0,"href":"https:\/\/agrund.com\/index.php\/wp-json\/wp\/v2\/posts\/130440\/revisions"}],"wp:featuredmedia":[{"embeddable":true,"href":"https:\/\/agrund.com\/index.php\/wp-json\/wp\/v2\/media\/130447"}],"wp:attachment":[{"href":"https:\/\/agrund.com\/index.php\/wp-json\/wp\/v2\/media?parent=130440"}],"wp:term":[{"taxonomy":"category","embeddable":true,"href":"https:\/\/agrund.com\/index.php\/wp-json\/wp\/v2\/categories?post=130440"},{"taxonomy":"post_tag","embeddable":true,"href":"https:\/\/agrund.com\/index.php\/wp-json\/wp\/v2\/tags?post=130440"}],"curies":[{"name":"wp","href":"https:\/\/api.w.org\/{rel}","templated":true}]}}