{"id":130403,"date":"2015-06-10T10:00:13","date_gmt":"2015-06-10T13:00:13","guid":{"rendered":"http:\/\/www.agrund.com\/?p=130403"},"modified":"2015-06-10T10:00:13","modified_gmt":"2015-06-10T13:00:13","slug":"estilistas-criam-capas-para-a-i-d","status":"publish","type":"post","link":"https:\/\/agrund.com\/index.php\/estilistas-criam-capas-para-a-i-d\/","title":{"rendered":"Estilistas criam capas para a &#8220;I-D&#8221;"},"content":{"rendered":"<p>Para comemorar seus 35 anos, a revista &#8220;I-D&#8221; decidiu fazer diferente e convocou importantes designers para desenvolverem as capas da nova publica\u00e7\u00e3o. As edi\u00e7\u00f5es de colecionadores foram assinadas por ningu\u00e9m menos que Karl Lagerlfed, Jeremy Scott, Alexander Wang, Raf Simons, Riccardo Tisci, Phoebe Philo e Palace.<br \/>\nNelas voc\u00ea ver\u00e1 desde colagens e desenhos at\u00e9 a pr\u00f3pria foto do estilista. Dif\u00edcil vai ser escolher apenas uma na banca.<br \/>\nConfira na galeria abaixo:<\/p>\n<div id=\"attachment_130404\" style=\"width: 560px\" class=\"wp-caption aligncenter\"><a href=\"https:\/\/i0.wp.com\/www.agrund.com\/wp-content\/uploads\/sites\/6\/2015\/06\/image.jpg\"><img aria-describedby=\"caption-attachment-130404\" data-attachment-id=\"130404\" data-permalink=\"https:\/\/agrund.com\/index.php\/estilistas-criam-capas-para-a-i-d\/image-17\/\" data-orig-file=\"https:\/\/i0.wp.com\/agrund.com\/wp-content\/uploads\/sites\/6\/2015\/06\/image.jpg?fit=1278%2C815&amp;ssl=1\" data-orig-size=\"1278,815\" data-comments-opened=\"1\" data-image-meta=\"{&quot;aperture&quot;:&quot;0&quot;,&quot;credit&quot;:&quot;&quot;,&quot;camera&quot;:&quot;&quot;,&quot;caption&quot;:&quot;&quot;,&quot;created_timestamp&quot;:&quot;0&quot;,&quot;copyright&quot;:&quot;&quot;,&quot;focal_length&quot;:&quot;0&quot;,&quot;iso&quot;:&quot;0&quot;,&quot;shutter_speed&quot;:&quot;0&quot;,&quot;title&quot;:&quot;&quot;,&quot;orientation&quot;:&quot;0&quot;}\" data-image-title=\"Estilistas criam capas para a &#8220;I-D&#8221;\" data-image-description=\"\" data-image-caption=\"&lt;p&gt;Estilistas criam capas para a &#8220;I-D&#8221;  &lt;\/p&gt;\n\" data-medium-file=\"https:\/\/i0.wp.com\/agrund.com\/wp-content\/uploads\/sites\/6\/2015\/06\/image.jpg?fit=300%2C191&amp;ssl=1\" data-large-file=\"https:\/\/i0.wp.com\/agrund.com\/wp-content\/uploads\/sites\/6\/2015\/06\/image.jpg?fit=1024%2C653&amp;ssl=1\" decoding=\"async\" loading=\"lazy\" class=\"wp-image-130404\" src=\"https:\/\/i0.wp.com\/www.agrund.com\/wp-content\/uploads\/sites\/6\/2015\/06\/image.jpg?resize=550%2C351\" alt=\"Estilistas criam capas para a &quot;I-D&quot;  \" width=\"550\" height=\"351\" srcset=\"https:\/\/i0.wp.com\/agrund.com\/wp-content\/uploads\/sites\/6\/2015\/06\/image.jpg?w=1278&amp;ssl=1 1278w, https:\/\/i0.wp.com\/agrund.com\/wp-content\/uploads\/sites\/6\/2015\/06\/image.jpg?resize=300%2C191&amp;ssl=1 300w, https:\/\/i0.wp.com\/agrund.com\/wp-content\/uploads\/sites\/6\/2015\/06\/image.jpg?resize=1024%2C653&amp;ssl=1 1024w\" sizes=\"(max-width: 550px) 100vw, 550px\" data-recalc-dims=\"1\" \/><\/a><p id=\"caption-attachment-130404\" class=\"wp-caption-text\">Estilistas criam capas para a &#8220;I-D&#8221;<\/p><\/div>\n<div id=\"attachment_130405\" style=\"width: 560px\" class=\"wp-caption aligncenter\"><a href=\"https:\/\/i0.wp.com\/www.agrund.com\/wp-content\/uploads\/sites\/6\/2015\/06\/image-1.jpg\"><img aria-describedby=\"caption-attachment-130405\" data-attachment-id=\"130405\" data-permalink=\"https:\/\/agrund.com\/index.php\/estilistas-criam-capas-para-a-i-d\/image-1-2\/\" data-orig-file=\"https:\/\/i0.wp.com\/agrund.com\/wp-content\/uploads\/sites\/6\/2015\/06\/image-1.jpg?fit=1278%2C815&amp;ssl=1\" data-orig-size=\"1278,815\" data-comments-opened=\"1\" data-image-meta=\"{&quot;aperture&quot;:&quot;0&quot;,&quot;credit&quot;:&quot;&quot;,&quot;camera&quot;:&quot;&quot;,&quot;caption&quot;:&quot;&quot;,&quot;created_timestamp&quot;:&quot;0&quot;,&quot;copyright&quot;:&quot;&quot;,&quot;focal_length&quot;:&quot;0&quot;,&quot;iso&quot;:&quot;0&quot;,&quot;shutter_speed&quot;:&quot;0&quot;,&quot;title&quot;:&quot;&quot;,&quot;orientation&quot;:&quot;0&quot;}\" data-image-title=\"Estilistas criam capas para a &#8220;I-D&#8221;\" data-image-description=\"\" data-image-caption=\"&lt;p&gt;Estilistas criam capas para a &#8220;I-D&#8221;  &lt;\/p&gt;\n\" data-medium-file=\"https:\/\/i0.wp.com\/agrund.com\/wp-content\/uploads\/sites\/6\/2015\/06\/image-1.jpg?fit=300%2C191&amp;ssl=1\" data-large-file=\"https:\/\/i0.wp.com\/agrund.com\/wp-content\/uploads\/sites\/6\/2015\/06\/image-1.jpg?fit=1024%2C653&amp;ssl=1\" decoding=\"async\" loading=\"lazy\" class=\"wp-image-130405\" src=\"https:\/\/i0.wp.com\/www.agrund.com\/wp-content\/uploads\/sites\/6\/2015\/06\/image-1.jpg?resize=550%2C351\" alt=\"Estilistas criam capas para a &quot;I-D&quot;  \" width=\"550\" height=\"351\" srcset=\"https:\/\/i0.wp.com\/agrund.com\/wp-content\/uploads\/sites\/6\/2015\/06\/image-1.jpg?w=1278&amp;ssl=1 1278w, https:\/\/i0.wp.com\/agrund.com\/wp-content\/uploads\/sites\/6\/2015\/06\/image-1.jpg?resize=300%2C191&amp;ssl=1 300w, https:\/\/i0.wp.com\/agrund.com\/wp-content\/uploads\/sites\/6\/2015\/06\/image-1.jpg?resize=1024%2C653&amp;ssl=1 1024w\" sizes=\"(max-width: 550px) 100vw, 550px\" data-recalc-dims=\"1\" \/><\/a><p id=\"caption-attachment-130405\" class=\"wp-caption-text\">Estilistas criam capas para a &#8220;I-D&#8221;<\/p><\/div>\n<div id=\"attachment_130406\" style=\"width: 560px\" class=\"wp-caption aligncenter\"><a href=\"https:\/\/i0.wp.com\/www.agrund.com\/wp-content\/uploads\/sites\/6\/2015\/06\/image-2-580x369.jpg\"><img aria-describedby=\"caption-attachment-130406\" data-attachment-id=\"130406\" data-permalink=\"https:\/\/agrund.com\/index.php\/estilistas-criam-capas-para-a-i-d\/image-2-580x369\/\" data-orig-file=\"https:\/\/i0.wp.com\/agrund.com\/wp-content\/uploads\/sites\/6\/2015\/06\/image-2-580x369.jpg?fit=580%2C369&amp;ssl=1\" data-orig-size=\"580,369\" data-comments-opened=\"1\" data-image-meta=\"{&quot;aperture&quot;:&quot;0&quot;,&quot;credit&quot;:&quot;&quot;,&quot;camera&quot;:&quot;&quot;,&quot;caption&quot;:&quot;&quot;,&quot;created_timestamp&quot;:&quot;0&quot;,&quot;copyright&quot;:&quot;&quot;,&quot;focal_length&quot;:&quot;0&quot;,&quot;iso&quot;:&quot;0&quot;,&quot;shutter_speed&quot;:&quot;0&quot;,&quot;title&quot;:&quot;&quot;,&quot;orientation&quot;:&quot;0&quot;}\" data-image-title=\"Estilistas criam capas para a &#8220;I-D&#8221;\" data-image-description=\"\" data-image-caption=\"&lt;p&gt;Estilistas criam capas para a &#8220;I-D&#8221;  &lt;\/p&gt;\n\" data-medium-file=\"https:\/\/i0.wp.com\/agrund.com\/wp-content\/uploads\/sites\/6\/2015\/06\/image-2-580x369.jpg?fit=300%2C191&amp;ssl=1\" data-large-file=\"https:\/\/i0.wp.com\/agrund.com\/wp-content\/uploads\/sites\/6\/2015\/06\/image-2-580x369.jpg?fit=580%2C369&amp;ssl=1\" decoding=\"async\" loading=\"lazy\" class=\"wp-image-130406\" src=\"https:\/\/i0.wp.com\/www.agrund.com\/wp-content\/uploads\/sites\/6\/2015\/06\/image-2-580x369.jpg?resize=550%2C350\" alt=\"Estilistas criam capas para a &quot;I-D&quot;  \" width=\"550\" height=\"350\" srcset=\"https:\/\/i0.wp.com\/agrund.com\/wp-content\/uploads\/sites\/6\/2015\/06\/image-2-580x369.jpg?resize=580%2C369&amp;ssl=1 580w, https:\/\/i0.wp.com\/agrund.com\/wp-content\/uploads\/sites\/6\/2015\/06\/image-2-580x369.jpg?resize=300%2C191&amp;ssl=1 300w\" sizes=\"(max-width: 550px) 100vw, 550px\" data-recalc-dims=\"1\" \/><\/a><p id=\"caption-attachment-130406\" class=\"wp-caption-text\">Estilistas criam capas para a &#8220;I-D&#8221;<\/p><\/div>\n<div id=\"attachment_130407\" style=\"width: 560px\" class=\"wp-caption aligncenter\"><a href=\"https:\/\/i0.wp.com\/www.agrund.com\/wp-content\/uploads\/sites\/6\/2015\/06\/image-3.jpg\"><img aria-describedby=\"caption-attachment-130407\" data-attachment-id=\"130407\" data-permalink=\"https:\/\/agrund.com\/index.php\/estilistas-criam-capas-para-a-i-d\/image-3-3\/\" data-orig-file=\"https:\/\/i0.wp.com\/agrund.com\/wp-content\/uploads\/sites\/6\/2015\/06\/image-3.jpg?fit=1278%2C815&amp;ssl=1\" data-orig-size=\"1278,815\" data-comments-opened=\"1\" data-image-meta=\"{&quot;aperture&quot;:&quot;0&quot;,&quot;credit&quot;:&quot;&quot;,&quot;camera&quot;:&quot;&quot;,&quot;caption&quot;:&quot;&quot;,&quot;created_timestamp&quot;:&quot;0&quot;,&quot;copyright&quot;:&quot;&quot;,&quot;focal_length&quot;:&quot;0&quot;,&quot;iso&quot;:&quot;0&quot;,&quot;shutter_speed&quot;:&quot;0&quot;,&quot;title&quot;:&quot;&quot;,&quot;orientation&quot;:&quot;0&quot;}\" data-image-title=\"Estilistas criam capas para a &#8220;I-D&#8221;\" data-image-description=\"\" data-image-caption=\"&lt;p&gt;Estilistas criam capas para a &#8220;I-D&#8221;  &lt;\/p&gt;\n\" data-medium-file=\"https:\/\/i0.wp.com\/agrund.com\/wp-content\/uploads\/sites\/6\/2015\/06\/image-3.jpg?fit=300%2C191&amp;ssl=1\" data-large-file=\"https:\/\/i0.wp.com\/agrund.com\/wp-content\/uploads\/sites\/6\/2015\/06\/image-3.jpg?fit=1024%2C653&amp;ssl=1\" decoding=\"async\" loading=\"lazy\" class=\"wp-image-130407\" src=\"https:\/\/i0.wp.com\/www.agrund.com\/wp-content\/uploads\/sites\/6\/2015\/06\/image-3.jpg?resize=550%2C351\" alt=\"Estilistas criam capas para a &quot;I-D&quot;  \" width=\"550\" height=\"351\" srcset=\"https:\/\/i0.wp.com\/agrund.com\/wp-content\/uploads\/sites\/6\/2015\/06\/image-3.jpg?w=1278&amp;ssl=1 1278w, https:\/\/i0.wp.com\/agrund.com\/wp-content\/uploads\/sites\/6\/2015\/06\/image-3.jpg?resize=300%2C191&amp;ssl=1 300w, https:\/\/i0.wp.com\/agrund.com\/wp-content\/uploads\/sites\/6\/2015\/06\/image-3.jpg?resize=1024%2C653&amp;ssl=1 1024w\" sizes=\"(max-width: 550px) 100vw, 550px\" data-recalc-dims=\"1\" \/><\/a><p id=\"caption-attachment-130407\" class=\"wp-caption-text\">Estilistas criam capas para a &#8220;I-D&#8221;<\/p><\/div>\n<div id=\"attachment_130408\" style=\"width: 560px\" class=\"wp-caption aligncenter\"><a href=\"https:\/\/i0.wp.com\/www.agrund.com\/wp-content\/uploads\/sites\/6\/2015\/06\/image-4.jpg\"><img aria-describedby=\"caption-attachment-130408\" data-attachment-id=\"130408\" data-permalink=\"https:\/\/agrund.com\/index.php\/estilistas-criam-capas-para-a-i-d\/image-4-3\/\" data-orig-file=\"https:\/\/i0.wp.com\/agrund.com\/wp-content\/uploads\/sites\/6\/2015\/06\/image-4.jpg?fit=1278%2C815&amp;ssl=1\" data-orig-size=\"1278,815\" data-comments-opened=\"1\" data-image-meta=\"{&quot;aperture&quot;:&quot;0&quot;,&quot;credit&quot;:&quot;&quot;,&quot;camera&quot;:&quot;&quot;,&quot;caption&quot;:&quot;&quot;,&quot;created_timestamp&quot;:&quot;0&quot;,&quot;copyright&quot;:&quot;&quot;,&quot;focal_length&quot;:&quot;0&quot;,&quot;iso&quot;:&quot;0&quot;,&quot;shutter_speed&quot;:&quot;0&quot;,&quot;title&quot;:&quot;&quot;,&quot;orientation&quot;:&quot;0&quot;}\" data-image-title=\"Estilistas criam capas para a &#8220;I-D&#8221;\" data-image-description=\"\" data-image-caption=\"&lt;p&gt;Estilistas criam capas para a &#8220;I-D&#8221;  &lt;\/p&gt;\n\" data-medium-file=\"https:\/\/i0.wp.com\/agrund.com\/wp-content\/uploads\/sites\/6\/2015\/06\/image-4.jpg?fit=300%2C191&amp;ssl=1\" data-large-file=\"https:\/\/i0.wp.com\/agrund.com\/wp-content\/uploads\/sites\/6\/2015\/06\/image-4.jpg?fit=1024%2C653&amp;ssl=1\" decoding=\"async\" loading=\"lazy\" class=\"wp-image-130408\" src=\"https:\/\/i0.wp.com\/www.agrund.com\/wp-content\/uploads\/sites\/6\/2015\/06\/image-4.jpg?resize=550%2C351\" alt=\"Estilistas criam capas para a &quot;I-D&quot;  \" width=\"550\" height=\"351\" srcset=\"https:\/\/i0.wp.com\/agrund.com\/wp-content\/uploads\/sites\/6\/2015\/06\/image-4.jpg?w=1278&amp;ssl=1 1278w, https:\/\/i0.wp.com\/agrund.com\/wp-content\/uploads\/sites\/6\/2015\/06\/image-4.jpg?resize=300%2C191&amp;ssl=1 300w, https:\/\/i0.wp.com\/agrund.com\/wp-content\/uploads\/sites\/6\/2015\/06\/image-4.jpg?resize=1024%2C653&amp;ssl=1 1024w\" sizes=\"(max-width: 550px) 100vw, 550px\" data-recalc-dims=\"1\" \/><\/a><p id=\"caption-attachment-130408\" class=\"wp-caption-text\">Estilistas criam capas para a &#8220;I-D&#8221;<\/p><\/div>\n<div id=\"attachment_130409\" style=\"width: 560px\" class=\"wp-caption aligncenter\"><a href=\"https:\/\/i0.wp.com\/www.agrund.com\/wp-content\/uploads\/sites\/6\/2015\/06\/image-5.jpg\"><img aria-describedby=\"caption-attachment-130409\" data-attachment-id=\"130409\" data-permalink=\"https:\/\/agrund.com\/index.php\/estilistas-criam-capas-para-a-i-d\/image-5-2\/\" data-orig-file=\"https:\/\/i0.wp.com\/agrund.com\/wp-content\/uploads\/sites\/6\/2015\/06\/image-5.jpg?fit=1278%2C815&amp;ssl=1\" data-orig-size=\"1278,815\" data-comments-opened=\"1\" data-image-meta=\"{&quot;aperture&quot;:&quot;0&quot;,&quot;credit&quot;:&quot;&quot;,&quot;camera&quot;:&quot;&quot;,&quot;caption&quot;:&quot;&quot;,&quot;created_timestamp&quot;:&quot;0&quot;,&quot;copyright&quot;:&quot;&quot;,&quot;focal_length&quot;:&quot;0&quot;,&quot;iso&quot;:&quot;0&quot;,&quot;shutter_speed&quot;:&quot;0&quot;,&quot;title&quot;:&quot;&quot;,&quot;orientation&quot;:&quot;0&quot;}\" data-image-title=\"Estilistas criam capas para a &#8220;I-D&#8221;\" data-image-description=\"\" data-image-caption=\"&lt;p&gt;Estilistas criam capas para a &#8220;I-D&#8221;  &lt;\/p&gt;\n\" data-medium-file=\"https:\/\/i0.wp.com\/agrund.com\/wp-content\/uploads\/sites\/6\/2015\/06\/image-5.jpg?fit=300%2C191&amp;ssl=1\" data-large-file=\"https:\/\/i0.wp.com\/agrund.com\/wp-content\/uploads\/sites\/6\/2015\/06\/image-5.jpg?fit=1024%2C653&amp;ssl=1\" decoding=\"async\" loading=\"lazy\" class=\"wp-image-130409\" src=\"https:\/\/i0.wp.com\/www.agrund.com\/wp-content\/uploads\/sites\/6\/2015\/06\/image-5.jpg?resize=550%2C351\" alt=\"Estilistas criam capas para a &quot;I-D&quot;  \" width=\"550\" height=\"351\" srcset=\"https:\/\/i0.wp.com\/agrund.com\/wp-content\/uploads\/sites\/6\/2015\/06\/image-5.jpg?w=1278&amp;ssl=1 1278w, https:\/\/i0.wp.com\/agrund.com\/wp-content\/uploads\/sites\/6\/2015\/06\/image-5.jpg?resize=300%2C191&amp;ssl=1 300w, https:\/\/i0.wp.com\/agrund.com\/wp-content\/uploads\/sites\/6\/2015\/06\/image-5.jpg?resize=1024%2C653&amp;ssl=1 1024w\" sizes=\"(max-width: 550px) 100vw, 550px\" data-recalc-dims=\"1\" \/><\/a><p id=\"caption-attachment-130409\" class=\"wp-caption-text\">Estilistas criam capas para a &#8220;I-D&#8221;<\/p><\/div>\n<div id=\"attachment_130410\" style=\"width: 560px\" class=\"wp-caption aligncenter\"><a href=\"https:\/\/i0.wp.com\/www.agrund.com\/wp-content\/uploads\/sites\/6\/2015\/06\/image-6.jpg\"><img aria-describedby=\"caption-attachment-130410\" data-attachment-id=\"130410\" data-permalink=\"https:\/\/agrund.com\/index.php\/estilistas-criam-capas-para-a-i-d\/image-6-2\/\" data-orig-file=\"https:\/\/i0.wp.com\/agrund.com\/wp-content\/uploads\/sites\/6\/2015\/06\/image-6.jpg?fit=1278%2C815&amp;ssl=1\" data-orig-size=\"1278,815\" data-comments-opened=\"1\" data-image-meta=\"{&quot;aperture&quot;:&quot;0&quot;,&quot;credit&quot;:&quot;&quot;,&quot;camera&quot;:&quot;&quot;,&quot;caption&quot;:&quot;&quot;,&quot;created_timestamp&quot;:&quot;0&quot;,&quot;copyright&quot;:&quot;&quot;,&quot;focal_length&quot;:&quot;0&quot;,&quot;iso&quot;:&quot;0&quot;,&quot;shutter_speed&quot;:&quot;0&quot;,&quot;title&quot;:&quot;&quot;,&quot;orientation&quot;:&quot;0&quot;}\" data-image-title=\"Estilistas criam capas para a &#8220;I-D&#8221;\" data-image-description=\"\" data-image-caption=\"&lt;p&gt;Estilistas criam capas para a &#8220;I-D&#8221;  &lt;\/p&gt;\n\" data-medium-file=\"https:\/\/i0.wp.com\/agrund.com\/wp-content\/uploads\/sites\/6\/2015\/06\/image-6.jpg?fit=300%2C191&amp;ssl=1\" data-large-file=\"https:\/\/i0.wp.com\/agrund.com\/wp-content\/uploads\/sites\/6\/2015\/06\/image-6.jpg?fit=1024%2C653&amp;ssl=1\" decoding=\"async\" loading=\"lazy\" class=\"wp-image-130410\" src=\"https:\/\/i0.wp.com\/www.agrund.com\/wp-content\/uploads\/sites\/6\/2015\/06\/image-6.jpg?resize=550%2C351\" alt=\"Estilistas criam capas para a &quot;I-D&quot;  \" width=\"550\" height=\"351\" srcset=\"https:\/\/i0.wp.com\/agrund.com\/wp-content\/uploads\/sites\/6\/2015\/06\/image-6.jpg?w=1278&amp;ssl=1 1278w, https:\/\/i0.wp.com\/agrund.com\/wp-content\/uploads\/sites\/6\/2015\/06\/image-6.jpg?resize=300%2C191&amp;ssl=1 300w, https:\/\/i0.wp.com\/agrund.com\/wp-content\/uploads\/sites\/6\/2015\/06\/image-6.jpg?resize=1024%2C653&amp;ssl=1 1024w\" sizes=\"(max-width: 550px) 100vw, 550px\" data-recalc-dims=\"1\" \/><\/a><p id=\"caption-attachment-130410\" class=\"wp-caption-text\">Estilistas criam capas para a &#8220;I-D&#8221;<\/p><\/div>\n<div id=\"attachment_130411\" style=\"width: 560px\" class=\"wp-caption aligncenter\"><a href=\"https:\/\/i0.wp.com\/www.agrund.com\/wp-content\/uploads\/sites\/6\/2015\/06\/image-7.jpg\"><img aria-describedby=\"caption-attachment-130411\" data-attachment-id=\"130411\" data-permalink=\"https:\/\/agrund.com\/index.php\/estilistas-criam-capas-para-a-i-d\/image-7-2\/\" data-orig-file=\"https:\/\/i0.wp.com\/agrund.com\/wp-content\/uploads\/sites\/6\/2015\/06\/image-7.jpg?fit=1278%2C815&amp;ssl=1\" data-orig-size=\"1278,815\" data-comments-opened=\"1\" data-image-meta=\"{&quot;aperture&quot;:&quot;0&quot;,&quot;credit&quot;:&quot;&quot;,&quot;camera&quot;:&quot;&quot;,&quot;caption&quot;:&quot;&quot;,&quot;created_timestamp&quot;:&quot;0&quot;,&quot;copyright&quot;:&quot;&quot;,&quot;focal_length&quot;:&quot;0&quot;,&quot;iso&quot;:&quot;0&quot;,&quot;shutter_speed&quot;:&quot;0&quot;,&quot;title&quot;:&quot;&quot;,&quot;orientation&quot;:&quot;0&quot;}\" data-image-title=\"Estilistas criam capas para a &#8220;I-D&#8221;\" data-image-description=\"\" data-image-caption=\"&lt;p&gt;Estilistas criam capas para a &#8220;I-D&#8221;  &lt;\/p&gt;\n\" data-medium-file=\"https:\/\/i0.wp.com\/agrund.com\/wp-content\/uploads\/sites\/6\/2015\/06\/image-7.jpg?fit=300%2C191&amp;ssl=1\" data-large-file=\"https:\/\/i0.wp.com\/agrund.com\/wp-content\/uploads\/sites\/6\/2015\/06\/image-7.jpg?fit=1024%2C653&amp;ssl=1\" decoding=\"async\" loading=\"lazy\" class=\"wp-image-130411\" src=\"https:\/\/i0.wp.com\/www.agrund.com\/wp-content\/uploads\/sites\/6\/2015\/06\/image-7.jpg?resize=550%2C351\" alt=\"Estilistas criam capas para a &quot;I-D&quot;  \" width=\"550\" height=\"351\" srcset=\"https:\/\/i0.wp.com\/agrund.com\/wp-content\/uploads\/sites\/6\/2015\/06\/image-7.jpg?w=1278&amp;ssl=1 1278w, https:\/\/i0.wp.com\/agrund.com\/wp-content\/uploads\/sites\/6\/2015\/06\/image-7.jpg?resize=300%2C191&amp;ssl=1 300w, https:\/\/i0.wp.com\/agrund.com\/wp-content\/uploads\/sites\/6\/2015\/06\/image-7.jpg?resize=1024%2C653&amp;ssl=1 1024w\" sizes=\"(max-width: 550px) 100vw, 550px\" data-recalc-dims=\"1\" \/><\/a><p id=\"caption-attachment-130411\" class=\"wp-caption-text\">Estilistas criam capas para a &#8220;I-D&#8221;<\/p><\/div>\n<div id=\"attachment_130412\" style=\"width: 560px\" class=\"wp-caption aligncenter\"><a href=\"https:\/\/i0.wp.com\/www.agrund.com\/wp-content\/uploads\/sites\/6\/2015\/06\/image-8.jpg\"><img aria-describedby=\"caption-attachment-130412\" data-attachment-id=\"130412\" data-permalink=\"https:\/\/agrund.com\/index.php\/estilistas-criam-capas-para-a-i-d\/image-8-2\/\" data-orig-file=\"https:\/\/i0.wp.com\/agrund.com\/wp-content\/uploads\/sites\/6\/2015\/06\/image-8.jpg?fit=1278%2C815&amp;ssl=1\" data-orig-size=\"1278,815\" data-comments-opened=\"1\" data-image-meta=\"{&quot;aperture&quot;:&quot;0&quot;,&quot;credit&quot;:&quot;&quot;,&quot;camera&quot;:&quot;&quot;,&quot;caption&quot;:&quot;&quot;,&quot;created_timestamp&quot;:&quot;0&quot;,&quot;copyright&quot;:&quot;&quot;,&quot;focal_length&quot;:&quot;0&quot;,&quot;iso&quot;:&quot;0&quot;,&quot;shutter_speed&quot;:&quot;0&quot;,&quot;title&quot;:&quot;&quot;,&quot;orientation&quot;:&quot;0&quot;}\" data-image-title=\"Estilistas criam capas para a &#8220;I-D&#8221;\" data-image-description=\"\" data-image-caption=\"&lt;p&gt;Estilistas criam capas para a &#8220;I-D&#8221;  &lt;\/p&gt;\n\" data-medium-file=\"https:\/\/i0.wp.com\/agrund.com\/wp-content\/uploads\/sites\/6\/2015\/06\/image-8.jpg?fit=300%2C191&amp;ssl=1\" data-large-file=\"https:\/\/i0.wp.com\/agrund.com\/wp-content\/uploads\/sites\/6\/2015\/06\/image-8.jpg?fit=1024%2C653&amp;ssl=1\" decoding=\"async\" loading=\"lazy\" class=\"wp-image-130412\" src=\"https:\/\/i0.wp.com\/www.agrund.com\/wp-content\/uploads\/sites\/6\/2015\/06\/image-8.jpg?resize=550%2C351\" alt=\"Estilistas criam capas para a &quot;I-D&quot;  \" width=\"550\" height=\"351\" srcset=\"https:\/\/i0.wp.com\/agrund.com\/wp-content\/uploads\/sites\/6\/2015\/06\/image-8.jpg?w=1278&amp;ssl=1 1278w, https:\/\/i0.wp.com\/agrund.com\/wp-content\/uploads\/sites\/6\/2015\/06\/image-8.jpg?resize=300%2C191&amp;ssl=1 300w, https:\/\/i0.wp.com\/agrund.com\/wp-content\/uploads\/sites\/6\/2015\/06\/image-8.jpg?resize=1024%2C653&amp;ssl=1 1024w\" sizes=\"(max-width: 550px) 100vw, 550px\" data-recalc-dims=\"1\" \/><\/a><p id=\"caption-attachment-130412\" class=\"wp-caption-text\">Estilistas criam capas para a &#8220;I-D&#8221;<\/p><\/div>\n<div id=\"attachment_130413\" style=\"width: 560px\" class=\"wp-caption aligncenter\"><a href=\"https:\/\/i0.wp.com\/www.agrund.com\/wp-content\/uploads\/sites\/6\/2015\/06\/image-9.jpg\"><img aria-describedby=\"caption-attachment-130413\" data-attachment-id=\"130413\" data-permalink=\"https:\/\/agrund.com\/index.php\/estilistas-criam-capas-para-a-i-d\/image-9-2\/\" data-orig-file=\"https:\/\/i0.wp.com\/agrund.com\/wp-content\/uploads\/sites\/6\/2015\/06\/image-9.jpg?fit=1278%2C815&amp;ssl=1\" data-orig-size=\"1278,815\" data-comments-opened=\"1\" data-image-meta=\"{&quot;aperture&quot;:&quot;0&quot;,&quot;credit&quot;:&quot;&quot;,&quot;camera&quot;:&quot;&quot;,&quot;caption&quot;:&quot;&quot;,&quot;created_timestamp&quot;:&quot;0&quot;,&quot;copyright&quot;:&quot;&quot;,&quot;focal_length&quot;:&quot;0&quot;,&quot;iso&quot;:&quot;0&quot;,&quot;shutter_speed&quot;:&quot;0&quot;,&quot;title&quot;:&quot;&quot;,&quot;orientation&quot;:&quot;0&quot;}\" data-image-title=\"Estilistas criam capas para a &#8220;I-D&#8221;\" data-image-description=\"\" data-image-caption=\"&lt;p&gt;Estilistas criam capas para a &#8220;I-D&#8221;  &lt;\/p&gt;\n\" data-medium-file=\"https:\/\/i0.wp.com\/agrund.com\/wp-content\/uploads\/sites\/6\/2015\/06\/image-9.jpg?fit=300%2C191&amp;ssl=1\" data-large-file=\"https:\/\/i0.wp.com\/agrund.com\/wp-content\/uploads\/sites\/6\/2015\/06\/image-9.jpg?fit=1024%2C653&amp;ssl=1\" decoding=\"async\" loading=\"lazy\" class=\"wp-image-130413\" src=\"https:\/\/i0.wp.com\/www.agrund.com\/wp-content\/uploads\/sites\/6\/2015\/06\/image-9.jpg?resize=550%2C351\" alt=\"Estilistas criam capas para a &quot;I-D&quot;  \" width=\"550\" height=\"351\" srcset=\"https:\/\/i0.wp.com\/agrund.com\/wp-content\/uploads\/sites\/6\/2015\/06\/image-9.jpg?w=1278&amp;ssl=1 1278w, https:\/\/i0.wp.com\/agrund.com\/wp-content\/uploads\/sites\/6\/2015\/06\/image-9.jpg?resize=300%2C191&amp;ssl=1 300w, https:\/\/i0.wp.com\/agrund.com\/wp-content\/uploads\/sites\/6\/2015\/06\/image-9.jpg?resize=1024%2C653&amp;ssl=1 1024w\" sizes=\"(max-width: 550px) 100vw, 550px\" data-recalc-dims=\"1\" \/><\/a><p id=\"caption-attachment-130413\" class=\"wp-caption-text\">Estilistas criam capas para a &#8220;I-D&#8221;<\/p><\/div>\n<div id=\"attachment_130414\" style=\"width: 560px\" class=\"wp-caption aligncenter\"><a href=\"https:\/\/i0.wp.com\/www.agrund.com\/wp-content\/uploads\/sites\/6\/2015\/06\/image-10.jpg\"><img aria-describedby=\"caption-attachment-130414\" data-attachment-id=\"130414\" data-permalink=\"https:\/\/agrund.com\/index.php\/estilistas-criam-capas-para-a-i-d\/image-10-2\/\" data-orig-file=\"https:\/\/i0.wp.com\/agrund.com\/wp-content\/uploads\/sites\/6\/2015\/06\/image-10.jpg?fit=1278%2C815&amp;ssl=1\" data-orig-size=\"1278,815\" data-comments-opened=\"1\" data-image-meta=\"{&quot;aperture&quot;:&quot;0&quot;,&quot;credit&quot;:&quot;&quot;,&quot;camera&quot;:&quot;&quot;,&quot;caption&quot;:&quot;&quot;,&quot;created_timestamp&quot;:&quot;0&quot;,&quot;copyright&quot;:&quot;&quot;,&quot;focal_length&quot;:&quot;0&quot;,&quot;iso&quot;:&quot;0&quot;,&quot;shutter_speed&quot;:&quot;0&quot;,&quot;title&quot;:&quot;&quot;,&quot;orientation&quot;:&quot;0&quot;}\" data-image-title=\"Estilistas criam capas para a &#8220;I-D&#8221;\" data-image-description=\"\" data-image-caption=\"&lt;p&gt;Estilistas criam capas para a &#8220;I-D&#8221;  &lt;\/p&gt;\n\" data-medium-file=\"https:\/\/i0.wp.com\/agrund.com\/wp-content\/uploads\/sites\/6\/2015\/06\/image-10.jpg?fit=300%2C191&amp;ssl=1\" data-large-file=\"https:\/\/i0.wp.com\/agrund.com\/wp-content\/uploads\/sites\/6\/2015\/06\/image-10.jpg?fit=1024%2C653&amp;ssl=1\" decoding=\"async\" loading=\"lazy\" class=\"wp-image-130414\" src=\"https:\/\/i0.wp.com\/www.agrund.com\/wp-content\/uploads\/sites\/6\/2015\/06\/image-10.jpg?resize=550%2C351\" alt=\"Estilistas criam capas para a &quot;I-D&quot;  \" width=\"550\" height=\"351\" srcset=\"https:\/\/i0.wp.com\/agrund.com\/wp-content\/uploads\/sites\/6\/2015\/06\/image-10.jpg?w=1278&amp;ssl=1 1278w, https:\/\/i0.wp.com\/agrund.com\/wp-content\/uploads\/sites\/6\/2015\/06\/image-10.jpg?resize=300%2C191&amp;ssl=1 300w, https:\/\/i0.wp.com\/agrund.com\/wp-content\/uploads\/sites\/6\/2015\/06\/image-10.jpg?resize=1024%2C653&amp;ssl=1 1024w\" sizes=\"(max-width: 550px) 100vw, 550px\" data-recalc-dims=\"1\" \/><\/a><p id=\"caption-attachment-130414\" class=\"wp-caption-text\">Estilistas criam capas para a &#8220;I-D&#8221;<\/p><\/div>\n<p>Imagens: Reprodu\u00e7\u00e3o.<\/p>\n","protected":false},"excerpt":{"rendered":"<p>Para comemorar seus 35 anos, a revista &#8220;I-D&#8221; decidiu fazer diferente e convocou importantes designers para desenvolverem as capas da nova publica\u00e7\u00e3o. As edi\u00e7\u00f5es de colecionadores foram assinadas por ningu\u00e9m menos que Karl Lagerlfed, Jeremy Scott, Alexander Wang, Raf Simons, Riccardo Tisci, Phoebe Philo e Palace. Nelas voc\u00ea ver\u00e1 desde colagens e desenhos at\u00e9 a [&hellip;]<\/p>\n","protected":false},"author":8,"featured_media":130415,"comment_status":"open","ping_status":"open","sticky":false,"template":"","format":"standard","meta":{"jetpack_post_was_ever_published":false,"_jetpack_newsletter_access":"","jetpack_publicize_message":"","jetpack_is_tweetstorm":false,"jetpack_publicize_feature_enabled":true,"jetpack_social_post_already_shared":true,"jetpack_social_options":{"image_generator_settings":{"template":"highway","enabled":false}}},"categories":[2],"tags":[],"jetpack_publicize_connections":[],"jetpack_featured_media_url":"https:\/\/i0.wp.com\/agrund.com\/wp-content\/uploads\/sites\/6\/2015\/06\/slide52.jpg?fit=960%2C300&ssl=1","jetpack_sharing_enabled":true,"jetpack_shortlink":"https:\/\/wp.me\/p3Hz0n-xVh","jetpack_likes_enabled":true,"_links":{"self":[{"href":"https:\/\/agrund.com\/index.php\/wp-json\/wp\/v2\/posts\/130403"}],"collection":[{"href":"https:\/\/agrund.com\/index.php\/wp-json\/wp\/v2\/posts"}],"about":[{"href":"https:\/\/agrund.com\/index.php\/wp-json\/wp\/v2\/types\/post"}],"author":[{"embeddable":true,"href":"https:\/\/agrund.com\/index.php\/wp-json\/wp\/v2\/users\/8"}],"replies":[{"embeddable":true,"href":"https:\/\/agrund.com\/index.php\/wp-json\/wp\/v2\/comments?post=130403"}],"version-history":[{"count":0,"href":"https:\/\/agrund.com\/index.php\/wp-json\/wp\/v2\/posts\/130403\/revisions"}],"wp:featuredmedia":[{"embeddable":true,"href":"https:\/\/agrund.com\/index.php\/wp-json\/wp\/v2\/media\/130415"}],"wp:attachment":[{"href":"https:\/\/agrund.com\/index.php\/wp-json\/wp\/v2\/media?parent=130403"}],"wp:term":[{"taxonomy":"category","embeddable":true,"href":"https:\/\/agrund.com\/index.php\/wp-json\/wp\/v2\/categories?post=130403"},{"taxonomy":"post_tag","embeddable":true,"href":"https:\/\/agrund.com\/index.php\/wp-json\/wp\/v2\/tags?post=130403"}],"curies":[{"name":"wp","href":"https:\/\/api.w.org\/{rel}","templated":true}]}}