{"id":130359,"date":"2015-06-09T14:00:32","date_gmt":"2015-06-09T17:00:32","guid":{"rendered":"http:\/\/www.agrund.com\/?p=130359"},"modified":"2015-06-09T13:48:38","modified_gmt":"2015-06-09T16:48:38","slug":"pippa-middleton-agora-e-estilista","status":"publish","type":"post","link":"https:\/\/agrund.com\/index.php\/pippa-middleton-agora-e-estilista\/","title":{"rendered":"Pippa Middleton agora \u00e9 estilista"},"content":{"rendered":"<p>Pippa Middleton, irm\u00e3 de Kate Middleton, decidiu se aventurar no mundo da moda. Ela mostrou seus talentos para ser estilista e desenvolveu um len\u00e7o e um vestido, em parceria com a marca Tabitha Webb.<br \/>\nAs pe\u00e7as de edi\u00e7\u00e3o limitada s\u00e3o parte de um projeto de caridade onde toda a renda recebida com a venda dos produtos ser\u00e1 doada a institui\u00e7\u00e3o British Heart Foundation.O vestido custa \u00a3 295 (cerca de R$ 1.407), o len\u00e7o \u00a3 95 (cerca deR$ 452) e se voc\u00ea quiser adquirir as pe\u00e7as e participar dessa campanha basta acessar o e-commerce da marca.<br \/>\nE a\u00ed, Pippa tem talento para a moda?<\/p>\n<div id=\"attachment_130360\" style=\"width: 560px\" class=\"wp-caption aligncenter\"><a href=\"https:\/\/i0.wp.com\/www.agrund.com\/wp-content\/uploads\/sites\/6\/2015\/06\/abre-pippa-middleton-designer.jpg\"><img aria-describedby=\"caption-attachment-130360\" data-attachment-id=\"130360\" data-permalink=\"https:\/\/agrund.com\/index.php\/pippa-middleton-agora-e-estilista\/abre-pippa-middleton-designer\/\" data-orig-file=\"https:\/\/i0.wp.com\/agrund.com\/wp-content\/uploads\/sites\/6\/2015\/06\/abre-pippa-middleton-designer.jpg?fit=641%2C821&amp;ssl=1\" data-orig-size=\"641,821\" data-comments-opened=\"1\" data-image-meta=\"{&quot;aperture&quot;:&quot;0&quot;,&quot;credit&quot;:&quot;&quot;,&quot;camera&quot;:&quot;&quot;,&quot;caption&quot;:&quot;&quot;,&quot;created_timestamp&quot;:&quot;0&quot;,&quot;copyright&quot;:&quot;&quot;,&quot;focal_length&quot;:&quot;0&quot;,&quot;iso&quot;:&quot;0&quot;,&quot;shutter_speed&quot;:&quot;0&quot;,&quot;title&quot;:&quot;&quot;,&quot;orientation&quot;:&quot;0&quot;}\" data-image-title=\"Pippa Middleton agora \u00e9 estilista\" data-image-description=\"\" data-image-caption=\"&lt;p&gt;Pippa Middleton agora \u00e9 estilista  &lt;\/p&gt;\n\" data-medium-file=\"https:\/\/i0.wp.com\/agrund.com\/wp-content\/uploads\/sites\/6\/2015\/06\/abre-pippa-middleton-designer.jpg?fit=234%2C300&amp;ssl=1\" data-large-file=\"https:\/\/i0.wp.com\/agrund.com\/wp-content\/uploads\/sites\/6\/2015\/06\/abre-pippa-middleton-designer.jpg?fit=641%2C821&amp;ssl=1\" decoding=\"async\" loading=\"lazy\" class=\"wp-image-130360\" src=\"https:\/\/i0.wp.com\/www.agrund.com\/wp-content\/uploads\/sites\/6\/2015\/06\/abre-pippa-middleton-designer.jpg?resize=550%2C704\" alt=\"Pippa Middleton agora \u00e9 estilista  \" width=\"550\" height=\"704\" srcset=\"https:\/\/i0.wp.com\/agrund.com\/wp-content\/uploads\/sites\/6\/2015\/06\/abre-pippa-middleton-designer.jpg?w=641&amp;ssl=1 641w, https:\/\/i0.wp.com\/agrund.com\/wp-content\/uploads\/sites\/6\/2015\/06\/abre-pippa-middleton-designer.jpg?resize=234%2C300&amp;ssl=1 234w\" sizes=\"(max-width: 550px) 100vw, 550px\" data-recalc-dims=\"1\" \/><\/a><p id=\"caption-attachment-130360\" class=\"wp-caption-text\">Pippa Middleton agora \u00e9 estilista<\/p><\/div>\n<div id=\"attachment_130361\" style=\"width: 560px\" class=\"wp-caption aligncenter\"><a href=\"https:\/\/i0.wp.com\/www.agrund.com\/wp-content\/uploads\/sites\/6\/2015\/06\/abre-pippa-middleton-designer-2.jpg\"><img aria-describedby=\"caption-attachment-130361\" data-attachment-id=\"130361\" data-permalink=\"https:\/\/agrund.com\/index.php\/pippa-middleton-agora-e-estilista\/abre-pippa-middleton-designer-2\/\" data-orig-file=\"https:\/\/i0.wp.com\/agrund.com\/wp-content\/uploads\/sites\/6\/2015\/06\/abre-pippa-middleton-designer-2.jpg?fit=641%2C715&amp;ssl=1\" data-orig-size=\"641,715\" data-comments-opened=\"1\" data-image-meta=\"{&quot;aperture&quot;:&quot;0&quot;,&quot;credit&quot;:&quot;&quot;,&quot;camera&quot;:&quot;&quot;,&quot;caption&quot;:&quot;&quot;,&quot;created_timestamp&quot;:&quot;0&quot;,&quot;copyright&quot;:&quot;&quot;,&quot;focal_length&quot;:&quot;0&quot;,&quot;iso&quot;:&quot;0&quot;,&quot;shutter_speed&quot;:&quot;0&quot;,&quot;title&quot;:&quot;&quot;,&quot;orientation&quot;:&quot;0&quot;}\" data-image-title=\"Pippa Middleton agora \u00e9 estilista\" data-image-description=\"\" data-image-caption=\"&lt;p&gt;Pippa Middleton agora \u00e9 estilista  &lt;\/p&gt;\n\" data-medium-file=\"https:\/\/i0.wp.com\/agrund.com\/wp-content\/uploads\/sites\/6\/2015\/06\/abre-pippa-middleton-designer-2.jpg?fit=269%2C300&amp;ssl=1\" data-large-file=\"https:\/\/i0.wp.com\/agrund.com\/wp-content\/uploads\/sites\/6\/2015\/06\/abre-pippa-middleton-designer-2.jpg?fit=641%2C715&amp;ssl=1\" decoding=\"async\" loading=\"lazy\" class=\"wp-image-130361\" src=\"https:\/\/i0.wp.com\/www.agrund.com\/wp-content\/uploads\/sites\/6\/2015\/06\/abre-pippa-middleton-designer-2.jpg?resize=550%2C613\" alt=\"Pippa Middleton agora \u00e9 estilista  \" width=\"550\" height=\"613\" srcset=\"https:\/\/i0.wp.com\/agrund.com\/wp-content\/uploads\/sites\/6\/2015\/06\/abre-pippa-middleton-designer-2.jpg?w=641&amp;ssl=1 641w, https:\/\/i0.wp.com\/agrund.com\/wp-content\/uploads\/sites\/6\/2015\/06\/abre-pippa-middleton-designer-2.jpg?resize=269%2C300&amp;ssl=1 269w\" sizes=\"(max-width: 550px) 100vw, 550px\" data-recalc-dims=\"1\" \/><\/a><p id=\"caption-attachment-130361\" class=\"wp-caption-text\">Pippa Middleton agora \u00e9 estilista<\/p><\/div>\n<p>Imagens: Reprodu\u00e7\u00e3o.<\/p>\n","protected":false},"excerpt":{"rendered":"<p>Pippa Middleton, irm\u00e3 de Kate Middleton, decidiu se aventurar no mundo da moda. Ela mostrou seus talentos para ser estilista e desenvolveu um len\u00e7o e um vestido, em parceria com a marca Tabitha Webb. As pe\u00e7as de edi\u00e7\u00e3o limitada s\u00e3o parte de um projeto de caridade onde toda a renda recebida com a venda dos [&hellip;]<\/p>\n","protected":false},"author":8,"featured_media":130363,"comment_status":"open","ping_status":"open","sticky":false,"template":"","format":"standard","meta":{"jetpack_post_was_ever_published":false,"_jetpack_newsletter_access":"","jetpack_publicize_message":"","jetpack_is_tweetstorm":false,"jetpack_publicize_feature_enabled":true,"jetpack_social_post_already_shared":true,"jetpack_social_options":{"image_generator_settings":{"template":"highway","enabled":false}}},"categories":[2],"tags":[],"jetpack_publicize_connections":[],"jetpack_featured_media_url":"https:\/\/i0.wp.com\/agrund.com\/wp-content\/uploads\/sites\/6\/2015\/06\/slide48.jpg?fit=960%2C300&ssl=1","jetpack_sharing_enabled":true,"jetpack_shortlink":"https:\/\/wp.me\/p3Hz0n-xUz","jetpack_likes_enabled":true,"_links":{"self":[{"href":"https:\/\/agrund.com\/index.php\/wp-json\/wp\/v2\/posts\/130359"}],"collection":[{"href":"https:\/\/agrund.com\/index.php\/wp-json\/wp\/v2\/posts"}],"about":[{"href":"https:\/\/agrund.com\/index.php\/wp-json\/wp\/v2\/types\/post"}],"author":[{"embeddable":true,"href":"https:\/\/agrund.com\/index.php\/wp-json\/wp\/v2\/users\/8"}],"replies":[{"embeddable":true,"href":"https:\/\/agrund.com\/index.php\/wp-json\/wp\/v2\/comments?post=130359"}],"version-history":[{"count":0,"href":"https:\/\/agrund.com\/index.php\/wp-json\/wp\/v2\/posts\/130359\/revisions"}],"wp:featuredmedia":[{"embeddable":true,"href":"https:\/\/agrund.com\/index.php\/wp-json\/wp\/v2\/media\/130363"}],"wp:attachment":[{"href":"https:\/\/agrund.com\/index.php\/wp-json\/wp\/v2\/media?parent=130359"}],"wp:term":[{"taxonomy":"category","embeddable":true,"href":"https:\/\/agrund.com\/index.php\/wp-json\/wp\/v2\/categories?post=130359"},{"taxonomy":"post_tag","embeddable":true,"href":"https:\/\/agrund.com\/index.php\/wp-json\/wp\/v2\/tags?post=130359"}],"curies":[{"name":"wp","href":"https:\/\/api.w.org\/{rel}","templated":true}]}}