{"id":130350,"date":"2015-06-09T12:00:18","date_gmt":"2015-06-09T15:00:18","guid":{"rendered":"http:\/\/www.agrund.com\/?p=130350"},"modified":"2015-06-09T12:19:38","modified_gmt":"2015-06-09T15:19:38","slug":"jose-neves-e-eleito-o-ceo-do-ano","status":"publish","type":"post","link":"https:\/\/agrund.com\/index.php\/jose-neves-e-eleito-o-ceo-do-ano\/","title":{"rendered":"Jose Neves \u00e9 eleito o CEO do ano"},"content":{"rendered":"<p>Um dos pr\u00eamios mais importantes do segmento digital e de tecnologia, 0 Digital Masters Awards, premiou recentemente o CEO da Farfetch, Jos\u00e9 Neves. Radicado em Londres, o portugu\u00eas fundou o e-commerce de moda Farfetch em 2008, na capital brit\u00e2nica. E o sucesso foi grande! Na \u00faltima rodada de investimentos, anunciada em mar\u00e7o e que captou $86 milh\u00f5es, a empresa elevou seu valor de mercado a 1 bilh\u00e3o de d\u00f3lares.<\/p>\n<p>Outras novidades recentes da empresa incluem a primeira campanha publicit\u00e1ria que ser\u00e1 veiculada nas principais publica\u00e7\u00f5es de moda do mundo; a aquisi\u00e7\u00e3o da Browns, boutique ic\u00f4nica de Londres; e os servi\u00e7os de omni channel (mescla de compras entre universo online e off-line).<\/p>\n<p>Destaque tamb\u00e9m para Andrew Robb, Chief Operating Officer do site, que tamb\u00e9m foi reconhecido na categoria Excel\u00eancia em Ger\u00eancia Geral na mesma premia\u00e7\u00e3o, por um j\u00fari composto por nomes estrelados do mercado, como Andrew Fisher, CEO do Shazam, e Eileen Naughton, Managing Director do Google UK\/Irlanda.<\/p>\n<div id=\"attachment_130351\" style=\"width: 560px\" class=\"wp-caption aligncenter\"><a href=\"https:\/\/i0.wp.com\/www.agrund.com\/wp-content\/uploads\/sites\/6\/2015\/06\/255005_509108_jose_neves___ceo_e_fundador_farfetch_credito_divulgacao.jpg\"><img aria-describedby=\"caption-attachment-130351\" data-attachment-id=\"130351\" data-permalink=\"https:\/\/agrund.com\/index.php\/jose-neves-e-eleito-o-ceo-do-ano\/255005_509108_jose_neves___ceo_e_fundador_farfetch_credito_divulgacao\/\" data-orig-file=\"https:\/\/i0.wp.com\/agrund.com\/wp-content\/uploads\/sites\/6\/2015\/06\/255005_509108_jose_neves___ceo_e_fundador_farfetch_credito_divulgacao.jpg?fit=915%2C1373&amp;ssl=1\" data-orig-size=\"915,1373\" data-comments-opened=\"1\" data-image-meta=\"{&quot;aperture&quot;:&quot;0&quot;,&quot;credit&quot;:&quot;&quot;,&quot;camera&quot;:&quot;&quot;,&quot;caption&quot;:&quot;&quot;,&quot;created_timestamp&quot;:&quot;0&quot;,&quot;copyright&quot;:&quot;&quot;,&quot;focal_length&quot;:&quot;0&quot;,&quot;iso&quot;:&quot;0&quot;,&quot;shutter_speed&quot;:&quot;0&quot;,&quot;title&quot;:&quot;&quot;,&quot;orientation&quot;:&quot;0&quot;}\" data-image-title=\"Jose Neves \u00e9 eleito o CEO do ano\" data-image-description=\"\" data-image-caption=\"&lt;p&gt;Jose Neves \u00e9 eleito o CEO do ano&lt;\/p&gt;\n\" data-medium-file=\"https:\/\/i0.wp.com\/agrund.com\/wp-content\/uploads\/sites\/6\/2015\/06\/255005_509108_jose_neves___ceo_e_fundador_farfetch_credito_divulgacao.jpg?fit=200%2C300&amp;ssl=1\" data-large-file=\"https:\/\/i0.wp.com\/agrund.com\/wp-content\/uploads\/sites\/6\/2015\/06\/255005_509108_jose_neves___ceo_e_fundador_farfetch_credito_divulgacao.jpg?fit=682%2C1024&amp;ssl=1\" decoding=\"async\" loading=\"lazy\" class=\"wp-image-130351\" src=\"https:\/\/i0.wp.com\/www.agrund.com\/wp-content\/uploads\/sites\/6\/2015\/06\/255005_509108_jose_neves___ceo_e_fundador_farfetch_credito_divulgacao.jpg?resize=550%2C825\" alt=\"Jose Neves \u00e9 eleito o CEO do ano \" width=\"550\" height=\"825\" srcset=\"https:\/\/i0.wp.com\/agrund.com\/wp-content\/uploads\/sites\/6\/2015\/06\/255005_509108_jose_neves___ceo_e_fundador_farfetch_credito_divulgacao.jpg?w=915&amp;ssl=1 915w, https:\/\/i0.wp.com\/agrund.com\/wp-content\/uploads\/sites\/6\/2015\/06\/255005_509108_jose_neves___ceo_e_fundador_farfetch_credito_divulgacao.jpg?resize=200%2C300&amp;ssl=1 200w, https:\/\/i0.wp.com\/agrund.com\/wp-content\/uploads\/sites\/6\/2015\/06\/255005_509108_jose_neves___ceo_e_fundador_farfetch_credito_divulgacao.jpg?resize=682%2C1024&amp;ssl=1 682w\" sizes=\"(max-width: 550px) 100vw, 550px\" data-recalc-dims=\"1\" \/><\/a><p id=\"caption-attachment-130351\" class=\"wp-caption-text\">Jose Neves \u00e9 eleito o CEO do ano<\/p><\/div>\n<p>Imagem: Divulga\u00e7\u00e3o.<\/p>\n","protected":false},"excerpt":{"rendered":"<p>Um dos pr\u00eamios mais importantes do segmento digital e de tecnologia, 0 Digital Masters Awards, premiou recentemente o CEO da Farfetch, Jos\u00e9 Neves. Radicado em Londres, o portugu\u00eas fundou o e-commerce de moda Farfetch em 2008, na capital brit\u00e2nica. E o sucesso foi grande! Na \u00faltima rodada de investimentos, anunciada em mar\u00e7o e que captou [&hellip;]<\/p>\n","protected":false},"author":8,"featured_media":130352,"comment_status":"open","ping_status":"open","sticky":false,"template":"","format":"standard","meta":{"jetpack_post_was_ever_published":false,"_jetpack_newsletter_access":"","jetpack_publicize_message":"","jetpack_is_tweetstorm":false,"jetpack_publicize_feature_enabled":true,"jetpack_social_post_already_shared":true,"jetpack_social_options":{"image_generator_settings":{"template":"highway","enabled":false}}},"categories":[2],"tags":[],"jetpack_publicize_connections":[],"jetpack_featured_media_url":"https:\/\/i0.wp.com\/agrund.com\/wp-content\/uploads\/sites\/6\/2015\/06\/slideceo.jpg?fit=960%2C300&ssl=1","jetpack_sharing_enabled":true,"jetpack_shortlink":"https:\/\/wp.me\/p3Hz0n-xUq","jetpack_likes_enabled":true,"_links":{"self":[{"href":"https:\/\/agrund.com\/index.php\/wp-json\/wp\/v2\/posts\/130350"}],"collection":[{"href":"https:\/\/agrund.com\/index.php\/wp-json\/wp\/v2\/posts"}],"about":[{"href":"https:\/\/agrund.com\/index.php\/wp-json\/wp\/v2\/types\/post"}],"author":[{"embeddable":true,"href":"https:\/\/agrund.com\/index.php\/wp-json\/wp\/v2\/users\/8"}],"replies":[{"embeddable":true,"href":"https:\/\/agrund.com\/index.php\/wp-json\/wp\/v2\/comments?post=130350"}],"version-history":[{"count":0,"href":"https:\/\/agrund.com\/index.php\/wp-json\/wp\/v2\/posts\/130350\/revisions"}],"wp:featuredmedia":[{"embeddable":true,"href":"https:\/\/agrund.com\/index.php\/wp-json\/wp\/v2\/media\/130352"}],"wp:attachment":[{"href":"https:\/\/agrund.com\/index.php\/wp-json\/wp\/v2\/media?parent=130350"}],"wp:term":[{"taxonomy":"category","embeddable":true,"href":"https:\/\/agrund.com\/index.php\/wp-json\/wp\/v2\/categories?post=130350"},{"taxonomy":"post_tag","embeddable":true,"href":"https:\/\/agrund.com\/index.php\/wp-json\/wp\/v2\/tags?post=130350"}],"curies":[{"name":"wp","href":"https:\/\/api.w.org\/{rel}","templated":true}]}}