{"id":130237,"date":"2015-06-05T15:00:00","date_gmt":"2015-06-05T18:00:00","guid":{"rendered":"http:\/\/www.agrund.com\/?p=130237"},"modified":"2015-06-05T12:59:42","modified_gmt":"2015-06-05T15:59:42","slug":"sky-ferreira-e-a-nova-estrela-da-jimmy-choo","status":"publish","type":"post","link":"https:\/\/agrund.com\/index.php\/sky-ferreira-e-a-nova-estrela-da-jimmy-choo\/","title":{"rendered":"Sky Ferreira \u00e9 a nova estrela da Jimmy Choo"},"content":{"rendered":"<p>Depois de aparecer no lookbook da Saint Laurent Paris (reveja <a href=\"http:\/\/www.agrund.com\/sky-ferreira-estrela-lookbook-da-saint-laurent-paris\/\" target=\"_blank\">AQUI<\/a>), agora Sky Ferreira \u00e9 o novo rosto da Jimmy Choo. A cantora estrela a campanha da nova fragr\u00e2ncia da marca, chamada &#8220;Illicit&#8221;, e no primeiro clique divulgado aparece super sexy de topless segurando um frasco de perfume gigante.<br \/>\nO lan\u00e7amento oficial est\u00e1 previsto para o m\u00eas de agosto.<\/p>\n<div id=\"attachment_130238\" style=\"width: 570px\" class=\"wp-caption aligncenter\"><a href=\"https:\/\/i0.wp.com\/www.agrund.com\/wp-content\/uploads\/sites\/6\/2015\/06\/IMG_3819.jpg\"><img aria-describedby=\"caption-attachment-130238\" data-attachment-id=\"130238\" data-permalink=\"https:\/\/agrund.com\/index.php\/sky-ferreira-e-a-nova-estrela-da-jimmy-choo\/img_3819\/\" data-orig-file=\"https:\/\/i0.wp.com\/agrund.com\/wp-content\/uploads\/sites\/6\/2015\/06\/IMG_3819.jpg?fit=620%2C374&amp;ssl=1\" data-orig-size=\"620,374\" data-comments-opened=\"1\" data-image-meta=\"{&quot;aperture&quot;:&quot;0&quot;,&quot;credit&quot;:&quot;&quot;,&quot;camera&quot;:&quot;&quot;,&quot;caption&quot;:&quot;&quot;,&quot;created_timestamp&quot;:&quot;0&quot;,&quot;copyright&quot;:&quot;&quot;,&quot;focal_length&quot;:&quot;0&quot;,&quot;iso&quot;:&quot;0&quot;,&quot;shutter_speed&quot;:&quot;0&quot;,&quot;title&quot;:&quot;&quot;,&quot;orientation&quot;:&quot;0&quot;}\" data-image-title=\"Sky Ferreira \u00e9 a nova estrela da Jimmy Choo\" data-image-description=\"\" data-image-caption=\"&lt;p&gt;Sky Ferreira \u00e9 a nova estrela da Jimmy Choo  &lt;\/p&gt;\n\" data-medium-file=\"https:\/\/i0.wp.com\/agrund.com\/wp-content\/uploads\/sites\/6\/2015\/06\/IMG_3819.jpg?fit=300%2C181&amp;ssl=1\" data-large-file=\"https:\/\/i0.wp.com\/agrund.com\/wp-content\/uploads\/sites\/6\/2015\/06\/IMG_3819.jpg?fit=620%2C374&amp;ssl=1\" decoding=\"async\" loading=\"lazy\" class=\"wp-image-130238\" src=\"https:\/\/i0.wp.com\/www.agrund.com\/wp-content\/uploads\/sites\/6\/2015\/06\/IMG_3819.jpg?resize=560%2C338\" alt=\"Sky Ferreira \u00e9 a nova estrela da Jimmy Choo  \" width=\"560\" height=\"338\" srcset=\"https:\/\/i0.wp.com\/agrund.com\/wp-content\/uploads\/sites\/6\/2015\/06\/IMG_3819.jpg?w=620&amp;ssl=1 620w, https:\/\/i0.wp.com\/agrund.com\/wp-content\/uploads\/sites\/6\/2015\/06\/IMG_3819.jpg?resize=300%2C181&amp;ssl=1 300w\" sizes=\"(max-width: 560px) 100vw, 560px\" data-recalc-dims=\"1\" \/><\/a><p id=\"caption-attachment-130238\" class=\"wp-caption-text\">Sky Ferreira \u00e9 a nova estrela da Jimmy Choo<\/p><\/div>\n<p>Imagem: Reprodu\u00e7\u00e3o.<\/p>\n","protected":false},"excerpt":{"rendered":"<p>Depois de aparecer no lookbook da Saint Laurent Paris (reveja AQUI), agora Sky Ferreira \u00e9 o novo rosto da Jimmy Choo. A cantora estrela a campanha da nova fragr\u00e2ncia da marca, chamada &#8220;Illicit&#8221;, e no primeiro clique divulgado aparece super sexy de topless segurando um frasco de perfume gigante. O lan\u00e7amento oficial est\u00e1 previsto para [&hellip;]<\/p>\n","protected":false},"author":8,"featured_media":130239,"comment_status":"open","ping_status":"open","sticky":false,"template":"","format":"standard","meta":{"jetpack_post_was_ever_published":false,"_jetpack_newsletter_access":"","jetpack_publicize_message":"","jetpack_is_tweetstorm":false,"jetpack_publicize_feature_enabled":true,"jetpack_social_post_already_shared":true,"jetpack_social_options":{"image_generator_settings":{"template":"highway","enabled":false}}},"categories":[2],"tags":[],"jetpack_publicize_connections":[],"jetpack_featured_media_url":"https:\/\/i0.wp.com\/agrund.com\/wp-content\/uploads\/sites\/6\/2015\/06\/slide36.jpg?fit=960%2C300&ssl=1","jetpack_sharing_enabled":true,"jetpack_shortlink":"https:\/\/wp.me\/p3Hz0n-xSB","jetpack_likes_enabled":true,"_links":{"self":[{"href":"https:\/\/agrund.com\/index.php\/wp-json\/wp\/v2\/posts\/130237"}],"collection":[{"href":"https:\/\/agrund.com\/index.php\/wp-json\/wp\/v2\/posts"}],"about":[{"href":"https:\/\/agrund.com\/index.php\/wp-json\/wp\/v2\/types\/post"}],"author":[{"embeddable":true,"href":"https:\/\/agrund.com\/index.php\/wp-json\/wp\/v2\/users\/8"}],"replies":[{"embeddable":true,"href":"https:\/\/agrund.com\/index.php\/wp-json\/wp\/v2\/comments?post=130237"}],"version-history":[{"count":0,"href":"https:\/\/agrund.com\/index.php\/wp-json\/wp\/v2\/posts\/130237\/revisions"}],"wp:featuredmedia":[{"embeddable":true,"href":"https:\/\/agrund.com\/index.php\/wp-json\/wp\/v2\/media\/130239"}],"wp:attachment":[{"href":"https:\/\/agrund.com\/index.php\/wp-json\/wp\/v2\/media?parent=130237"}],"wp:term":[{"taxonomy":"category","embeddable":true,"href":"https:\/\/agrund.com\/index.php\/wp-json\/wp\/v2\/categories?post=130237"},{"taxonomy":"post_tag","embeddable":true,"href":"https:\/\/agrund.com\/index.php\/wp-json\/wp\/v2\/tags?post=130237"}],"curies":[{"name":"wp","href":"https:\/\/api.w.org\/{rel}","templated":true}]}}