{"id":130232,"date":"2015-06-05T14:00:09","date_gmt":"2015-06-05T17:00:09","guid":{"rendered":"http:\/\/www.agrund.com\/?p=130232"},"modified":"2015-06-05T12:52:01","modified_gmt":"2015-06-05T15:52:01","slug":"campanha-carol-trentini-para-versace","status":"publish","type":"post","link":"https:\/\/agrund.com\/index.php\/campanha-carol-trentini-para-versace\/","title":{"rendered":"Campanha :: Carol Trentini para Versace"},"content":{"rendered":"<p>Foram divulgadas as imagens da nova campanha da Versace. E mais uma vez a brasileira Carol Trentini vai estampar an\u00fancios pelo mundo. Sua beleza, junto com duas tops, foi registrada pela dupla de fot\u00f3grafos fashionistas Mert &amp; Marcus. Sem muito papo, olha s\u00f3 Trentini mostrando porque \u00e9 uma das modelos mais requisitadas no mundo da moda fashion e comercial.<\/p>\n<div id=\"attachment_130233\" style=\"width: 570px\" class=\"wp-caption aligncenter\"><a href=\"https:\/\/i0.wp.com\/www.agrund.com\/wp-content\/uploads\/sites\/6\/2015\/06\/versace1.png\"><img aria-describedby=\"caption-attachment-130233\" data-attachment-id=\"130233\" data-permalink=\"https:\/\/agrund.com\/index.php\/campanha-carol-trentini-para-versace\/versace1\/\" data-orig-file=\"https:\/\/i0.wp.com\/agrund.com\/wp-content\/uploads\/sites\/6\/2015\/06\/versace1.png?fit=616%2C410&amp;ssl=1\" data-orig-size=\"616,410\" data-comments-opened=\"1\" data-image-meta=\"{&quot;aperture&quot;:&quot;0&quot;,&quot;credit&quot;:&quot;&quot;,&quot;camera&quot;:&quot;&quot;,&quot;caption&quot;:&quot;&quot;,&quot;created_timestamp&quot;:&quot;0&quot;,&quot;copyright&quot;:&quot;&quot;,&quot;focal_length&quot;:&quot;0&quot;,&quot;iso&quot;:&quot;0&quot;,&quot;shutter_speed&quot;:&quot;0&quot;,&quot;title&quot;:&quot;&quot;,&quot;orientation&quot;:&quot;0&quot;}\" data-image-title=\"Campanha :: Carol Trentini para Versace\" data-image-description=\"\" data-image-caption=\"&lt;p&gt;Campanha :: Carol Trentini para Versace  &lt;\/p&gt;\n\" data-medium-file=\"https:\/\/i0.wp.com\/agrund.com\/wp-content\/uploads\/sites\/6\/2015\/06\/versace1.png?fit=300%2C200&amp;ssl=1\" data-large-file=\"https:\/\/i0.wp.com\/agrund.com\/wp-content\/uploads\/sites\/6\/2015\/06\/versace1.png?fit=616%2C410&amp;ssl=1\" decoding=\"async\" loading=\"lazy\" class=\"wp-image-130233\" src=\"https:\/\/i0.wp.com\/www.agrund.com\/wp-content\/uploads\/sites\/6\/2015\/06\/versace1.png?resize=560%2C373\" alt=\"Campanha :: Carol Trentini para Versace  \" width=\"560\" height=\"373\" srcset=\"https:\/\/i0.wp.com\/agrund.com\/wp-content\/uploads\/sites\/6\/2015\/06\/versace1.png?w=616&amp;ssl=1 616w, https:\/\/i0.wp.com\/agrund.com\/wp-content\/uploads\/sites\/6\/2015\/06\/versace1.png?resize=300%2C200&amp;ssl=1 300w\" sizes=\"(max-width: 560px) 100vw, 560px\" data-recalc-dims=\"1\" \/><\/a><p id=\"caption-attachment-130233\" class=\"wp-caption-text\">Campanha :: Carol Trentini para Versace<\/p><\/div>\n<div id=\"attachment_130234\" style=\"width: 570px\" class=\"wp-caption aligncenter\"><a href=\"https:\/\/i0.wp.com\/www.agrund.com\/wp-content\/uploads\/sites\/6\/2015\/06\/versace2.jpg\"><img aria-describedby=\"caption-attachment-130234\" data-attachment-id=\"130234\" data-permalink=\"https:\/\/agrund.com\/index.php\/campanha-carol-trentini-para-versace\/versace2\/\" data-orig-file=\"https:\/\/i0.wp.com\/agrund.com\/wp-content\/uploads\/sites\/6\/2015\/06\/versace2.jpg?fit=620%2C414&amp;ssl=1\" data-orig-size=\"620,414\" data-comments-opened=\"1\" data-image-meta=\"{&quot;aperture&quot;:&quot;0&quot;,&quot;credit&quot;:&quot;&quot;,&quot;camera&quot;:&quot;&quot;,&quot;caption&quot;:&quot;&quot;,&quot;created_timestamp&quot;:&quot;0&quot;,&quot;copyright&quot;:&quot;&quot;,&quot;focal_length&quot;:&quot;0&quot;,&quot;iso&quot;:&quot;0&quot;,&quot;shutter_speed&quot;:&quot;0&quot;,&quot;title&quot;:&quot;&quot;,&quot;orientation&quot;:&quot;0&quot;}\" data-image-title=\"Campanha :: Carol Trentini para Versace\" data-image-description=\"\" data-image-caption=\"&lt;p&gt;Campanha :: Carol Trentini para Versace  &lt;\/p&gt;\n\" data-medium-file=\"https:\/\/i0.wp.com\/agrund.com\/wp-content\/uploads\/sites\/6\/2015\/06\/versace2.jpg?fit=300%2C200&amp;ssl=1\" data-large-file=\"https:\/\/i0.wp.com\/agrund.com\/wp-content\/uploads\/sites\/6\/2015\/06\/versace2.jpg?fit=620%2C414&amp;ssl=1\" decoding=\"async\" loading=\"lazy\" class=\"wp-image-130234\" src=\"https:\/\/i0.wp.com\/www.agrund.com\/wp-content\/uploads\/sites\/6\/2015\/06\/versace2.jpg?resize=560%2C374\" alt=\"Campanha :: Carol Trentini para Versace  \" width=\"560\" height=\"374\" srcset=\"https:\/\/i0.wp.com\/agrund.com\/wp-content\/uploads\/sites\/6\/2015\/06\/versace2.jpg?w=620&amp;ssl=1 620w, https:\/\/i0.wp.com\/agrund.com\/wp-content\/uploads\/sites\/6\/2015\/06\/versace2.jpg?resize=300%2C200&amp;ssl=1 300w\" sizes=\"(max-width: 560px) 100vw, 560px\" data-recalc-dims=\"1\" \/><\/a><p id=\"caption-attachment-130234\" class=\"wp-caption-text\">Campanha :: Carol Trentini para Versace<\/p><\/div>\n<p>Imagens: Reprodu\u00e7\u00e3o.<\/p>\n","protected":false},"excerpt":{"rendered":"<p>Foram divulgadas as imagens da nova campanha da Versace. E mais uma vez a brasileira Carol Trentini vai estampar an\u00fancios pelo mundo. Sua beleza, junto com duas tops, foi registrada pela dupla de fot\u00f3grafos fashionistas Mert &amp; Marcus. Sem muito papo, olha s\u00f3 Trentini mostrando porque \u00e9 uma das modelos mais requisitadas no mundo da [&hellip;]<\/p>\n","protected":false},"author":8,"featured_media":130235,"comment_status":"open","ping_status":"open","sticky":false,"template":"","format":"standard","meta":{"jetpack_post_was_ever_published":false,"_jetpack_newsletter_access":"","jetpack_publicize_message":"","jetpack_is_tweetstorm":false,"jetpack_publicize_feature_enabled":true,"jetpack_social_post_already_shared":true,"jetpack_social_options":{"image_generator_settings":{"template":"highway","enabled":false}}},"categories":[2],"tags":[],"jetpack_publicize_connections":[],"jetpack_featured_media_url":"https:\/\/i0.wp.com\/agrund.com\/wp-content\/uploads\/sites\/6\/2015\/06\/slide35.jpg?fit=960%2C300&ssl=1","jetpack_sharing_enabled":true,"jetpack_shortlink":"https:\/\/wp.me\/p3Hz0n-xSw","jetpack_likes_enabled":true,"_links":{"self":[{"href":"https:\/\/agrund.com\/index.php\/wp-json\/wp\/v2\/posts\/130232"}],"collection":[{"href":"https:\/\/agrund.com\/index.php\/wp-json\/wp\/v2\/posts"}],"about":[{"href":"https:\/\/agrund.com\/index.php\/wp-json\/wp\/v2\/types\/post"}],"author":[{"embeddable":true,"href":"https:\/\/agrund.com\/index.php\/wp-json\/wp\/v2\/users\/8"}],"replies":[{"embeddable":true,"href":"https:\/\/agrund.com\/index.php\/wp-json\/wp\/v2\/comments?post=130232"}],"version-history":[{"count":0,"href":"https:\/\/agrund.com\/index.php\/wp-json\/wp\/v2\/posts\/130232\/revisions"}],"wp:featuredmedia":[{"embeddable":true,"href":"https:\/\/agrund.com\/index.php\/wp-json\/wp\/v2\/media\/130235"}],"wp:attachment":[{"href":"https:\/\/agrund.com\/index.php\/wp-json\/wp\/v2\/media?parent=130232"}],"wp:term":[{"taxonomy":"category","embeddable":true,"href":"https:\/\/agrund.com\/index.php\/wp-json\/wp\/v2\/categories?post=130232"},{"taxonomy":"post_tag","embeddable":true,"href":"https:\/\/agrund.com\/index.php\/wp-json\/wp\/v2\/tags?post=130232"}],"curies":[{"name":"wp","href":"https:\/\/api.w.org\/{rel}","templated":true}]}}